{"id":46,"date":"2017-10-11T14:24:41","date_gmt":"2017-10-11T17:24:41","guid":{"rendered":"https:\/\/blogs.correiobraziliense.com.br\/trilhasonora\/?p=46"},"modified":"2017-12-07T10:59:20","modified_gmt":"2017-12-07T12:59:20","slug":"legiao-vive","status":"publish","type":"post","link":"https:\/\/blogs.correiobraziliense.com.br\/trilhasonora\/legiao-vive\/","title":{"rendered":"Legi\u00e3o vive: Banda re\u00fane mais de 100 mil pessoas no Green Move"},"content":{"rendered":"<h3>Com Andr\u00e9 Frateschi como vocalista acompanhado de Dado Villa-Lobos e Marcelo Bonf\u00e1, Legi\u00e3o re\u00fane o maior p\u00fablico de sua hist\u00f3ria em show<\/h3>\n<p>O maior p\u00fablico reunido pela Legi\u00e3o em Bras\u00edlia foi de 50 mil pessoas, no hist\u00f3rico e tumultuado show de 18 de junho, no antigo Est\u00e1dio Man\u00e9 Garrincha (Eixo Monumental). Ao se apresentarem na \u00e1rea externa do Museu da Rep\u00fablica, no Festival Green Move, os ex-legion\u00e1rios Dado Villa-Lobos e Marcelo Bonf\u00e1, acompanhados por banda, que tinha o ator e cantor Andr\u00e9 Frateschi como vocalista, foram reverenciados por uma multid\u00e3o superior a 100 mil pessoas.<\/p>\n<p>Obviamente que esse n\u00famero impressionou, mas o que chamou tamb\u00e9m a aten\u00e7\u00e3o foi a paix\u00e3o do brasiliense pelo legado da Legi\u00e3o. Eram pessoas das mais diversas faixas et\u00e1rias &#8212; de adolescentes a quarent\u00f5es &#8212; fazendo coro para praticamente todas as m\u00fasicas do repert\u00f3rio, inclusive <em>Faroeste caboclo<\/em> que tem uma letra gigantesca e de dif\u00edcil memoriza\u00e7\u00e3o.<\/p>\n<p>Imagino que um memorial dedicado a Renato Russo, caso fosse criado &#8212; o que existe na 508 Sul \u00e9 apenas um arremedo &#8212; se transformaria num dos locais mais visitados da capital, inclusive por turistas, f\u00e3s do l\u00edder do criador e l\u00edder da mais importante banda da hist\u00f3ria do rock nacional.<\/p>\n<div id='gallery-1' class='gallery galleryid-46 gallery-columns-3 gallery-size-full'><figure class='gallery-item'>\n\t\t\t<div class='gallery-icon landscape'>\n\t\t\t\t<a href='https:\/\/blogs.correiobraziliense.com.br\/trilhasonora\/legiao-vive\/cbpfot091020170731\/'><img loading=\"lazy\" decoding=\"async\" width=\"1113\" height=\"650\" src=\"https:\/\/blogs.correiobraziliense.com.br\/trilhasonora\/wp-content\/uploads\/sites\/39\/2017\/10\/CBPFOT091020170731.jpg\" class=\"attachment-full size-full\" alt=\"\" aria-describedby=\"gallery-1-48\" srcset=\"https:\/\/blogs.correiobraziliense.com.br\/trilhasonora\/wp-content\/uploads\/sites\/39\/2017\/10\/CBPFOT091020170731.jpg 1113w, https:\/\/blogs.correiobraziliense.com.br\/trilhasonora\/wp-content\/uploads\/sites\/39\/2017\/10\/CBPFOT091020170731-300x175.jpg 300w, https:\/\/blogs.correiobraziliense.com.br\/trilhasonora\/wp-content\/uploads\/sites\/39\/2017\/10\/CBPFOT091020170731-768x449.jpg 768w, https:\/\/blogs.correiobraziliense.com.br\/trilhasonora\/wp-content\/uploads\/sites\/39\/2017\/10\/CBPFOT091020170731-1024x598.jpg 1024w, https:\/\/blogs.correiobraziliense.com.br\/trilhasonora\/wp-content\/uploads\/sites\/39\/2017\/10\/CBPFOT091020170731-550x321.jpg 550w, https:\/\/blogs.correiobraziliense.com.br\/trilhasonora\/wp-content\/uploads\/sites\/39\/2017\/10\/CBPFOT091020170731-230x134.jpg 230w\" sizes=\"auto, (max-width: 1113px) 100vw, 1113px\" \/><\/a>\n\t\t\t<\/div>\n\t\t\t\t<figcaption class='wp-caption-text gallery-caption' id='gallery-1-48'>\n\t\t\t\t08\/10\/2017. Cr\u00e9dito: Ed Alves\/CB\/D.A. Press. Brasil. Bras\u00edlia &#8211; DF. Green Move Festival leva 200 mil pessoas ao Museu da Rep\u00fablica. Show do Legi\u00e3o Urbana com o baixista Dado Villa-Lobos, o baterista Marcelo Bonf\u00e1 e Andr\u00e9 Frateschi (vocal).\n\t\t\t\t<\/figcaption><\/figure><figure class='gallery-item'>\n\t\t\t<div class='gallery-icon landscape'>\n\t\t\t\t<a href='https:\/\/blogs.correiobraziliense.com.br\/trilhasonora\/legiao-vive\/cbpfot091020170717\/'><img loading=\"lazy\" decoding=\"async\" width=\"1010\" height=\"650\" src=\"https:\/\/blogs.correiobraziliense.com.br\/trilhasonora\/wp-content\/uploads\/sites\/39\/2017\/10\/CBPFOT091020170717.jpg\" class=\"attachment-full size-full\" alt=\"\" aria-describedby=\"gallery-1-49\" srcset=\"https:\/\/blogs.correiobraziliense.com.br\/trilhasonora\/wp-content\/uploads\/sites\/39\/2017\/10\/CBPFOT091020170717.jpg 1010w, https:\/\/blogs.correiobraziliense.com.br\/trilhasonora\/wp-content\/uploads\/sites\/39\/2017\/10\/CBPFOT091020170717-300x193.jpg 300w, https:\/\/blogs.correiobraziliense.com.br\/trilhasonora\/wp-content\/uploads\/sites\/39\/2017\/10\/CBPFOT091020170717-768x494.jpg 768w, https:\/\/blogs.correiobraziliense.com.br\/trilhasonora\/wp-content\/uploads\/sites\/39\/2017\/10\/CBPFOT091020170717-550x354.jpg 550w, https:\/\/blogs.correiobraziliense.com.br\/trilhasonora\/wp-content\/uploads\/sites\/39\/2017\/10\/CBPFOT091020170717-230x148.jpg 230w\" sizes=\"auto, (max-width: 1010px) 100vw, 1010px\" \/><\/a>\n\t\t\t<\/div>\n\t\t\t\t<figcaption class='wp-caption-text gallery-caption' id='gallery-1-49'>\n\t\t\t\t08\/10\/2017. Cr\u00e9dito: Ed Alves\/CB\/D.A. Press. Brasil. Bras\u00edlia &#8211; DF. Green Move Festival leva 200 mil pessoas ao Museu da Rep\u00fablica. Show do Legi\u00e3o Urbana com o baixista Dado Villa-Lobos, o baterista Marcelo Bonf\u00e1 e Andr\u00e9 Frateschi (vocal).\n\t\t\t\t<\/figcaption><\/figure><figure class='gallery-item'>\n\t\t\t<div class='gallery-icon landscape'>\n\t\t\t\t<a href='https:\/\/blogs.correiobraziliense.com.br\/trilhasonora\/legiao-vive\/cbpfot091020170707\/'><img loading=\"lazy\" decoding=\"async\" width=\"1035\" height=\"650\" src=\"https:\/\/blogs.correiobraziliense.com.br\/trilhasonora\/wp-content\/uploads\/sites\/39\/2017\/10\/CBPFOT091020170707.jpg\" class=\"attachment-full size-full\" alt=\"\" aria-describedby=\"gallery-1-50\" srcset=\"https:\/\/blogs.correiobraziliense.com.br\/trilhasonora\/wp-content\/uploads\/sites\/39\/2017\/10\/CBPFOT091020170707.jpg 1035w, https:\/\/blogs.correiobraziliense.com.br\/trilhasonora\/wp-content\/uploads\/sites\/39\/2017\/10\/CBPFOT091020170707-300x188.jpg 300w, https:\/\/blogs.correiobraziliense.com.br\/trilhasonora\/wp-content\/uploads\/sites\/39\/2017\/10\/CBPFOT091020170707-768x482.jpg 768w, https:\/\/blogs.correiobraziliense.com.br\/trilhasonora\/wp-content\/uploads\/sites\/39\/2017\/10\/CBPFOT091020170707-1024x643.jpg 1024w, https:\/\/blogs.correiobraziliense.com.br\/trilhasonora\/wp-content\/uploads\/sites\/39\/2017\/10\/CBPFOT091020170707-550x345.jpg 550w, https:\/\/blogs.correiobraziliense.com.br\/trilhasonora\/wp-content\/uploads\/sites\/39\/2017\/10\/CBPFOT091020170707-230x144.jpg 230w\" sizes=\"auto, (max-width: 1035px) 100vw, 1035px\" \/><\/a>\n\t\t\t<\/div>\n\t\t\t\t<figcaption class='wp-caption-text gallery-caption' id='gallery-1-50'>\n\t\t\t\t08\/10\/2017. Cr\u00e9dito: Ed Alves\/CB\/D.A. Press. Brasil. Bras\u00edlia &#8211; DF. Green Move Festival leva 200 mil pessoas ao Museu da Rep\u00fablica. Show do Legi\u00e3o Urbana com o baixista Dado Villa-Lobos, o baterista Marcelo Bonf\u00e1 e Andr\u00e9 Frateschi (vocal).\n\t\t\t\t<\/figcaption><\/figure><figure class='gallery-item'>\n\t\t\t<div class='gallery-icon landscape'>\n\t\t\t\t<a href='https:\/\/blogs.correiobraziliense.com.br\/trilhasonora\/legiao-vive\/cbpfot091020170694\/'><img loading=\"lazy\" decoding=\"async\" width=\"959\" height=\"650\" src=\"https:\/\/blogs.correiobraziliense.com.br\/trilhasonora\/wp-content\/uploads\/sites\/39\/2017\/10\/CBPFOT091020170694.jpg\" class=\"attachment-full size-full\" alt=\"\" aria-describedby=\"gallery-1-51\" srcset=\"https:\/\/blogs.correiobraziliense.com.br\/trilhasonora\/wp-content\/uploads\/sites\/39\/2017\/10\/CBPFOT091020170694.jpg 959w, https:\/\/blogs.correiobraziliense.com.br\/trilhasonora\/wp-content\/uploads\/sites\/39\/2017\/10\/CBPFOT091020170694-300x203.jpg 300w, https:\/\/blogs.correiobraziliense.com.br\/trilhasonora\/wp-content\/uploads\/sites\/39\/2017\/10\/CBPFOT091020170694-768x521.jpg 768w, https:\/\/blogs.correiobraziliense.com.br\/trilhasonora\/wp-content\/uploads\/sites\/39\/2017\/10\/CBPFOT091020170694-550x373.jpg 550w, https:\/\/blogs.correiobraziliense.com.br\/trilhasonora\/wp-content\/uploads\/sites\/39\/2017\/10\/CBPFOT091020170694-230x156.jpg 230w\" sizes=\"auto, (max-width: 959px) 100vw, 959px\" \/><\/a>\n\t\t\t<\/div>\n\t\t\t\t<figcaption class='wp-caption-text gallery-caption' id='gallery-1-51'>\n\t\t\t\t08\/10\/2017. Cr\u00e9dito: Ed Alves\/CB\/D.A. Press. Brasil. Bras\u00edlia &#8211; DF. Green Move Festival leva 200 mil pessoas ao Museu da Rep\u00fablica. Show do Legi\u00e3o Urbana com o baixista Dado Villa-Lobos, o baterista Marcelo Bonf\u00e1 e Andr\u00e9 Frateschi (vocal).\n\t\t\t\t<\/figcaption><\/figure><figure class='gallery-item'>\n\t\t\t<div class='gallery-icon landscape'>\n\t\t\t\t<a href='https:\/\/blogs.correiobraziliense.com.br\/trilhasonora\/legiao-vive\/cbpfot091020170688\/'><img loading=\"lazy\" decoding=\"async\" width=\"1016\" height=\"650\" src=\"https:\/\/blogs.correiobraziliense.com.br\/trilhasonora\/wp-content\/uploads\/sites\/39\/2017\/10\/CBPFOT091020170688.jpg\" class=\"attachment-full size-full\" alt=\"\" aria-describedby=\"gallery-1-52\" srcset=\"https:\/\/blogs.correiobraziliense.com.br\/trilhasonora\/wp-content\/uploads\/sites\/39\/2017\/10\/CBPFOT091020170688.jpg 1016w, https:\/\/blogs.correiobraziliense.com.br\/trilhasonora\/wp-content\/uploads\/sites\/39\/2017\/10\/CBPFOT091020170688-300x192.jpg 300w, https:\/\/blogs.correiobraziliense.com.br\/trilhasonora\/wp-content\/uploads\/sites\/39\/2017\/10\/CBPFOT091020170688-768x491.jpg 768w, https:\/\/blogs.correiobraziliense.com.br\/trilhasonora\/wp-content\/uploads\/sites\/39\/2017\/10\/CBPFOT091020170688-550x352.jpg 550w, https:\/\/blogs.correiobraziliense.com.br\/trilhasonora\/wp-content\/uploads\/sites\/39\/2017\/10\/CBPFOT091020170688-230x147.jpg 230w\" sizes=\"auto, (max-width: 1016px) 100vw, 1016px\" \/><\/a>\n\t\t\t<\/div>\n\t\t\t\t<figcaption class='wp-caption-text gallery-caption' id='gallery-1-52'>\n\t\t\t\t08\/10\/2017. Cr\u00e9dito: Ed Alves\/CB\/D.A. Press. Brasil. Bras\u00edlia &#8211; DF. Green Move Festival leva 200 mil pessoas ao Museu da Rep\u00fablica. Show do Legi\u00e3o Urbana com o baixista Dado Villa-Lobos, o baterista Marcelo Bonf\u00e1 e Andr\u00e9 Frateschi (vocal).\n\t\t\t\t<\/figcaption><\/figure><figure class='gallery-item'>\n\t\t\t<div class='gallery-icon landscape'>\n\t\t\t\t<a href='https:\/\/blogs.correiobraziliense.com.br\/trilhasonora\/legiao-vive\/cbpfot091020170683\/'><img loading=\"lazy\" decoding=\"async\" width=\"1011\" height=\"650\" src=\"https:\/\/blogs.correiobraziliense.com.br\/trilhasonora\/wp-content\/uploads\/sites\/39\/2017\/10\/CBPFOT091020170683.jpg\" class=\"attachment-full size-full\" alt=\"\" aria-describedby=\"gallery-1-53\" srcset=\"https:\/\/blogs.correiobraziliense.com.br\/trilhasonora\/wp-content\/uploads\/sites\/39\/2017\/10\/CBPFOT091020170683.jpg 1011w, https:\/\/blogs.correiobraziliense.com.br\/trilhasonora\/wp-content\/uploads\/sites\/39\/2017\/10\/CBPFOT091020170683-300x193.jpg 300w, https:\/\/blogs.correiobraziliense.com.br\/trilhasonora\/wp-content\/uploads\/sites\/39\/2017\/10\/CBPFOT091020170683-768x494.jpg 768w, https:\/\/blogs.correiobraziliense.com.br\/trilhasonora\/wp-content\/uploads\/sites\/39\/2017\/10\/CBPFOT091020170683-550x354.jpg 550w, https:\/\/blogs.correiobraziliense.com.br\/trilhasonora\/wp-content\/uploads\/sites\/39\/2017\/10\/CBPFOT091020170683-230x148.jpg 230w\" sizes=\"auto, (max-width: 1011px) 100vw, 1011px\" \/><\/a>\n\t\t\t<\/div>\n\t\t\t\t<figcaption class='wp-caption-text gallery-caption' id='gallery-1-53'>\n\t\t\t\t08\/10\/2017. Cr\u00e9dito: Ed Alves\/CB\/D.A. Press. Brasil. Bras\u00edlia &#8211; DF. Green Move Festival leva 200 mil pessoas ao Museu da Rep\u00fablica. Show do Legi\u00e3o Urbana com o baixista Dado Villa-Lobos, o baterista Marcelo Bonf\u00e1 e Andr\u00e9 Frateschi (vocal).\n\t\t\t\t<\/figcaption><\/figure>\n\t\t<\/div>\n\n","protected":false},"excerpt":{"rendered":"<p>Com Andr\u00e9 Frateschi como vocalista acompanhado de Dado Villa-Lobos e Marcelo Bonf\u00e1, Legi\u00e3o Urbana re\u00fane o maior p\u00fablico de sua hist\u00f3ria em show<\/p>\n","protected":false},"author":84,"featured_media":47,"comment_status":"open","ping_status":"open","sticky":false,"template":"","format":"standard","meta":{"footnotes":""},"categories":[2],"tags":[22,20,21],"class_list":["post-46","post","type-post","status-publish","format-standard","has-post-thumbnail","hentry","category-musica","tag-green-move-festival","tag-legiao-urbana","tag-show"],"_links":{"self":[{"href":"https:\/\/blogs.correiobraziliense.com.br\/trilhasonora\/wp-json\/wp\/v2\/posts\/46","targetHints":{"allow":["GET"]}}],"collection":[{"href":"https:\/\/blogs.correiobraziliense.com.br\/trilhasonora\/wp-json\/wp\/v2\/posts"}],"about":[{"href":"https:\/\/blogs.correiobraziliense.com.br\/trilhasonora\/wp-json\/wp\/v2\/types\/post"}],"author":[{"embeddable":true,"href":"https:\/\/blogs.correiobraziliense.com.br\/trilhasonora\/wp-json\/wp\/v2\/users\/84"}],"replies":[{"embeddable":true,"href":"https:\/\/blogs.correiobraziliense.com.br\/trilhasonora\/wp-json\/wp\/v2\/comments?post=46"}],"version-history":[{"count":2,"href":"https:\/\/blogs.correiobraziliense.com.br\/trilhasonora\/wp-json\/wp\/v2\/posts\/46\/revisions"}],"predecessor-version":[{"id":56,"href":"https:\/\/blogs.correiobraziliense.com.br\/trilhasonora\/wp-json\/wp\/v2\/posts\/46\/revisions\/56"}],"wp:featuredmedia":[{"embeddable":true,"href":"https:\/\/blogs.correiobraziliense.com.br\/trilhasonora\/wp-json\/wp\/v2\/media\/47"}],"wp:attachment":[{"href":"https:\/\/blogs.correiobraziliense.com.br\/trilhasonora\/wp-json\/wp\/v2\/media?parent=46"}],"wp:term":[{"taxonomy":"category","embeddable":true,"href":"https:\/\/blogs.correiobraziliense.com.br\/trilhasonora\/wp-json\/wp\/v2\/categories?post=46"},{"taxonomy":"post_tag","embeddable":true,"href":"https:\/\/blogs.correiobraziliense.com.br\/trilhasonora\/wp-json\/wp\/v2\/tags?post=46"}],"curies":[{"name":"wp","href":"https:\/\/api.w.org\/{rel}","templated":true}]}}