{"id":435,"date":"2018-07-21T12:36:14","date_gmt":"2018-07-21T15:36:14","guid":{"rendered":"https:\/\/blogs.correiobraziliense.com.br\/trilhasonora\/?p=435"},"modified":"2018-07-21T12:38:20","modified_gmt":"2018-07-21T15:38:20","slug":"gilberto-gil-ok-ok-ok","status":"publish","type":"post","link":"https:\/\/blogs.correiobraziliense.com.br\/trilhasonora\/gilberto-gil-ok-ok-ok\/","title":{"rendered":"Em novo single, Gilberto Gil manda &#8220;papo reto&#8221; sobre a &#8220;vil situa\u00e7\u00e3o&#8217;. Ou\u00e7a &#8220;OK OK OK&#8221;"},"content":{"rendered":"<h3>O cantor e compositor baiano Gilberto Gil fala sobre a cobran\u00e7a por um posicionamento diante da situa\u00e7\u00e3o atual do pa\u00eds na can\u00e7\u00e3o <em>OK OK OK<\/em>.<\/h3>\n<p>Gilberto Gil est\u00e1 na Europa onde cumpre turn\u00ea &#8212; iniciada em Londres no dia 25 de junho &#8212; at\u00e9 o final deste m\u00eas, com o show comemorativo dos 40 anos do cl\u00e1ssico <em>Refavela<\/em>. Enquanto isso, lan\u00e7ou nas plataformas digitais o clipe de <em>OK OK OK<\/em>, primeiro single do novo \u00e1lbum do cantor e compositor baiano.<\/p>\n<p><iframe loading=\"lazy\" title=\"OK OK OK | Gilberto Gil | OK OK OK (2018)\" width=\"1440\" height=\"810\" src=\"https:\/\/www.youtube.com\/embed\/V6kTUpRoRHQ?start=20&amp;feature=oembed\" frameborder=\"0\" allow=\"accelerometer; autoplay; clipboard-write; encrypted-media; gyroscope; picture-in-picture; web-share\" referrerpolicy=\"strict-origin-when-cross-origin\" allowfullscreen><\/iframe><\/p>\n<p>O CD, com 12 can\u00e7\u00f5es in\u00e9ditas, produzido pelo filho Bem Gil, chega \u00e0s lojas digitais e f\u00edsicas\u00a0em 17 de agosto. &#8220;Recebi uma liga\u00e7\u00e3o de minha m\u00e3e dizendo: &#8216;Filho, seu pai comp\u00f4s algumas m\u00fasicas e quer lhe mostrar. Horas depois nos encontramos em seu est\u00fadio onde ele apresentou uma s\u00e9rie de sete can\u00e7\u00f5es feitas num intervalo de 10 dias&#8221;, conta Bem.<\/p>\n<p>Na letra da m\u00fasica que gerou o clipe de <em>OK OK OK<\/em> , o eterno tropicalista, com seu jeito zen de ser, manda um &#8220;papo reto&#8217; sobre a recorrente cobran\u00e7a sobre o seu posicionamento em rela\u00e7\u00e3o \u00e0 situa\u00e7\u00e3o vivida pelo pa\u00eds (e pelo mundo) atualmente. No segundo verso, enf\u00e1tico, Gil diz: &#8220;Pen\u00faria, f\u00faria,clamor, desencanto\/ Substantivos duros de roer\/Enquanto os ratos roem o poder\/ Os cora\u00e7\u00f5es da multid\u00e3o aos prantos&#8221;.<\/p>\n<h2>Letra da m\u00fasica <em>OK OK OK<\/em><br \/>\n(Gilberto Gil)<\/h2>\n<p>OK, OK, OK, OK, OK, OK<br \/>\nJ\u00e1 sei que querem a minha opini\u00e3o<br \/>\nUm papo reto sobre o que eu pensei<br \/>\nComo interpreto a tal, a vil situa\u00e7\u00e3o<\/p>\n<p>Pen\u00faria, f\u00faria, clamor, desencanto<br \/>\nSubstantivos duros de roer<br \/>\nEnquanto os ratos roem o poder<br \/>\nOs cora\u00e7\u00f5es da multid\u00e3o aos prantos<\/p>\n<p>Alguns sugerem que eu saia no grito<br \/>\nOutros que eu me quede quieto e mudo<br \/>\nE eis que algu\u00e9m me pede \u201cencarne o mito\u201d<br \/>\n\u201cSeja nosso her\u00f3i\u201d, \u201cresolva tudo\u201d<\/p>\n<p>Dos tantos que me preferem calado<br \/>\nPoucos deles falam em meu favor<br \/>\nA maior parte adere ao coro irado<br \/>\nDos que me ferem com \u00f3dio e terror<\/p>\n<p>J\u00e1 para os que me querem mais ativo<br \/>\nMais solid\u00e1rio com o sofrer do pobre<br \/>\nEspero que minha alma seja nobre<br \/>\nO suficiente enquanto eu estiver vivo<\/p>\n<p>OK, OK, OK, OK, OK, OK<br \/>\nAinda querem a minha opini\u00e3o<br \/>\nUm papo reto sobre o que eu pensei<br \/>\nComo interpreto a tal, a vil situa\u00e7\u00e3o<\/p>\n<p>Que o nobre, nobre mesmo, amava os seus<br \/>\nPrezava mais o zelo e a compaix\u00e3o<br \/>\nTratava seu vassalo com afei\u00e7\u00e3o<br \/>\nA mesma que pelo c\u00e3o e o cavalo<\/p>\n<p>Ent\u00e3o n\u00e3o falo, m\u00fasico e poeta,<br \/>\nMe calo sobre as certezas e os fins<br \/>\nMeu papo reto sai sobre patins<br \/>\nA deslizar sobre os alvos e as metas<\/p>\n<p>OK, OK, OK, OK, OK, OK<br \/>\nSei que n\u00e3o dei nenhuma opini\u00e3o<br \/>\n\u00c9 que eu pensei, pensei, pensei, pensei<br \/>\nPalavras dizem sim, os fatos dizem n\u00e3o<\/p>\n<h2>Canais Gilberto Gil:<\/h2>\n<p>Facebook: <a href=\"http:\/\/fb.com\/gilbertogiloficial\">fb.com\/gilbertogiloficial<\/a><br \/>\nInstagram: <a href=\"http:\/\/instagram.com\/gilbertogil\">instagram.com\/gilbertogil<\/a><br \/>\nTwitter: <a href=\"http:\/\/twitter.com\/gilbertogil\">twitter.com\/gilbertogil<\/a><\/p>\n","protected":false},"excerpt":{"rendered":"<p>O cantor e compositor baiano Gilberto Gil fala sobre a cobran\u00e7a por um posicionamento diante da situa\u00e7\u00e3o atual do pa\u00eds na can\u00e7\u00e3o OK OK OK.<\/p>\n","protected":false},"author":84,"featured_media":436,"comment_status":"open","ping_status":"open","sticky":false,"template":"","format":"standard","meta":{"footnotes":""},"categories":[2],"tags":[118,54,78],"class_list":["post-435","post","type-post","status-publish","format-standard","has-post-thumbnail","hentry","category-musica","tag-gilberto-gil","tag-lancamento","tag-single"],"_links":{"self":[{"href":"https:\/\/blogs.correiobraziliense.com.br\/trilhasonora\/wp-json\/wp\/v2\/posts\/435","targetHints":{"allow":["GET"]}}],"collection":[{"href":"https:\/\/blogs.correiobraziliense.com.br\/trilhasonora\/wp-json\/wp\/v2\/posts"}],"about":[{"href":"https:\/\/blogs.correiobraziliense.com.br\/trilhasonora\/wp-json\/wp\/v2\/types\/post"}],"author":[{"embeddable":true,"href":"https:\/\/blogs.correiobraziliense.com.br\/trilhasonora\/wp-json\/wp\/v2\/users\/84"}],"replies":[{"embeddable":true,"href":"https:\/\/blogs.correiobraziliense.com.br\/trilhasonora\/wp-json\/wp\/v2\/comments?post=435"}],"version-history":[{"count":3,"href":"https:\/\/blogs.correiobraziliense.com.br\/trilhasonora\/wp-json\/wp\/v2\/posts\/435\/revisions"}],"predecessor-version":[{"id":439,"href":"https:\/\/blogs.correiobraziliense.com.br\/trilhasonora\/wp-json\/wp\/v2\/posts\/435\/revisions\/439"}],"wp:featuredmedia":[{"embeddable":true,"href":"https:\/\/blogs.correiobraziliense.com.br\/trilhasonora\/wp-json\/wp\/v2\/media\/436"}],"wp:attachment":[{"href":"https:\/\/blogs.correiobraziliense.com.br\/trilhasonora\/wp-json\/wp\/v2\/media?parent=435"}],"wp:term":[{"taxonomy":"category","embeddable":true,"href":"https:\/\/blogs.correiobraziliense.com.br\/trilhasonora\/wp-json\/wp\/v2\/categories?post=435"},{"taxonomy":"post_tag","embeddable":true,"href":"https:\/\/blogs.correiobraziliense.com.br\/trilhasonora\/wp-json\/wp\/v2\/tags?post=435"}],"curies":[{"name":"wp","href":"https:\/\/api.w.org\/{rel}","templated":true}]}}