{"id":430,"date":"2018-07-20T08:00:36","date_gmt":"2018-07-20T11:00:36","guid":{"rendered":"https:\/\/blogs.correiobraziliense.com.br\/trilhasonora\/?p=430"},"modified":"2018-07-19T13:48:25","modified_gmt":"2018-07-19T16:48:25","slug":"sons-da-noite-capixaba-silva-traz-brasilia-show-da-turne-brasileiro","status":"publish","type":"post","link":"https:\/\/blogs.correiobraziliense.com.br\/trilhasonora\/sons-da-noite-capixaba-silva-traz-brasilia-show-da-turne-brasileiro\/","title":{"rendered":"Sons da noite: Capixaba Silva traz a Bras\u00edlia show da turn\u00ea Brasileiro"},"content":{"rendered":"<h3>Confira a coluna Sons da noite publicada nesta sexta-feira (20\/7) no caderno Divirta-se Mais<\/h3>\n<p><strong>Silva, um brasileiro<\/strong><\/p>\n<p>Cantor e compositor de destaque da nova gera\u00e7\u00e3o da MPB, o capixaba Silva volta a Bras\u00edlia para lan\u00e7ar o CD <em>Brasileiro<\/em>, em apresenta\u00e7\u00f5es em 10 e 11 de agosto, no Teatro dos Banc\u00e1rios. Nesse trabalho, de sonoridade pop, ele reuniu 10 can\u00e7\u00f5es autorais e nove feitas em parceria com o irm\u00e3o Lucas Silva, entre elas <em>Nada ser\u00e1 mais como era antes<\/em>, <em>Guerra de amor,<\/em> <em>Duas da tarde<\/em> e <em>Fica tudo bem<\/em>. H\u00e1, ainda, <em>Ela voa<\/em>, com versos de Ronaldo Bastos.<\/p>\n<p>No show, acompanhado por sua banda, al\u00e9m de m\u00fasicas do disco, ele interpreta <em>Feliz e ponto<\/em>, sucesso do \u00e1lbum de estreia, e faz releituras de <em>Que maravilha<\/em> (Jorge Benjor), <em>Menino do Rio<\/em> (Caetano Veloso) e <em>No greater love<\/em>, cl\u00e1ssico da obra de Billie Holiday. N\u00e3o recomendado para menores de 14 anos.<\/p>\n<p><strong>Eu recomendo<\/strong><\/p>\n<p>As can\u00e7\u00f5es intimistas de textos po\u00e9ticos de T\u00falio Borges podem ser apreciadas s\u00e1bado (21), \u00e0s 21h, no Espa\u00e7o Cultural do Choro. No show, Ba\u00fa dos guardados pelo projeto Prata da Casa, o talentoso cantor e compositor brasiliense revisita o repert\u00f3rio dos seus tr\u00eas discos:<em> Eu venho vagando no ar<\/em>, <em>Batente de pau de casar\u00e3o<\/em> e <em>Cutuca meu peito incutuc\u00e1vel<\/em>. N\u00e3o recomendado para menores de 14 anos.<\/p>\n<p><strong>Pura sofistica\u00e7\u00e3o<\/strong><\/p>\n<p><a href=\"https:\/\/blogs.correiobraziliense.com.br\/trilhasonora\/egberto-gismonti-no-ccbb\/\">Egberto 70<\/a>, o projeto musical que reverencia Egberto Gismonti, um dos mais talentosos e sofisticados compositores, arranjadores e pianistas brasileiros, poder\u00e1 ser apreciado nos dias 27, 28 e 29 pr\u00f3ximos, no teatro do CCBB. Idealizado por Gaia Wilmer, a s\u00e9rie tem a participa\u00e7\u00e3o de instrumentistas do primeiro time, como Jaques Morelembaum, Yamandu Costa, Gabriel Grossi, Andr\u00e9 Mehmari e Mauro Senise, al\u00e9m do homenageado. Uma big band vai acompanh\u00e1-los. N\u00e3o recomendado para menores de 12 anos.<\/p>\n<p><strong>Os parangol\u00e9s<\/strong><\/p>\n<p>Recria\u00e7\u00e3o dos famosos parangol\u00e9s, do artista pl\u00e1stico H\u00e9lio Oiticica, fonte de inspira\u00e7\u00e3o para o Tropicalismo, far\u00e3o parte da cenografia e poder\u00e3o ser usados na Mimosa, a balada dos descolados da cidade, em 11 de agosto, no Outro Calaf (Setor Banc\u00e1rio Sul). Idealizador da festa, Biondo receber\u00e1 os DJs Muha e Dan Monteiro, que revezar\u00e3o com ele no comando das picapes. N\u00e3o recomendado para menores de 18 anos.<\/p>\n<p><strong>Sambas hist\u00f3ricos<\/strong><\/p>\n<p>Campeon\u00edssima do carnaval de Bras\u00edlia, a Aruc lan\u00e7a no dia 5 pr\u00f3ximo o CD <em>Sambas hist\u00f3ricos<\/em>, 15 sambas-enredo da escola do Cruzeiro Novo ainda n\u00e3o haviam sido gravados, entre os quais <em>Imprensa R\u00e9gia<\/em>, <em>Ra\u00edzes do nosso povo<\/em> e<em> Agoniza mas n\u00e3o morre<\/em>. A convidada da festa \u00e9 Tia Surica, integrante da Velha Guarda da Portela. N\u00e3o recomendado para menores de 18 anos.<\/p>\n<p><strong>Balada oitentista<\/strong><\/p>\n<p>Tradicional festa brasiliense, A volta dos anos 80, cria\u00e7\u00e3o de Paulinho Madrugada, marcou \u00e9poca quando realizada na AABB, e ultimamente vinha ocupando a Piscina de Ondas, no Parque da Cidade. Sempre com um convidado surpresa, o revival \u2014 com muito pop e rock oitentista \u2014 \u00e9 atra\u00e7\u00e3o de s\u00e1bado (21), a partir das 20h, no Ice Park, no Pont\u00e3o do Lago Sul. N\u00e3o recomendado para menores de 18 anos.<\/p>\n<p><strong>Forr\u00f3 universit\u00e1rio<\/strong><\/p>\n<p>Criador do chamado forr\u00f3 universit\u00e1rio, o grupo paulistano Falamansa comemora 20 anos de carreira com uma s\u00e9rie de shows pelo pa\u00eds. No dia 2 pr\u00f3ximo, Tato (vocal e guitarra), Felipe (guitarra), Diego (percuss\u00e3o), Fabio (bateria) e Fernando (baixo e voz) fazem o lan\u00e7amento do CD e DVD <em>L\u00e1 da alma<\/em>, em show pela Quinta Cultural do projeto Na Praia. No repert\u00f3rio, obviamente, est\u00e3o sucessos como <em>Deixa entrar<\/em>, <em>Xote da alegria<\/em> e <em>Xote dos milagres<\/em>. N\u00e3o recomendado para menores de 16 anos.<\/p>\n<p><strong>Viola envenenada<\/strong><\/p>\n<p>Estreia no dia 29 pr\u00f3ximo, no Teatro Yara Amaral do Sesc, em Taguatinga, <em>O tocador da viola envenenada<\/em>, do dramaturgo S\u00e9rgio Maggio. O espet\u00e1culo explora o universo e a magia da viola caipira e tem como protagonistas os atores Jones Schneider, Luis Felipe Ferreira e a atriz Ma\u00edra Oliveira, com acompanhamento da Banda Judas. A dire\u00e7\u00e3o musical \u00e9 de Luis Filipe de Lima e a coordena\u00e7\u00e3o art\u00edstica de Roberto Corr\u00eaa. A entrada \u00e9 franca. Classifica\u00e7\u00e3o indicativa livre.<\/p>\n","protected":false},"excerpt":{"rendered":"<p>Confira a coluna Sons da noite publicada nesta sexta-feira (20\/7) no caderno Divirta-se Mais Silva, um brasileiro Cantor e compositor de destaque da nova gera\u00e7\u00e3o da MPB, o capixaba Silva volta a Bras\u00edlia para lan\u00e7ar o CD Brasileiro, em apresenta\u00e7\u00f5es em 10 e 11 de agosto, no Teatro dos Banc\u00e1rios. Nesse trabalho, de sonoridade pop, ele reuniu 10 can\u00e7\u00f5es autorais [&hellip;]<\/p>\n","protected":false},"author":84,"featured_media":432,"comment_status":"open","ping_status":"open","sticky":false,"template":"","format":"standard","meta":{"footnotes":""},"categories":[27],"tags":[],"class_list":["post-430","post","type-post","status-publish","format-standard","has-post-thumbnail","hentry","category-coluna-sons-da-noite"],"_links":{"self":[{"href":"https:\/\/blogs.correiobraziliense.com.br\/trilhasonora\/wp-json\/wp\/v2\/posts\/430","targetHints":{"allow":["GET"]}}],"collection":[{"href":"https:\/\/blogs.correiobraziliense.com.br\/trilhasonora\/wp-json\/wp\/v2\/posts"}],"about":[{"href":"https:\/\/blogs.correiobraziliense.com.br\/trilhasonora\/wp-json\/wp\/v2\/types\/post"}],"author":[{"embeddable":true,"href":"https:\/\/blogs.correiobraziliense.com.br\/trilhasonora\/wp-json\/wp\/v2\/users\/84"}],"replies":[{"embeddable":true,"href":"https:\/\/blogs.correiobraziliense.com.br\/trilhasonora\/wp-json\/wp\/v2\/comments?post=430"}],"version-history":[{"count":1,"href":"https:\/\/blogs.correiobraziliense.com.br\/trilhasonora\/wp-json\/wp\/v2\/posts\/430\/revisions"}],"predecessor-version":[{"id":433,"href":"https:\/\/blogs.correiobraziliense.com.br\/trilhasonora\/wp-json\/wp\/v2\/posts\/430\/revisions\/433"}],"wp:featuredmedia":[{"embeddable":true,"href":"https:\/\/blogs.correiobraziliense.com.br\/trilhasonora\/wp-json\/wp\/v2\/media\/432"}],"wp:attachment":[{"href":"https:\/\/blogs.correiobraziliense.com.br\/trilhasonora\/wp-json\/wp\/v2\/media?parent=430"}],"wp:term":[{"taxonomy":"category","embeddable":true,"href":"https:\/\/blogs.correiobraziliense.com.br\/trilhasonora\/wp-json\/wp\/v2\/categories?post=430"},{"taxonomy":"post_tag","embeddable":true,"href":"https:\/\/blogs.correiobraziliense.com.br\/trilhasonora\/wp-json\/wp\/v2\/tags?post=430"}],"curies":[{"name":"wp","href":"https:\/\/api.w.org\/{rel}","templated":true}]}}