{"id":416,"date":"2018-07-10T13:39:40","date_gmt":"2018-07-10T16:39:40","guid":{"rendered":"https:\/\/blogs.correiobraziliense.com.br\/trilhasonora\/?p=416"},"modified":"2018-07-10T13:40:42","modified_gmt":"2018-07-10T16:40:42","slug":"nao-chega-de-saudade-ha-60-anos-joao-gilberto-revolucionava-musica-com-bossa-nova","status":"publish","type":"post","link":"https:\/\/blogs.correiobraziliense.com.br\/trilhasonora\/nao-chega-de-saudade-ha-60-anos-joao-gilberto-revolucionava-musica-com-bossa-nova\/","title":{"rendered":"H\u00e1 60 anos, Jo\u00e3o Gilberto revolucionava a m\u00fasica com a bossa nova"},"content":{"rendered":"<p>Confira mat\u00e9ria publicada na edi\u00e7\u00e3o desta ter\u00e7a-feira (10\/7) sobre a Bossa nova e a revolu\u00e7\u00e3o de Jo\u00e3o Gilberto. Leia <a href=\"https:\/\/www.correiobraziliense.com.br\/app\/noticia\/diversao-e-arte\/2018\/07\/10\/interna_diversao_arte,693901\/numa-saudade-que-nunca-finda-a-bossa-nova-completa-60-anos.shtml\">aqui<\/a>!<\/p>\n<p><img loading=\"lazy\" decoding=\"async\" class=\"aligncenter size-full wp-image-417\" src=\"https:\/\/blogs.correiobraziliense.com.br\/trilhasonora\/wp-content\/uploads\/sites\/39\/2018\/07\/CBPPAG100720180021.jpg\" alt=\"CBPPAG100720180021\" width=\"800\" height=\"1402\" srcset=\"https:\/\/blogs.correiobraziliense.com.br\/trilhasonora\/wp-content\/uploads\/sites\/39\/2018\/07\/CBPPAG100720180021.jpg 800w, https:\/\/blogs.correiobraziliense.com.br\/trilhasonora\/wp-content\/uploads\/sites\/39\/2018\/07\/CBPPAG100720180021-171x300.jpg 171w, https:\/\/blogs.correiobraziliense.com.br\/trilhasonora\/wp-content\/uploads\/sites\/39\/2018\/07\/CBPPAG100720180021-768x1346.jpg 768w, https:\/\/blogs.correiobraziliense.com.br\/trilhasonora\/wp-content\/uploads\/sites\/39\/2018\/07\/CBPPAG100720180021-584x1024.jpg 584w, https:\/\/blogs.correiobraziliense.com.br\/trilhasonora\/wp-content\/uploads\/sites\/39\/2018\/07\/CBPPAG100720180021-550x964.jpg 550w, https:\/\/blogs.correiobraziliense.com.br\/trilhasonora\/wp-content\/uploads\/sites\/39\/2018\/07\/CBPPAG100720180021-230x403.jpg 230w\" sizes=\"auto, (max-width: 800px) 100vw, 800px\" \/><\/p>\n","protected":false},"excerpt":{"rendered":"<p>Confira mat\u00e9ria publicada na edi\u00e7\u00e3o desta ter\u00e7a-feira (10\/7) sobre a Bossa nova e a revolu\u00e7\u00e3o de Jo\u00e3o Gilberto. Leia aqui!<\/p>\n","protected":false},"author":84,"featured_media":0,"comment_status":"open","ping_status":"open","sticky":false,"template":"","format":"standard","meta":{"footnotes":""},"categories":[113],"tags":[114,115],"class_list":["post-416","post","type-post","status-publish","format-standard","hentry","category-materia","tag-bossa-nova","tag-joao-gilberto"],"_links":{"self":[{"href":"https:\/\/blogs.correiobraziliense.com.br\/trilhasonora\/wp-json\/wp\/v2\/posts\/416","targetHints":{"allow":["GET"]}}],"collection":[{"href":"https:\/\/blogs.correiobraziliense.com.br\/trilhasonora\/wp-json\/wp\/v2\/posts"}],"about":[{"href":"https:\/\/blogs.correiobraziliense.com.br\/trilhasonora\/wp-json\/wp\/v2\/types\/post"}],"author":[{"embeddable":true,"href":"https:\/\/blogs.correiobraziliense.com.br\/trilhasonora\/wp-json\/wp\/v2\/users\/84"}],"replies":[{"embeddable":true,"href":"https:\/\/blogs.correiobraziliense.com.br\/trilhasonora\/wp-json\/wp\/v2\/comments?post=416"}],"version-history":[{"count":2,"href":"https:\/\/blogs.correiobraziliense.com.br\/trilhasonora\/wp-json\/wp\/v2\/posts\/416\/revisions"}],"predecessor-version":[{"id":419,"href":"https:\/\/blogs.correiobraziliense.com.br\/trilhasonora\/wp-json\/wp\/v2\/posts\/416\/revisions\/419"}],"wp:attachment":[{"href":"https:\/\/blogs.correiobraziliense.com.br\/trilhasonora\/wp-json\/wp\/v2\/media?parent=416"}],"wp:term":[{"taxonomy":"category","embeddable":true,"href":"https:\/\/blogs.correiobraziliense.com.br\/trilhasonora\/wp-json\/wp\/v2\/categories?post=416"},{"taxonomy":"post_tag","embeddable":true,"href":"https:\/\/blogs.correiobraziliense.com.br\/trilhasonora\/wp-json\/wp\/v2\/tags?post=416"}],"curies":[{"name":"wp","href":"https:\/\/api.w.org\/{rel}","templated":true}]}}