{"id":411,"date":"2018-07-06T07:00:01","date_gmt":"2018-07-06T10:00:01","guid":{"rendered":"https:\/\/blogs.correiobraziliense.com.br\/trilhasonora\/?p=411"},"modified":"2018-07-05T13:34:01","modified_gmt":"2018-07-05T16:34:01","slug":"sons-da-noite-johnny-hooker-se-apresenta-no-bocadim-festivalzim","status":"publish","type":"post","link":"https:\/\/blogs.correiobraziliense.com.br\/trilhasonora\/sons-da-noite-johnny-hooker-se-apresenta-no-bocadim-festivalzim\/","title":{"rendered":"Sons da noite: Johnny Hooker se apresenta no Bocadim Festivalzim"},"content":{"rendered":"<h3>Confira a coluna Sons da noite publicada na edi\u00e7\u00e3o de sexta-feira (6\/7) do caderno Divirta-se Mais<\/h3>\n<p><strong>Festival da diversidade<\/strong><\/p>\n<p>O Bocadim Festivalzim, evento de combate \u00e0 discrimina\u00e7\u00e3o e a viol\u00eancia contra LGBTIs promete movimentar a \u00e1rea externa do Complexo Cultural da Funarte, nos dias 20 e 21 pr\u00f3ximos, a partir das 18h. A programa\u00e7\u00e3o de shows re\u00fane artistas Johnny Hooker, Jaloo, Letrux e o grupo Chinelo de Couro, daqui do DF, entre outros. A entrada \u00e9 franca. Classifica\u00e7\u00e3o indicativa livre.<\/p>\n<p><strong>Eu recomendo<\/strong><\/p>\n<p>Reaberto no \u00faltimo s\u00e1bado, o Espa\u00e7o Cultural Renato Russo vai acolher projetos de diferentes linguagens art\u00edsticas. O Teatro Galp\u00e3o que, em outros tempos, foi palco da Feira de M\u00fasica e do Clube do Samba, volta a ser ocupado por cantores e bandas brasilienses, a partir deste m\u00eas. O primeiro deles vai ser\u00e1 T\u00falio Borges, com o show <em>Cutuca meu cora\u00e7\u00e3o incutuc\u00e1vel,<\/em> nome tamb\u00e9m do CD lan\u00e7ado em 2017. Classifica\u00e7\u00e3o indicativa livre.<\/p>\n<p><strong>Especial rock<\/strong><\/p>\n<p>O projeto <em>Todos os Sons<\/em> se espalha pela \u00e1rea externa do Centro Cultural Banco do Brasil, em 4 de agosto, com o Especial Rock. Frejat (ex-Bar\u00e3o Vermelho), <a href=\"https:\/\/blogs.correiobraziliense.com.br\/trilhasonora\/plebe-rude-recupera-cancoes\/\">Plebe Rude<\/a>, Detrito Federal, Casacasta, Trio Aiure v\u00e3o dividir o palco; enquanto Maria Sabina e Gaivota comandam as picapes. Classifica\u00e7\u00e3o indicativa livre.<\/p>\n<p><strong>Viol\u00e3o virtuoso<\/strong><\/p>\n<p>Guinga est\u00e1 na Europa, onde cumpre compromissos na Dinamarca e em Portugal. No retorno ao Brasil, o virtuoso compositor e violonista carioca faz um show retrospectivo de sua trajet\u00f3ria musical e celebra os 60 anos da bossa nova em show, nos dias 19 e 20, no Espa\u00e7o Cultural do Choro. N\u00e3o recomendado para menores de 14 anos.<\/p>\n<p><strong>Quinta cultural<\/strong><\/p>\n<figure id=\"attachment_413\" aria-describedby=\"caption-attachment-413\" style=\"width: 800px\" class=\"wp-caption aligncenter\"><img loading=\"lazy\" decoding=\"async\" class=\"size-full wp-image-413\" src=\"https:\/\/blogs.correiobraziliense.com.br\/trilhasonora\/wp-content\/uploads\/sites\/39\/2018\/07\/CBNFOT080520180464.jpg\" alt=\"Cr\u00e9dito: Rodrigo Trevisan\/Divulga\u00e7\u00e3o. Cantora Maria Rita.\" width=\"800\" height=\"533\" srcset=\"https:\/\/blogs.correiobraziliense.com.br\/trilhasonora\/wp-content\/uploads\/sites\/39\/2018\/07\/CBNFOT080520180464.jpg 800w, https:\/\/blogs.correiobraziliense.com.br\/trilhasonora\/wp-content\/uploads\/sites\/39\/2018\/07\/CBNFOT080520180464-300x200.jpg 300w, https:\/\/blogs.correiobraziliense.com.br\/trilhasonora\/wp-content\/uploads\/sites\/39\/2018\/07\/CBNFOT080520180464-768x512.jpg 768w, https:\/\/blogs.correiobraziliense.com.br\/trilhasonora\/wp-content\/uploads\/sites\/39\/2018\/07\/CBNFOT080520180464-550x366.jpg 550w, https:\/\/blogs.correiobraziliense.com.br\/trilhasonora\/wp-content\/uploads\/sites\/39\/2018\/07\/CBNFOT080520180464-230x153.jpg 230w\" sizes=\"auto, (max-width: 800px) 100vw, 800px\" \/><figcaption id=\"caption-attachment-413\" class=\"wp-caption-text\">Cr\u00e9dito: Rodrigo Trevisan\/Divulga\u00e7\u00e3o. Cantora Maria Rita.<\/figcaption><\/figure>\n<p>Em 12 de maio \u00faltimo, Maria Rita lotou o audit\u00f3rio master do Centro de Conven\u00e7\u00f5es Ulysses Guimar\u00e3es com o \u00f3timo show <em>Amor e m\u00fasica<\/em> \u2014 nome tamb\u00e9m do \u00e1lbum mais recente. No dia 19, a cantora se apresenta novamente na cidade, como atra\u00e7\u00e3o da Quinta Cultural do projeto Na Praia. N\u00e3o recomendado para menores de 16 anos.<\/p>\n<p><strong>Segundo sol<\/strong><\/p>\n<p>Depois da turn\u00ea pela Europa com Gilberto Gil e Gal Costa, Nando Reis voltou a se apresentar no Brasil com a banda Os Infernais. Dia 14 pr\u00f3ximo, em Bras\u00edlia, ele faz show no Ice Park (Pont\u00e3o do Lago Sul) cantando can\u00e7\u00f5es marcantes de sua carreira como <em>All star<\/em>, <em>Espat\u00f3dea<\/em>, <em>Por onde andei<\/em> e <em>Segundo sol<\/em> \u2014 tema de abertura de novela hom\u00f4nima. Classifica\u00e7\u00e3o indicativa livre.<\/p>\n<p><strong>Planeta sonho<\/strong><\/p>\n<p>A banda 14 Bis, que vem \u00e0 cidade desde o in\u00edcio da carreira, no fim da d\u00e9cada de 1970, retorna no dia 14, quando se apresenta no Teatro Pedro Calmon (Setor Militar Urbano). Cl\u00e1udio Venturini, S\u00e9rgio Magr\u00e3o, Vermelho e Heli Rodrigues trazem um show ac\u00fastico em que passeiam por cl\u00e1ssicos da carreira, entre os quais <em>Linda juventude<\/em>, <em>Planeta sonho<\/em>, <em>Todo azul do mar<\/em> e <em>Uma velha can\u00e7\u00e3o rock\u2019n\u2019roll<\/em>. N\u00e3o recomendado para menores de 14 anos.<\/p>\n<p><strong>Tributo a Melodia<\/strong><\/p>\n<p>Multi-instrumentista que j\u00e1 tocou com Chuck Berry, Ron Carter, Luiz Gonzaga, Raul Seixas e acompanhou Luiz Melodia por 20 anos, Renato Piau estar\u00e1 ao lado do cantor Marco Palmah, hoje, \u00e0s 22h, no Feiti\u00e7o Mineiro. No tributo ao Negro Gato, eles ter\u00e3o a companhia de Lucas Fernandes (guitarra e viol\u00e3o), Vav\u00e1 Afiouni (baixo) e George Lacerda (percuss\u00e3o). Haver\u00e1 participa\u00e7\u00e3o especial de Alberto Salgado e Carol Senna. N\u00e3o recomendado para menores de 18 anos.<\/p>\n","protected":false},"excerpt":{"rendered":"<p>Confira a coluna Sons da noite publicada na edi\u00e7\u00e3o de sexta-feira (6\/7) do caderno Divirta-se Mais Festival da diversidade O Bocadim Festivalzim, evento de combate \u00e0 discrimina\u00e7\u00e3o e a viol\u00eancia contra LGBTIs promete movimentar a \u00e1rea externa do Complexo Cultural da Funarte, nos dias 20 e 21 pr\u00f3ximos, a partir das 18h. A programa\u00e7\u00e3o de shows re\u00fane artistas Johnny Hooker, [&hellip;]<\/p>\n","protected":false},"author":84,"featured_media":412,"comment_status":"open","ping_status":"open","sticky":false,"template":"","format":"standard","meta":{"footnotes":""},"categories":[27],"tags":[112,44],"class_list":["post-411","post","type-post","status-publish","format-standard","has-post-thumbnail","hentry","category-coluna-sons-da-noite","tag-johnny-hooker","tag-sons-da-noite"],"_links":{"self":[{"href":"https:\/\/blogs.correiobraziliense.com.br\/trilhasonora\/wp-json\/wp\/v2\/posts\/411","targetHints":{"allow":["GET"]}}],"collection":[{"href":"https:\/\/blogs.correiobraziliense.com.br\/trilhasonora\/wp-json\/wp\/v2\/posts"}],"about":[{"href":"https:\/\/blogs.correiobraziliense.com.br\/trilhasonora\/wp-json\/wp\/v2\/types\/post"}],"author":[{"embeddable":true,"href":"https:\/\/blogs.correiobraziliense.com.br\/trilhasonora\/wp-json\/wp\/v2\/users\/84"}],"replies":[{"embeddable":true,"href":"https:\/\/blogs.correiobraziliense.com.br\/trilhasonora\/wp-json\/wp\/v2\/comments?post=411"}],"version-history":[{"count":1,"href":"https:\/\/blogs.correiobraziliense.com.br\/trilhasonora\/wp-json\/wp\/v2\/posts\/411\/revisions"}],"predecessor-version":[{"id":414,"href":"https:\/\/blogs.correiobraziliense.com.br\/trilhasonora\/wp-json\/wp\/v2\/posts\/411\/revisions\/414"}],"wp:featuredmedia":[{"embeddable":true,"href":"https:\/\/blogs.correiobraziliense.com.br\/trilhasonora\/wp-json\/wp\/v2\/media\/412"}],"wp:attachment":[{"href":"https:\/\/blogs.correiobraziliense.com.br\/trilhasonora\/wp-json\/wp\/v2\/media?parent=411"}],"wp:term":[{"taxonomy":"category","embeddable":true,"href":"https:\/\/blogs.correiobraziliense.com.br\/trilhasonora\/wp-json\/wp\/v2\/categories?post=411"},{"taxonomy":"post_tag","embeddable":true,"href":"https:\/\/blogs.correiobraziliense.com.br\/trilhasonora\/wp-json\/wp\/v2\/tags?post=411"}],"curies":[{"name":"wp","href":"https:\/\/api.w.org\/{rel}","templated":true}]}}