{"id":402,"date":"2018-06-22T08:00:56","date_gmt":"2018-06-22T11:00:56","guid":{"rendered":"https:\/\/blogs.correiobraziliense.com.br\/trilhasonora\/?p=402"},"modified":"2018-06-21T13:48:51","modified_gmt":"2018-06-21T16:48:51","slug":"sons-da-noite-oswaldo-montenegro-retorna-brasilia-para-apresentacao-em-29-de-junho","status":"publish","type":"post","link":"https:\/\/blogs.correiobraziliense.com.br\/trilhasonora\/sons-da-noite-oswaldo-montenegro-retorna-brasilia-para-apresentacao-em-29-de-junho\/","title":{"rendered":"Sons da noite: Oswaldo Montenegro retorna a Bras\u00edlia para apresenta\u00e7\u00e3o em 29 de junho"},"content":{"rendered":"<h3>Confira os destaques da coluna Sons da noite desta sexta-feira (22\/6). Entre eles, o show de Oswaldo Montenegro!<\/h3>\n<p><strong>Eterno seresteiro<\/strong><\/p>\n<p>Serenatas na cidade mineira de S\u00e3o Jo\u00e3o Del Rey marcaram a inf\u00e2ncia e o come\u00e7o da adolesc\u00eancia de Oswaldo Montenegro. Mais tarde (em 1979), ao participar do Festival de M\u00fasica promovido pela extinta TV Tupi, ele classificou-se em terceiro lugar com <em>Bandolins<\/em>, can\u00e7\u00e3o que remete \u00e0s antigas serestas.<\/p>\n<p>Artista com presen\u00e7a frequente nos palcos brasileiros, o Menestrel volta a Bras\u00edlia \u2014 onde iniciou a carreira \u2014 para apresenta\u00e7\u00e3o no dia 29, no audit\u00f3rio master do Centro de Conven\u00e7\u00f5es Ulysses Guimar\u00e3es. Desta vez, ele faz <em>Serenata<\/em>, show ac\u00fastico que traz no repert\u00f3rio cl\u00e1ssicos de sua obra, como<em> A lista<\/em>, <em>L\u00e9o e Bia<\/em>, <em>Lua e flor<\/em> e, claro, a citada <em>Bandolins<\/em>. N\u00e3o recomendado para menores de 12 anos.<\/p>\n<p><strong>Eu recomendo<\/strong><\/p>\n<p>Destacada sambista da cena brasiliense, Kris Maciel \u00e9 a atra\u00e7\u00e3o desta sexta-feira (22)\u00a0da seresta do Clube Previdenci\u00e1rios (712\/912 Sul). No show, com in\u00edcio \u00e0s 22h, ela interpreta m\u00fasicas do CD <em>Sou o samba<\/em>, que lan\u00e7ou em 2012 e composi\u00e7\u00f5es de sucesso de Dona Ivone Lara, Leci Brand\u00e3o, Jo\u00e3o Nogueira e Fundo de Quintal, entre outros bambas. N\u00e3o recomendado para menores de 18 anos.<\/p>\n<p><strong>Salve, Bob!<\/strong><\/p>\n<figure id=\"attachment_404\" aria-describedby=\"caption-attachment-404\" style=\"width: 800px\" class=\"wp-caption aligncenter\"><img loading=\"lazy\" decoding=\"async\" class=\"size-full wp-image-404\" src=\"https:\/\/blogs.correiobraziliense.com.br\/trilhasonora\/wp-content\/uploads\/sites\/39\/2018\/06\/CBPFOT071020160210.jpg\" alt=\"Cr\u00e9dito: Carlos Moura\/CB\/D.A Press. Brasil. Gilberto Gil\" width=\"800\" height=\"531\" srcset=\"https:\/\/blogs.correiobraziliense.com.br\/trilhasonora\/wp-content\/uploads\/sites\/39\/2018\/06\/CBPFOT071020160210.jpg 800w, https:\/\/blogs.correiobraziliense.com.br\/trilhasonora\/wp-content\/uploads\/sites\/39\/2018\/06\/CBPFOT071020160210-300x199.jpg 300w, https:\/\/blogs.correiobraziliense.com.br\/trilhasonora\/wp-content\/uploads\/sites\/39\/2018\/06\/CBPFOT071020160210-768x510.jpg 768w, https:\/\/blogs.correiobraziliense.com.br\/trilhasonora\/wp-content\/uploads\/sites\/39\/2018\/06\/CBPFOT071020160210-550x365.jpg 550w, https:\/\/blogs.correiobraziliense.com.br\/trilhasonora\/wp-content\/uploads\/sites\/39\/2018\/06\/CBPFOT071020160210-230x153.jpg 230w\" sizes=\"auto, (max-width: 800px) 100vw, 800px\" \/><figcaption id=\"caption-attachment-404\" class=\"wp-caption-text\">Cr\u00e9dito: Carlos Moura\/CB\/D.A Press. Brasil. Gilberto Gil<\/figcaption><\/figure>\n<p>Gilberto Gil sempre teve liga\u00e7\u00e3o com o reggae e deu prova disso ao lan\u00e7ar em 2002 <em>Kaya n\u2019gan daya<\/em>, CD dedicado \u00e0 obra de Bob Marley. Quando surgiu em 1996, com o nome de Nativus, o atual Natiruts era claramente influenciado pelo tradicional ritmo jamaicano. Pois bem, em 25 de agosto, esses dois grandes nomes da m\u00fasica brasileira dividem o palco do projeto Na Praia e re\u00fanem tribos diversas. N\u00e3o recomendado para menores de 16 anos.<\/p>\n<p><strong>Ice pop<\/strong><\/p>\n<p>A segunda edi\u00e7\u00e3o do Bras\u00edlia Ice Park, que tem abertura na pr\u00f3xima segunda-feira, no Pont\u00e3o do Lago Sul, al\u00e9m de atividades diversas \u2014 destaque para a patina\u00e7\u00e3o no gelo \u2014 vai oferecer shows com v\u00e1rios artistas. Um deles \u00e9 o astro pop Nando Reis, atra\u00e7\u00e3o do dia 14 de julho. Classifica\u00e7\u00e3o indicativa livre.<\/p>\n<p><strong>Cl\u00e1ssicos mineiros<\/strong><\/p>\n<p>Parceiro de Milton Nascimento, s\u00f3cio-fundador do lend\u00e1rio Clube da Esquina, L\u00f4 Borges estar\u00e1 na cidade para r\u00e1pida temporada no Teatro da Caixa, de 5 a 8 de julho. O cantor e compositor mineiro far\u00e1 o show <em>Os grandes sucessos<\/em>, no qual interpretar\u00e1 cl\u00e1ssicos da import\u00e2ncia de <em>Equatorial<\/em>, <em>Feira moderna<\/em>, <em>Paisagem na janela<\/em>, <em>Para Lennon e McCartney <\/em>e <em>Um girassol da cor do seu cabelo<\/em>. N\u00e3o recomendado para menores de 12 anos.<\/p>\n<p><strong>Levada roqueira<\/strong><\/p>\n<p>Os f\u00e3s de Roberto Carlos devem estar na maior expectativa em rela\u00e7\u00e3o ao show que o cantor far\u00e1 em 11 de agosto no anfiteatro do Est\u00e1dio Nacional Man\u00e9 Garrincha. Para abrandar um pouco a espera, podem assistir no dia 29, \u00e0s 21h, no Teatro dos Banc\u00e1rios (314\/315 Sul), \u00e0 apresenta\u00e7\u00e3o da banda Rocks de Roberto, tocando sucessos do Rei numa roupagem rock\u2019n\u2019roll. N\u00e3o recomendado para menores de 12 anos.<\/p>\n<p><strong>Semin\u00e1rio festivo<\/strong><\/p>\n<p>O Museu Nacional da Rep\u00fablica acolhe segunda e ter\u00e7a-feira pr\u00f3ximas o Semin\u00e1rio Carnaval \u2014 Patrim\u00f4nio Cultural da Humanidade. A programa\u00e7\u00e3o conta com a participa\u00e7\u00e3o de Martinho da Vila, Teresa Cristina, BNeg\u00e3o, Martinha do Coco, Mulheres do Samba. Filhas de Oy\u00e1 e Bateria Ritmo Quente da Aruc, entre outros. Classifica\u00e7\u00e3o indicativa livre.<\/p>\n<p><strong>Homenagem a mestres<\/strong><\/p>\n<figure id=\"attachment_405\" aria-describedby=\"caption-attachment-405\" style=\"width: 800px\" class=\"wp-caption aligncenter\"><img loading=\"lazy\" decoding=\"async\" class=\"size-full wp-image-405\" src=\"https:\/\/blogs.correiobraziliense.com.br\/trilhasonora\/wp-content\/uploads\/sites\/39\/2018\/06\/CBNFOT190620180512.jpg\" alt=\"Cr\u00e9dito: Lara Alcantara\/Divulga\u00e7\u00e3o. Grupo De Vento Em Popa.\" width=\"800\" height=\"533\" srcset=\"https:\/\/blogs.correiobraziliense.com.br\/trilhasonora\/wp-content\/uploads\/sites\/39\/2018\/06\/CBNFOT190620180512.jpg 800w, https:\/\/blogs.correiobraziliense.com.br\/trilhasonora\/wp-content\/uploads\/sites\/39\/2018\/06\/CBNFOT190620180512-300x200.jpg 300w, https:\/\/blogs.correiobraziliense.com.br\/trilhasonora\/wp-content\/uploads\/sites\/39\/2018\/06\/CBNFOT190620180512-768x512.jpg 768w, https:\/\/blogs.correiobraziliense.com.br\/trilhasonora\/wp-content\/uploads\/sites\/39\/2018\/06\/CBNFOT190620180512-550x366.jpg 550w, https:\/\/blogs.correiobraziliense.com.br\/trilhasonora\/wp-content\/uploads\/sites\/39\/2018\/06\/CBNFOT190620180512-230x153.jpg 230w\" sizes=\"auto, (max-width: 800px) 100vw, 800px\" \/><figcaption id=\"caption-attachment-405\" class=\"wp-caption-text\">Cr\u00e9dito: Lara Alcantara\/Divulga\u00e7\u00e3o. Grupo De Vento Em Popa.<\/figcaption><\/figure>\n<p>Grupo instrumental com 20 anos de exist\u00eancia, o De Vento em Popa, criado por Madelon Guimar\u00e3es na Escola de M\u00fasica, retoma a trajet\u00f3ria no s\u00e1bado (23\/6), \u00e0s 21h, no Espa\u00e7o Cultural do Choro (Eixo Monumental). No espet\u00e1culo, o conjunto presta tributo a mestres do choro como Pixinguinha, Jacob do Bandolim, Zequinha de Abreu, K-Ximbinho, e homenageia Tom Jobim, Jo\u00e3o Donato, <a href=\"https:\/\/blogs.correiobraziliense.com.br\/trilhasonora\/egberto-gismonti-no-ccbb\/\">Egberto Gismonti<\/a>, Milton Nascimento e Luiz Gonzaga. N\u00e3o recomendado para menores de 14 anos.<\/p>\n","protected":false},"excerpt":{"rendered":"<p>Confira os destaques da coluna Sons da noite desta sexta-feira (22\/6). Entre eles, o show de Oswaldo Montenegro! Eterno seresteiro Serenatas na cidade mineira de S\u00e3o Jo\u00e3o Del Rey marcaram a inf\u00e2ncia e o come\u00e7o da adolesc\u00eancia de Oswaldo Montenegro. Mais tarde (em 1979), ao participar do Festival de M\u00fasica promovido pela extinta TV Tupi, ele classificou-se em terceiro lugar [&hellip;]<\/p>\n","protected":false},"author":84,"featured_media":403,"comment_status":"open","ping_status":"open","sticky":false,"template":"","format":"standard","meta":{"footnotes":""},"categories":[27],"tags":[110,109,44],"class_list":["post-402","post","type-post","status-publish","format-standard","has-post-thumbnail","hentry","category-coluna-sons-da-noite","tag-coluna","tag-oswaldo-montenegro","tag-sons-da-noite"],"_links":{"self":[{"href":"https:\/\/blogs.correiobraziliense.com.br\/trilhasonora\/wp-json\/wp\/v2\/posts\/402","targetHints":{"allow":["GET"]}}],"collection":[{"href":"https:\/\/blogs.correiobraziliense.com.br\/trilhasonora\/wp-json\/wp\/v2\/posts"}],"about":[{"href":"https:\/\/blogs.correiobraziliense.com.br\/trilhasonora\/wp-json\/wp\/v2\/types\/post"}],"author":[{"embeddable":true,"href":"https:\/\/blogs.correiobraziliense.com.br\/trilhasonora\/wp-json\/wp\/v2\/users\/84"}],"replies":[{"embeddable":true,"href":"https:\/\/blogs.correiobraziliense.com.br\/trilhasonora\/wp-json\/wp\/v2\/comments?post=402"}],"version-history":[{"count":1,"href":"https:\/\/blogs.correiobraziliense.com.br\/trilhasonora\/wp-json\/wp\/v2\/posts\/402\/revisions"}],"predecessor-version":[{"id":406,"href":"https:\/\/blogs.correiobraziliense.com.br\/trilhasonora\/wp-json\/wp\/v2\/posts\/402\/revisions\/406"}],"wp:featuredmedia":[{"embeddable":true,"href":"https:\/\/blogs.correiobraziliense.com.br\/trilhasonora\/wp-json\/wp\/v2\/media\/403"}],"wp:attachment":[{"href":"https:\/\/blogs.correiobraziliense.com.br\/trilhasonora\/wp-json\/wp\/v2\/media?parent=402"}],"wp:term":[{"taxonomy":"category","embeddable":true,"href":"https:\/\/blogs.correiobraziliense.com.br\/trilhasonora\/wp-json\/wp\/v2\/categories?post=402"},{"taxonomy":"post_tag","embeddable":true,"href":"https:\/\/blogs.correiobraziliense.com.br\/trilhasonora\/wp-json\/wp\/v2\/tags?post=402"}],"curies":[{"name":"wp","href":"https:\/\/api.w.org\/{rel}","templated":true}]}}