{"id":398,"date":"2018-06-20T21:05:07","date_gmt":"2018-06-21T00:05:07","guid":{"rendered":"https:\/\/blogs.correiobraziliense.com.br\/trilhasonora\/?p=398"},"modified":"2018-06-21T11:23:25","modified_gmt":"2018-06-21T14:23:25","slug":"premio-da-musica-brasileira-29a-edicao","status":"publish","type":"post","link":"https:\/\/blogs.correiobraziliense.com.br\/trilhasonora\/premio-da-musica-brasileira-29a-edicao\/","title":{"rendered":"Pr\u00eamio da M\u00fasica  Brasileira celebra Luiz Melodia em sua 29\u00aa edi\u00e7\u00e3o"},"content":{"rendered":"<p>Luiz Melodia \u00e9 o homenageado da 29\u00aa edi\u00e7\u00e3o do Pr\u00eamio da M\u00fasica Brasileira. A arte do cantor e compositor carioca, falecido em 2017, autor de cl\u00e1ssicos como <em>Est\u00e1cio holly Est\u00e1cio<\/em>, <em>Fadas<\/em>, <em>Juventude transviada<\/em>, <em>Magrelinha<\/em> e <em>P\u00e9rola Negra<\/em> vai ser reverenciada em cerim\u00f4nia no Theatro Municipal do Rio de Janeiro, que ocorre no dia 15 de agosto.<\/p>\n<p>A realiza\u00e7\u00e3o do evento, que na edi\u00e7\u00e3o anterior s\u00f3 foi poss\u00edvel com o apoio de parceiros e artistas, que trabalharam sem receber cach\u00ea, neste ano recebe patroc\u00ednio da Petrobras e passa a contar com novas categorias e tem mudan\u00e7as no regulamento.<\/p>\n<p>&#8220;O patroc\u00ednio da Petrobras chega ap\u00f3s um ano muito dif\u00edcil, quando realizamos o Pr\u00eamio sem dinheiro, contando apenas com a solidariedade de todos os envolvidos, que trabalharam de forma volunt\u00e1ria. A Petrobras j\u00e1 tem um amplo hist\u00f3rico de patroc\u00ednio cultural. Acredito que possamos estar juntos por muitos anos e estabelecer um processo cont\u00ednuo de parceria&#8221;, comemora Jos\u00e9 Mauricio Machline, idealizador e diretor do Pr\u00eamio da M\u00fasica Brasileira.<\/p>\n<p><iframe loading=\"lazy\" title=\"LUIZ MELODIA- P\u00c9ROLA NEGRA (ORIGINAL)\" width=\"1333\" height=\"1000\" src=\"https:\/\/www.youtube.com\/embed\/bJjKyc7VeCc?feature=oembed\" frameborder=\"0\" allow=\"accelerometer; autoplay; clipboard-write; encrypted-media; gyroscope; picture-in-picture; web-share\" referrerpolicy=\"strict-origin-when-cross-origin\" allowfullscreen><\/iframe><\/p>\n<p>Gerente de Rela\u00e7\u00f5es Corporativas do evento, que tem patroc\u00ednio da Petrobras, Diego Pila diz: &#8220;Entendemos a m\u00fasica como uma manifesta\u00e7\u00e3o essencial da cultura brasileira e algo que aproxima as pessoas, por ser uma poderosa ferramenta de conex\u00e3o emocional. Por meio do Programa Petrobras Cultural patrocinamos projetos com foco na diversidade musical do cen\u00e1rio brasileiro&#8221;. Ele acrescenta: &#8220;O Pr\u00eamio da M\u00fasica Brasileira tem total sinergia com nossa estrat\u00e9gia e estamos felizes com esta parceria&#8221;, acrescenta.<\/p>\n<p>A nova edi\u00e7\u00e3o do Pr\u00eamio traz algumas novidades, entre elas a cria\u00e7\u00e3o da categoria do voto popular, cujos concorrentes ser\u00e3o os 10 artistas com m\u00fasicas mais executadas. Entre as altera\u00e7\u00f5es no regulamento est\u00e3o a na categoria melhor can\u00e7\u00e3o: concorre o artista que tiver lan\u00e7ado a faixa como single. J\u00e1 na categoria melhor \u00e1lbum, o produto musical (CD\/ webdisc) tem limite m\u00ednimo de oito faixas e n\u00e3o mais cinco. Houve ainda a inclus\u00e3o da categoria melhor videoclipe.<\/p>\n<p>J\u00e1 o formato da premia\u00e7\u00e3o permanece inalterado, com n\u00fameros especiais e exclusivos de grandes nomes da m\u00fasica popular brasileira, interprtando o repert\u00f3rio do homenageado.<\/p>\n<p><iframe loading=\"lazy\" title=\"Luiz Melodia - Est\u00e1cio, Holly Est\u00e1cio\" width=\"1333\" height=\"1000\" src=\"https:\/\/www.youtube.com\/embed\/quUvjzHrVV0?feature=oembed\" frameborder=\"0\" allow=\"accelerometer; autoplay; clipboard-write; encrypted-media; gyroscope; picture-in-picture; web-share\" referrerpolicy=\"strict-origin-when-cross-origin\" allowfullscreen><\/iframe><\/p>\n","protected":false},"excerpt":{"rendered":"<p>Luiz Melodia \u00e9 o homenageado da 29\u00aa edi\u00e7\u00e3o do Pr\u00eamio da M\u00fasica Brasileira. A arte do cantor e compositor carioca, falecido em 2017, autor de cl\u00e1ssicos como Est\u00e1cio holly Est\u00e1cio, Fadas, Juventude transviada, Magrelinha e P\u00e9rola Negra vai ser reverenciada em cerim\u00f4nia no Theatro Municipal do Rio de Janeiro, que ocorre no dia 15 de agosto. A realiza\u00e7\u00e3o do evento, [&hellip;]<\/p>\n","protected":false},"author":84,"featured_media":399,"comment_status":"open","ping_status":"open","sticky":false,"template":"","format":"standard","meta":{"footnotes":""},"categories":[2],"tags":[108,107],"class_list":["post-398","post","type-post","status-publish","format-standard","has-post-thumbnail","hentry","category-musica","tag-luiz-melodia","tag-premio-da-musica-brasileira"],"_links":{"self":[{"href":"https:\/\/blogs.correiobraziliense.com.br\/trilhasonora\/wp-json\/wp\/v2\/posts\/398","targetHints":{"allow":["GET"]}}],"collection":[{"href":"https:\/\/blogs.correiobraziliense.com.br\/trilhasonora\/wp-json\/wp\/v2\/posts"}],"about":[{"href":"https:\/\/blogs.correiobraziliense.com.br\/trilhasonora\/wp-json\/wp\/v2\/types\/post"}],"author":[{"embeddable":true,"href":"https:\/\/blogs.correiobraziliense.com.br\/trilhasonora\/wp-json\/wp\/v2\/users\/84"}],"replies":[{"embeddable":true,"href":"https:\/\/blogs.correiobraziliense.com.br\/trilhasonora\/wp-json\/wp\/v2\/comments?post=398"}],"version-history":[{"count":2,"href":"https:\/\/blogs.correiobraziliense.com.br\/trilhasonora\/wp-json\/wp\/v2\/posts\/398\/revisions"}],"predecessor-version":[{"id":401,"href":"https:\/\/blogs.correiobraziliense.com.br\/trilhasonora\/wp-json\/wp\/v2\/posts\/398\/revisions\/401"}],"wp:featuredmedia":[{"embeddable":true,"href":"https:\/\/blogs.correiobraziliense.com.br\/trilhasonora\/wp-json\/wp\/v2\/media\/399"}],"wp:attachment":[{"href":"https:\/\/blogs.correiobraziliense.com.br\/trilhasonora\/wp-json\/wp\/v2\/media?parent=398"}],"wp:term":[{"taxonomy":"category","embeddable":true,"href":"https:\/\/blogs.correiobraziliense.com.br\/trilhasonora\/wp-json\/wp\/v2\/categories?post=398"},{"taxonomy":"post_tag","embeddable":true,"href":"https:\/\/blogs.correiobraziliense.com.br\/trilhasonora\/wp-json\/wp\/v2\/tags?post=398"}],"curies":[{"name":"wp","href":"https:\/\/api.w.org\/{rel}","templated":true}]}}