{"id":387,"date":"2018-06-01T08:00:12","date_gmt":"2018-06-01T11:00:12","guid":{"rendered":"https:\/\/blogs.correiobraziliense.com.br\/trilhasonora\/?p=387"},"modified":"2018-06-01T18:00:48","modified_gmt":"2018-06-01T21:00:48","slug":"sons-da-noite-brasilia-recebera-o-projeto-torcida-brasil-durante-copa","status":"publish","type":"post","link":"https:\/\/blogs.correiobraziliense.com.br\/trilhasonora\/sons-da-noite-brasilia-recebera-o-projeto-torcida-brasil-durante-copa\/","title":{"rendered":"Sons da Noite: Bras\u00edlia receber\u00e1 o projeto Torcida Brasil durante a Copa"},"content":{"rendered":"<h3>Confira os destaques da coluna Sons da Noite desta sexta-feira (1\u00ba\/6)<\/h3>\n<p><strong>Imagina na Copa!<\/strong><\/p>\n<p><em>Torcida Brasil<\/em> \u00e9 o projeto que vai embalar a sele\u00e7\u00e3o brasileira no per\u00edodo da Copa do Mundo, com eventos no Rio de Janeiro, S\u00e3o Paulo e Bras\u00edlia. Aqui, vai ocupar os jardins do Centro Cultural Banco do Brasil, no dia 15 de julho, data do encerramento do campeonato, com uma extensa programa\u00e7\u00e3o.<\/p>\n<p>As atra\u00e7\u00f5es principais do evento s\u00e3o o desfile do Bloco Adocica, \u00e0s 10h30; o show da banda Jota Quest, liderada por Rog\u00e9rio Flausino, \u00e0s 14h15; e a roda de samba, comandada pelo grupo 7 na Roda, a partir das 16h15.<\/p>\n<p>A primeira fase do projeto \u00e9 o lan\u00e7amento do CD <em>Torcida Brasil<\/em>, pela Warner, na pr\u00f3xima semana, que tem a participa\u00e7\u00e3o de Baby do Brasil (<em>Uma brasileira<\/em>), Preta Gil (<em>Sorte grande<\/em>), Emicida (<em>Nosso sonho<\/em>) e Diogo Nogueira, int\u00e9rprete da m\u00fasica in\u00e9dita que d\u00e1 nome ao projeto, composta por Pretinho da Serrinha, Gabriel Moura, Rog\u00ea e Leandro Fab. N\u00e3o recomendado para menores de 18 anos.<\/p>\n<p><strong>Eu recomendo<\/strong><br \/>\nNo show que faz hoje (1\u00ba\/6), \u00e0s 21h, no Espa\u00e7o Cultural do Choro Eixo Monumental), o grupo brasiliense Choro pra Cinco lan\u00e7a o CD <em>Caminho do vento<\/em>, de composi\u00e7\u00f5es autorais. Nessa apresenta\u00e7\u00e3o, Thanise Silva (flauta), Vinicius Magalh\u00e3es (viol\u00e3o 7 cordas), George Costa (viol\u00e3o 6 cordas), Pedro Sila (cavaquinho) e Gabriel Carmeiro (pandeiro) v\u00e3o tamb\u00e9m homenagear Jacob do Bandolim e Dino 7 Cordas, chor\u00f5es que fariam, 100 anos em 2018. N\u00e3o recomendado para menores de 14 anos<\/p>\n<p><strong>Jazz sinf\u00f4nico<\/strong><br \/>\nO saxofonista norte-americano Branford Marsalis \u00e9 a atra\u00e7\u00e3o do CCBB in Concert, com a Orquestra Sinf\u00f4nica do Teatro Nacional, no dia 16 pr\u00f3ximo, \u00e0s 16h, na \u00e1rea externa do Centro Cultural Banco do Brasil. No programa, al\u00e9m de pe\u00e7as de Bach, Villa-Lobos, m\u00fasicas de John Willians para a trilha sonora do filme<em> Star Wars<\/em> e standards de jazz. A entrada \u00e9 franca. Classifica\u00e7\u00e3o indicativa livre.<\/p>\n<p><strong>Em lan\u00e7amento<\/strong><br \/>\nUm dos \u00edcones da nova gera\u00e7\u00e3o da MPB, <a href=\"https:\/\/www.correiobraziliense.com.br\/app\/noticia\/diversao-e-arte\/2018\/05\/17\/interna_diversao_arte,681449\/johnny-hooker-fala-ao-correio-sobre-dia-de-combate-a-lgbtifobia.shtml\">Johnny Hooker<\/a> far\u00e1 show no dia 8, no Arena Futebol Clube (Setor de Clubes Sul) para lan\u00e7ar <em>Cora\u00e7\u00e3o<\/em>, seu segundo \u00e1lbum, no qual homenageia Caetano Veloso e David Bowie. Al\u00e9m de can\u00e7\u00f5es do novo trabalho, ele interpretar\u00e1 outras do <em>Eu vou fazer uma macumba pra te amarrar, maldito!<\/em>, o CD de estreia. N\u00e3o recomendado para menores de 18 anos.<\/p>\n<p><strong>Eterno Zeppelin<\/strong><br \/>\nDe volta \u00e0 cidade, o cantor Adriano Faquini participa do tributo ao Led Zeppelin, dia 8, no Teatro dos Banc\u00e1rios. Acompanhado por Kiko P\u00e9res (guitarra), Andr\u00e9 Benrdetti (baixo), Ticho Laven\u00e9re (bateria) e Marssal Leones (teclado) ele solta a voz em cl\u00e1ssicos da import\u00e2ncia de <em>Black dog<\/em>, <em>Kashmir<\/em>, <em>Whole lotta love<\/em> e, claro, <em>Starway to heaven<\/em>. N\u00e3o recomendado para menores de 12 anos.<\/p>\n<p><strong>Tradi\u00e7\u00e3o junina<\/strong><br \/>\nArtistas brasilienses s\u00e3o destaques na tradicional festa junina do Iate Clube, no fim da pr\u00f3xima semana. A dupla Lucas &amp; Barbara se apresenta na quinta-feira; o grupo SPX; e o cantor Guga Camafeu, no s\u00e1bado. O DJ Ren\u00ea Ricochet comanda as picapes nas tr\u00eas noites. Classifica\u00e7\u00e3o indicativa livre.<\/p>\n<p><strong>Para namorados<\/strong><br \/>\nMeolly Folk Surf &amp; Soul \u00e9 o nome da banda que faz um pocket show hoje (1\u00ba\/6), \u00e0s 18h, no Pont\u00e3o do Lago Sul, na abertura a edi\u00e7\u00e3o do Extra Chique Outlet, especial dos namorados. Meolli (voz e viol\u00e3o), Juninho de Souza (baixo) e Waltinho Pedroza (bateria) passeia por repert\u00f3rio ecl\u00e9tico, tocando hits de Tim Maia, Roberto Frejat, Elvis Presley e Elton John, entre outros. Classifica\u00e7\u00e3o indicativa livre.<\/p>\n<p><strong>Cena contempor\u00e2nea<\/strong><\/p>\n<figure id=\"attachment_389\" aria-describedby=\"caption-attachment-389\" style=\"width: 800px\" class=\"wp-caption aligncenter\"><img loading=\"lazy\" decoding=\"async\" class=\"size-full wp-image-389\" src=\"https:\/\/blogs.correiobraziliense.com.br\/trilhasonora\/wp-content\/uploads\/sites\/39\/2018\/05\/CBNFOT011120170057.jpg\" alt=\"Credito: Reprodu\u00e7\u00e3o Facebook. Cantor Pernambucano, Alm\u00e9rio.\" width=\"800\" height=\"533\" srcset=\"https:\/\/blogs.correiobraziliense.com.br\/trilhasonora\/wp-content\/uploads\/sites\/39\/2018\/05\/CBNFOT011120170057.jpg 800w, https:\/\/blogs.correiobraziliense.com.br\/trilhasonora\/wp-content\/uploads\/sites\/39\/2018\/05\/CBNFOT011120170057-300x200.jpg 300w, https:\/\/blogs.correiobraziliense.com.br\/trilhasonora\/wp-content\/uploads\/sites\/39\/2018\/05\/CBNFOT011120170057-768x512.jpg 768w, https:\/\/blogs.correiobraziliense.com.br\/trilhasonora\/wp-content\/uploads\/sites\/39\/2018\/05\/CBNFOT011120170057-550x366.jpg 550w, https:\/\/blogs.correiobraziliense.com.br\/trilhasonora\/wp-content\/uploads\/sites\/39\/2018\/05\/CBNFOT011120170057-230x153.jpg 230w\" sizes=\"auto, (max-width: 800px) 100vw, 800px\" \/><figcaption id=\"caption-attachment-389\" class=\"wp-caption-text\">Credito: Reprodu\u00e7\u00e3o Facebook. Cantor Pernambucano, Alm\u00e9rio.<\/figcaption><\/figure>\n<p>A quinta edi\u00e7\u00e3o do festival Sai da Rede, com a participa\u00e7\u00e3o de artistas da cena musical contempor\u00e2nea, ocupa o gramado do Centro Cultural Banco do Brasil no dia 30 deste m\u00eas e 1\u00ba de julho. O primeiro show re\u00fane os grupos baianos Baco Exu de Blues e Attoxa, e o rapper paulista Rincon Sapi\u00eancia. No segundo, as atra\u00e7\u00f5es s\u00e3o o grupo brasiliense Muntchako a cantora baiana Luedji Luna e o cantor pernambucano Almerio. Classifica\u00e7\u00e3o indicativa livre.<\/p>\n","protected":false},"excerpt":{"rendered":"<p>Confira os destaques da coluna Sons da Noite desta sexta-feira (1\u00ba\/6) Imagina na Copa! Torcida Brasil \u00e9 o projeto que vai embalar a sele\u00e7\u00e3o brasileira no per\u00edodo da Copa do Mundo, com eventos no Rio de Janeiro, S\u00e3o Paulo e Bras\u00edlia. Aqui, vai ocupar os jardins do Centro Cultural Banco do Brasil, no dia 15 de julho, data do encerramento [&hellip;]<\/p>\n","protected":false},"author":84,"featured_media":388,"comment_status":"open","ping_status":"open","sticky":false,"template":"","format":"standard","meta":{"footnotes":""},"categories":[49],"tags":[44,103],"class_list":["post-387","post","type-post","status-publish","format-standard","has-post-thumbnail","hentry","category-sons-da-noite","tag-sons-da-noite","tag-torcida-brasil"],"_links":{"self":[{"href":"https:\/\/blogs.correiobraziliense.com.br\/trilhasonora\/wp-json\/wp\/v2\/posts\/387","targetHints":{"allow":["GET"]}}],"collection":[{"href":"https:\/\/blogs.correiobraziliense.com.br\/trilhasonora\/wp-json\/wp\/v2\/posts"}],"about":[{"href":"https:\/\/blogs.correiobraziliense.com.br\/trilhasonora\/wp-json\/wp\/v2\/types\/post"}],"author":[{"embeddable":true,"href":"https:\/\/blogs.correiobraziliense.com.br\/trilhasonora\/wp-json\/wp\/v2\/users\/84"}],"replies":[{"embeddable":true,"href":"https:\/\/blogs.correiobraziliense.com.br\/trilhasonora\/wp-json\/wp\/v2\/comments?post=387"}],"version-history":[{"count":2,"href":"https:\/\/blogs.correiobraziliense.com.br\/trilhasonora\/wp-json\/wp\/v2\/posts\/387\/revisions"}],"predecessor-version":[{"id":392,"href":"https:\/\/blogs.correiobraziliense.com.br\/trilhasonora\/wp-json\/wp\/v2\/posts\/387\/revisions\/392"}],"wp:featuredmedia":[{"embeddable":true,"href":"https:\/\/blogs.correiobraziliense.com.br\/trilhasonora\/wp-json\/wp\/v2\/media\/388"}],"wp:attachment":[{"href":"https:\/\/blogs.correiobraziliense.com.br\/trilhasonora\/wp-json\/wp\/v2\/media?parent=387"}],"wp:term":[{"taxonomy":"category","embeddable":true,"href":"https:\/\/blogs.correiobraziliense.com.br\/trilhasonora\/wp-json\/wp\/v2\/categories?post=387"},{"taxonomy":"post_tag","embeddable":true,"href":"https:\/\/blogs.correiobraziliense.com.br\/trilhasonora\/wp-json\/wp\/v2\/tags?post=387"}],"curies":[{"name":"wp","href":"https:\/\/api.w.org\/{rel}","templated":true}]}}