{"id":384,"date":"2018-05-29T18:17:41","date_gmt":"2018-05-29T21:17:41","guid":{"rendered":"https:\/\/blogs.correiobraziliense.com.br\/trilhasonora\/?p=384"},"modified":"2018-05-29T18:17:41","modified_gmt":"2018-05-29T21:17:41","slug":"dionne-warwick-brasilia","status":"publish","type":"post","link":"https:\/\/blogs.correiobraziliense.com.br\/trilhasonora\/dionne-warwick-brasilia\/","title":{"rendered":"Dionne Warwick se apresenta em agosto em Bras\u00edlia"},"content":{"rendered":"<h3>A cantora Dionne Warwick traz \u00e0 capital a turn\u00ea dos 50 anos de carreira<\/h3>\n<p>Bras\u00edlia vai receber pela primeira vez, em 25 de agosto, para apresenta\u00e7\u00e3o no audit\u00f3rio master do Centro de Conven\u00e7\u00f5es Ulysses Guimar\u00e3es (Eixo Monumental), uma das grandes estrelas da m\u00fasica pop norte-americana, a cantora Dionne Warwick. Neste show, ela vai revisitar sucessos marcantes em seus 50 anos de carreira, como <em>No night so long<\/em>, <em>Deja vu<\/em>, <em>Heartbreaker<\/em>, <em>Love power<\/em> e<em> I&#8217;ll never fall in love again<\/em>.<\/p>\n<p><em>Feels so good<\/em>, um \u00e1lbum de duetos, \u00e9 o lan\u00e7amento mais recente de Warwick, no qual ela tem como convidados Steve Wonder, Ziggy Marley, Cyndi Lauper, Alicia Keys, Ne-Yo, Jamie Foxx e a neta Warwick Cheyenne, entre outros. O disco, que tem como um dos produtores o filho Damon Elliott, traz o canto elegante de uma int\u00e9rprete que chegou aos 78 anos ainda em grande forma.<\/p>\n<p><iframe loading=\"lazy\" title=\"Dione Warwick\" width=\"1440\" height=\"810\" src=\"https:\/\/www.youtube.com\/embed\/8V7Kj7ovJZY?feature=oembed\" frameborder=\"0\" allow=\"accelerometer; autoplay; clipboard-write; encrypted-media; gyroscope; picture-in-picture; web-share\" referrerpolicy=\"strict-origin-when-cross-origin\" allowfullscreen><\/iframe><\/p>\n<p>No in\u00edcio da carreira, na d\u00e9cada de 1980, Warwick ficou conhecida como int\u00e9rprete de can\u00e7\u00f5es do compositor Burt Bacharach e emplacou hits como <em>Walk on by<\/em> e<em> Alfie<\/em>. Com maias de 60 milh\u00f5es de discos vendidos, a cantora vem ao Brasil &#8212; onde chegou a morar &#8212; com alguma frequ\u00eancia. O show em Bras\u00edlia faz parte da sua nova turn\u00ea pelo pa\u00eds.<\/p>\n<p>Os ingressos para o show j\u00e1 est\u00e3o \u00e0 venda no G2 do Bras\u00edlia Shopping, segundo piso do Conjunto Nacional e no terceiro piso do P\u00e1tio Brasil. De segunda a s\u00e1bado, das 19h \u00e0s 22h e aos domingos de 14h \u00e0s 20h.<\/p>\n<p>Os pre\u00e7os dos ingressos s\u00e3o os seguintes: R$ 100 (superior), R$ 150 (especial B), R$ 200 (especial A), R$ 250 (vip lateral) e R$ 300 (poltrona vip) &#8212; valores referentes \u00e0 meia entrada. Assinantes do <strong>Correio<\/strong> tem 50% e desconto na compra de at\u00e9 quatro ingressos, somente no Bras\u00edlia Shopping.<\/p>\n<h2>Confira I&#8217;ll never love this way again, de Dionne Warnick<\/h2>\n<p><iframe loading=\"lazy\" title=\"Dionne Warwick  &quot;I&amp;apos;ll Never Love This Way Again&quot; (ORIGINAL)\" width=\"1333\" height=\"1000\" src=\"https:\/\/www.youtube.com\/embed\/LO9NP-SiT8s?feature=oembed\" frameborder=\"0\" allow=\"accelerometer; autoplay; clipboard-write; encrypted-media; gyroscope; picture-in-picture; web-share\" referrerpolicy=\"strict-origin-when-cross-origin\" allowfullscreen><\/iframe><\/p>\n","protected":false},"excerpt":{"rendered":"<p>A cantora Dionne Warwick traz \u00e0 capital a turn\u00ea dos 50 anos de carreira<\/p>\n","protected":false},"author":84,"featured_media":385,"comment_status":"open","ping_status":"open","sticky":false,"template":"","format":"standard","meta":{"footnotes":""},"categories":[2],"tags":[102,26,101,21],"class_list":["post-384","post","type-post","status-publish","format-standard","has-post-thumbnail","hentry","category-musica","tag-agosto","tag-brasilia","tag-dionne-warwick","tag-show"],"_links":{"self":[{"href":"https:\/\/blogs.correiobraziliense.com.br\/trilhasonora\/wp-json\/wp\/v2\/posts\/384","targetHints":{"allow":["GET"]}}],"collection":[{"href":"https:\/\/blogs.correiobraziliense.com.br\/trilhasonora\/wp-json\/wp\/v2\/posts"}],"about":[{"href":"https:\/\/blogs.correiobraziliense.com.br\/trilhasonora\/wp-json\/wp\/v2\/types\/post"}],"author":[{"embeddable":true,"href":"https:\/\/blogs.correiobraziliense.com.br\/trilhasonora\/wp-json\/wp\/v2\/users\/84"}],"replies":[{"embeddable":true,"href":"https:\/\/blogs.correiobraziliense.com.br\/trilhasonora\/wp-json\/wp\/v2\/comments?post=384"}],"version-history":[{"count":1,"href":"https:\/\/blogs.correiobraziliense.com.br\/trilhasonora\/wp-json\/wp\/v2\/posts\/384\/revisions"}],"predecessor-version":[{"id":386,"href":"https:\/\/blogs.correiobraziliense.com.br\/trilhasonora\/wp-json\/wp\/v2\/posts\/384\/revisions\/386"}],"wp:featuredmedia":[{"embeddable":true,"href":"https:\/\/blogs.correiobraziliense.com.br\/trilhasonora\/wp-json\/wp\/v2\/media\/385"}],"wp:attachment":[{"href":"https:\/\/blogs.correiobraziliense.com.br\/trilhasonora\/wp-json\/wp\/v2\/media?parent=384"}],"wp:term":[{"taxonomy":"category","embeddable":true,"href":"https:\/\/blogs.correiobraziliense.com.br\/trilhasonora\/wp-json\/wp\/v2\/categories?post=384"},{"taxonomy":"post_tag","embeddable":true,"href":"https:\/\/blogs.correiobraziliense.com.br\/trilhasonora\/wp-json\/wp\/v2\/tags?post=384"}],"curies":[{"name":"wp","href":"https:\/\/api.w.org\/{rel}","templated":true}]}}