{"id":381,"date":"2018-05-25T08:00:29","date_gmt":"2018-05-25T11:00:29","guid":{"rendered":"https:\/\/blogs.correiobraziliense.com.br\/trilhasonora\/?p=381"},"modified":"2018-05-24T20:07:54","modified_gmt":"2018-05-24T23:07:54","slug":"sons-da-noite-show-de-zeca-e-bethania-tera-repertorio-de-duas-horas","status":"publish","type":"post","link":"https:\/\/blogs.correiobraziliense.com.br\/trilhasonora\/sons-da-noite-show-de-zeca-e-bethania-tera-repertorio-de-duas-horas\/","title":{"rendered":"Sons da Noite: Show de Zeca e Beth\u00e2nia ter\u00e1 repert\u00f3rio de duas horas"},"content":{"rendered":"<p><strong>Samba, Zeca e Beth\u00e2nia<\/strong><\/p>\n<p><em>Sonho meu<\/em>, cl\u00e1ssico da obra de Dona Ivone, gravado em duo por Zeca Pagodinho e Maria Beth\u00e2nia no DVD <em>O quintal do Pagodinho<\/em>, foi determinante para que esses dois \u00edcones da m\u00fasica popular brasileira voltassem a se encontrar no <em>De Santo Amaro a Xer\u00e9m<\/em>. O show, que estreou em Recife, em 7 de abril, vem sendo apresentado em outras capitais brasileiras.<\/p>\n<p>Na pr\u00f3xima quarta-feira, o espet\u00e1culo, que coloca o samba em destaque, chega a Bras\u00edlia e ocupa o palco do audit\u00f3rio master do Centro de Conven\u00e7\u00f5es Ulysses Guimar\u00e3es.<\/p>\n<p>Durante duas horas Zeca, e Beth\u00e2nia passeiam por extenso repert\u00f3rio, que inclui <em>A voz do morro<\/em>, <em>Cora\u00e7\u00e3o em desalinho<\/em>, <em>Falsa baiana<\/em>, <em>Ronda,<\/em> <em>Deixa a vida me levar<\/em>, <em>O que \u00e9 o que \u00e9<\/em> e <em>Vai vadiar<\/em>, al\u00e9m de sambas-enredo da Mangueira e da Portela.Os ingressos est\u00e3o \u00e0 venda no G2 do Bras\u00edlia Shopping. N\u00e3o recomendado para menores de 14 anos.<\/p>\n<p><strong>Eu recomendo<\/strong><br \/>\nM\u00e1rcia Tauil, cantora mineira radicada em Bras\u00edlia, comemora 20 anos de carreira com show amanh\u00e3 (26\/5), \u00e0s 21h30, no Feiti\u00e7o Mineiro, tendo como convidada especial Juliana Caymmi (neta do mestre Dorival Caymmi), que est\u00e1 lan\u00e7ando o CD <em>Par em \u00edmpar<\/em>. No repert\u00f3rio que elas v\u00e3o interpretar, em solos e duo, est\u00e3o p\u00e9rolas da MPB, como <em>Morena do mar<\/em>, <em>Desenredo<\/em>, <em>Cuitelinho<\/em>, <em>Essa mulher<\/em>, <em>Tocando em frente<\/em> e <em>Su\u00edte dos pescadores<\/em>. N\u00e3o recomendado para menores de 18 anos.<\/p>\n<p><strong>Estreia nacional<\/strong><br \/>\nVai ser em Bras\u00edlia, no pr\u00f3ximo dia 12, a estreia nacional do Prudential Concerts 2018, que, nesta edi\u00e7\u00e3o, homenagear\u00e1 os 60 anos da bossa nova. No Teatro Unip (913 Sul), Alceu Valen\u00e7a, acompanhado por orquestra, sob a reg\u00eancia do maestro Carlos Prazeres, interpreta cl\u00e1ssicos do movimento, tido como divisor de \u00e1guas da MPB. N\u00e3o recomendado para menores de 14 anos.<\/p>\n<p><strong>Bamba carioca<\/strong><br \/>\nNuma promo\u00e7\u00e3o do Consulado da Portela em Bras\u00edlia, a Aruc traz a cantora e compositora carioca Dorina \u2014 criadora do bloco Mulheres de Zeca \u2014 para apresenta\u00e7\u00e3o em 3 de junho. Ela ser\u00e1 a atra\u00e7\u00e3o da feijoada, que tem a participa\u00e7\u00e3o de Marcelo Sena, Kika Ribeiro, 7 na Roda e das baterias Furiosa e Ritmo Quente. N\u00e3o recomendado para menores de 16 anos.<\/p>\n<p><strong>Palco cultural<\/strong><br \/>\nA partir do dia 31 pr\u00f3ximo, \u00e0s 20h, o UK Brasil (411 Sul) passa a promover \u2014 sempre \u00e0s quintas-feiras \u2014 o projeto Palco, M\u00fasica e Cultura, com shows de MPB, jazz, pop, rock e sul music. Quem se apresenta na estreia \u00e9 o contrabaixista Oswaldo Amorim, acompanhado por Renato Vasconcellos (teclados), Pedrino Almeida (bateria), Rodrigo Bezerra (guitarra) e Bruno Medina (sax). N\u00e3o recomendado para menores de 18 anos.<\/p>\n<p><strong>Cl\u00e1ssicos italianos<\/strong><br \/>\n<em>Apunti musicali dal mondo<\/em> \u00e9 o nome do show que Tosca Donati faz, na pr\u00f3xima segunda-feira, \u00e0s 21h, no Espa\u00e7o Cultural do Choro. A cantora italiana, que tem a companhia de banda e Marienne de Castro, como convidada, interpreta cl\u00e1ssicos da obra de Enio Morricone, Nicola Pioani, Lucio Dalla e Chico Buarque. N\u00e3o recomendado para menores de 14 anos.<\/p>\n<p><strong>Em duo<\/strong><br \/>\nCanto e contracanto \u00e9 o nome do show que Janette Dornellas e Pec\u00ea Souza fazem hoje, \u00e0s 21h, no Ottramanera Cocina Latina (413 Sul). Eles se juntam para interpretar preciosidades da MPB, como Amigo \u00e9 pra essas coisas, Andan\u00e7a, Jo\u00e3o e Maria, Noite dos mascarados, Samba em prel\u00fadio e Sem fantasia. N\u00e3o recomendado para menores de 18 anos.<\/p>\n<p><strong>Partida de futebol<\/strong><br \/>\nEm clima de Copa do Mundo, chega \u00e0 cidade para apresenta\u00e7\u00e3o, em 23 e 24 de junho, no teatro do Centro Cultural Banco do Brasil, o premiado musical Samba Futebol Clube. Com texto e dire\u00e7\u00e3o de Gustavo Gasparani, o espet\u00e1culo tem no elenco os atores e cantores Alan Rocha, Cristiano Gualda, Daniel Carneirom Gabriel Manita, Jonas Hammar, Luiz Nicolau, Pedro Lima e Rodrigo Lima. Como se fossem jogadores e torcedores, eles se revezam numa narrativa dram\u00e1tico-musical. N\u00e3o recomendado para menores de 12 anos.<\/p>\n","protected":false},"excerpt":{"rendered":"<p>Samba, Zeca e Beth\u00e2nia Sonho meu, cl\u00e1ssico da obra de Dona Ivone, gravado em duo por Zeca Pagodinho e Maria Beth\u00e2nia no DVD O quintal do Pagodinho, foi determinante para que esses dois \u00edcones da m\u00fasica popular brasileira voltassem a se encontrar no De Santo Amaro a Xer\u00e9m. O show, que estreou em Recife, em 7 de abril, vem sendo [&hellip;]<\/p>\n","protected":false},"author":84,"featured_media":382,"comment_status":"open","ping_status":"open","sticky":false,"template":"","format":"standard","meta":{"footnotes":""},"categories":[27],"tags":[87,82],"class_list":["post-381","post","type-post","status-publish","format-standard","has-post-thumbnail","hentry","category-coluna-sons-da-noite","tag-zeca-pagodinho","tag-zeca-pagodinho-e-maria-bethania"],"_links":{"self":[{"href":"https:\/\/blogs.correiobraziliense.com.br\/trilhasonora\/wp-json\/wp\/v2\/posts\/381","targetHints":{"allow":["GET"]}}],"collection":[{"href":"https:\/\/blogs.correiobraziliense.com.br\/trilhasonora\/wp-json\/wp\/v2\/posts"}],"about":[{"href":"https:\/\/blogs.correiobraziliense.com.br\/trilhasonora\/wp-json\/wp\/v2\/types\/post"}],"author":[{"embeddable":true,"href":"https:\/\/blogs.correiobraziliense.com.br\/trilhasonora\/wp-json\/wp\/v2\/users\/84"}],"replies":[{"embeddable":true,"href":"https:\/\/blogs.correiobraziliense.com.br\/trilhasonora\/wp-json\/wp\/v2\/comments?post=381"}],"version-history":[{"count":1,"href":"https:\/\/blogs.correiobraziliense.com.br\/trilhasonora\/wp-json\/wp\/v2\/posts\/381\/revisions"}],"predecessor-version":[{"id":383,"href":"https:\/\/blogs.correiobraziliense.com.br\/trilhasonora\/wp-json\/wp\/v2\/posts\/381\/revisions\/383"}],"wp:featuredmedia":[{"embeddable":true,"href":"https:\/\/blogs.correiobraziliense.com.br\/trilhasonora\/wp-json\/wp\/v2\/media\/382"}],"wp:attachment":[{"href":"https:\/\/blogs.correiobraziliense.com.br\/trilhasonora\/wp-json\/wp\/v2\/media?parent=381"}],"wp:term":[{"taxonomy":"category","embeddable":true,"href":"https:\/\/blogs.correiobraziliense.com.br\/trilhasonora\/wp-json\/wp\/v2\/categories?post=381"},{"taxonomy":"post_tag","embeddable":true,"href":"https:\/\/blogs.correiobraziliense.com.br\/trilhasonora\/wp-json\/wp\/v2\/tags?post=381"}],"curies":[{"name":"wp","href":"https:\/\/api.w.org\/{rel}","templated":true}]}}