{"id":375,"date":"2018-05-24T18:50:46","date_gmt":"2018-05-24T21:50:46","guid":{"rendered":"https:\/\/blogs.correiobraziliense.com.br\/trilhasonora\/?p=375"},"modified":"2023-12-13T10:10:48","modified_gmt":"2023-12-13T13:10:48","slug":"caetano-veloso-cddvd-ofertorio","status":"publish","type":"post","link":"https:\/\/blogs.correiobraziliense.com.br\/trilhasonora\/caetano-veloso-cddvd-ofertorio\/","title":{"rendered":"Caetano Veloso lan\u00e7a ao lado dos filhos o CD\/DVD Ofert\u00f3rio"},"content":{"rendered":"<h3>Disco <em>Ofert\u00f3rio<\/em>, da fam\u00edlia Veloso, estar\u00e1 dispon\u00edvel para venda a partir de sexta-feira (25\/5)<\/h3>\n<p>&#8220;Decidimos por o t\u00edtulo <em>Ofert\u00f3rio<\/em> no CD\/DVD do nosso show (que at\u00e9 ent\u00e3o, era conhecido apenas pela lista dos nossos nomes em ordem de idade e de n\u00famero de s\u00edlabas: Caetano Moreno Zeca Tom &#8212; Veloso) quando ela j\u00e1 tinha sido apresentado em temporadas no Rio e em S\u00e3o Paulo, al\u00e9m de uma ida a BH. \u00c9 que a can\u00e7\u00e3o que fiz para a missa de 90 anos de minha m\u00e3e toca no cerne de nosso feixe tem\u00e1tico: as rela\u00e7\u00f5es familiares, a fam\u00edlia de inspira\u00e7\u00f5es que assaltam os quatro modestos, mas entusiasmados criadores, a vis\u00e3o total que, como nenhuma outra dimens\u00e3o do conhecimento, a religi\u00e3o exp\u00f5e&#8221;.<\/p>\n<p>Essa \u00e9 a parte inicial do texto que Caetano Veloso escreveu, para anunciar o lan\u00e7amento na sexta-feira (25\/5), do CD e DVD, gravado em outubro de 2017, no Teatro Net, na capital paulista. O bel\u00edssimo espet\u00e1culo foi visto em Bras\u00edlia, em 2 de dezembro do ano passado, por plateia que lotou o audit\u00f3rio master do Centro de Conven\u00e7\u00f5es Ulysses Guimar\u00e3es; e saiu de l\u00e1 emocionada.<\/p>\n<figure id=\"attachment_377\" aria-describedby=\"caption-attachment-377\" style=\"width: 1200px\" class=\"wp-caption aligncenter\"><img loading=\"lazy\" decoding=\"async\" class=\"size-full wp-image-377\" src=\"https:\/\/blogs.correiobraziliense.com.br\/trilhasonora\/wp-content\/uploads\/sites\/39\/2018\/05\/ofert\u00f3rio1.jpg\" alt=\"Cr\u00e9dito: Universal Music\/Divulga\u00e7\u00e3o\" width=\"1200\" height=\"1200\" srcset=\"https:\/\/blogs.correiobraziliense.com.br\/trilhasonora\/wp-content\/uploads\/sites\/39\/2018\/05\/ofert\u00f3rio1.jpg 1200w, https:\/\/blogs.correiobraziliense.com.br\/trilhasonora\/wp-content\/uploads\/sites\/39\/2018\/05\/ofert\u00f3rio1-150x150.jpg 150w, https:\/\/blogs.correiobraziliense.com.br\/trilhasonora\/wp-content\/uploads\/sites\/39\/2018\/05\/ofert\u00f3rio1-300x300.jpg 300w, https:\/\/blogs.correiobraziliense.com.br\/trilhasonora\/wp-content\/uploads\/sites\/39\/2018\/05\/ofert\u00f3rio1-768x768.jpg 768w, https:\/\/blogs.correiobraziliense.com.br\/trilhasonora\/wp-content\/uploads\/sites\/39\/2018\/05\/ofert\u00f3rio1-1024x1024.jpg 1024w, https:\/\/blogs.correiobraziliense.com.br\/trilhasonora\/wp-content\/uploads\/sites\/39\/2018\/05\/ofert\u00f3rio1-550x550.jpg 550w, https:\/\/blogs.correiobraziliense.com.br\/trilhasonora\/wp-content\/uploads\/sites\/39\/2018\/05\/ofert\u00f3rio1-230x230.jpg 230w\" sizes=\"auto, (max-width: 1200px) 100vw, 1200px\" \/><figcaption id=\"caption-attachment-377\" class=\"wp-caption-text\">Cr\u00e9dito: Universal Music\/Divulga\u00e7\u00e3o<\/figcaption><\/figure>\n<p>Em seguida ele diz: &#8220;Esse canto ritual (<em>Ofert\u00f3rio<\/em>), escrito por mim, que sou o \u00fanico n\u00e3o religioso do grupo, ilumina a entrada de <em>Reconvexo<\/em>, o desaforado brado do Rec\u00f4ncavo Baiano, que no roteiro, vem logo em seguida. Mas tamb\u00e9m expande seus raios sobre <em>Um passo \u00e0 frente<\/em>, de Moreno;\u00a0<em>Todo homem<\/em>, de Zeca;<em> Clar\u00e3o<\/em>, de Tom; <em>Meu Jenipapo absoluto<\/em> e <em>T\u00e1 escrito<\/em>, de Xande de Pilares.<\/p>\n<p>Caetano vai al\u00e9m: &#8220;Na nossa cabe\u00e7a n\u00e3o t\u00ednhamos um &#8216;produto&#8217; para oferecer. Tratava-se sempre de uma delicada e vulner\u00e1vel experi\u00eancia existencial que enfrentamos com alegria e preocupa\u00e7\u00e3o. A estreia logo nos colocou mais ao lado da alegria. Mas continuamos atentos. Agora temos um produto para apresentar. Que nosso grupo semiamador, mas de alma sofisticada, apare\u00e7a nessas grava\u00e7\u00f5es fiel ao seu esp\u00edrito. Esperamos que todas as pessoas que virem e ouvirem, no CD\/DVD, possam tamb\u00e9m se enternecer com nossos sons e imagens. Que nossa aventura familiar contribua com a constru\u00e7\u00e3o do Brasil&#8221;.<\/p>\n<p>Por enquanto, apenas tr\u00eas m\u00fasicas de <em>Ofert\u00f3rio<\/em> est\u00e3o dispon\u00edveis na plataforma digital. O disco completo entra no ar no Spotify na sexta.<\/p>\n<h2>Ou\u00e7a o \u00e1lbum <em>Ofert\u00f3rio<\/em><\/h2>\n<p><iframe style=\"border-radius: 12px\" width=\"100%\" height=\"352\" title=\"Spotify Embed: Ofert\u00f3rio (Ao Vivo)\" frameborder=\"0\" allowfullscreen allow=\"autoplay; clipboard-write; encrypted-media; fullscreen; picture-in-picture\" loading=\"lazy\" src=\"https:\/\/open.spotify.com\/embed\/album\/3PlAbFQa9MEymxTgQC51wv?utm_source=oembed\"><\/iframe><\/p>\n<h2>Confira\u00a0v\u00eddeo de\u00a0<em>Ofert\u00f3rio<\/em><\/h2>\n<p>&nbsp;<\/p>\n<p><iframe loading=\"lazy\" title=\"Caetano Veloso, Moreno Veloso, Tom Veloso - Um Canto De Afox\u00e9 Para O Bloco Do Il\u00ea ft. Zeca Veloso\" width=\"1440\" height=\"810\" src=\"https:\/\/www.youtube.com\/embed\/0hIzAkQ2F4k?feature=oembed\" frameborder=\"0\" allow=\"accelerometer; autoplay; clipboard-write; encrypted-media; gyroscope; picture-in-picture; web-share\" referrerpolicy=\"strict-origin-when-cross-origin\" allowfullscreen><\/iframe><br \/>\n<iframe loading=\"lazy\" title=\"Caetano Veloso, Zeca Veloso, Tom Veloso - O Seu Amor (Ao Vivo) ft. Moreno Veloso\" width=\"1440\" height=\"810\" src=\"https:\/\/www.youtube.com\/embed\/tCzmwG5ZB6g?feature=oembed\" frameborder=\"0\" allow=\"accelerometer; autoplay; clipboard-write; encrypted-media; gyroscope; picture-in-picture; web-share\" referrerpolicy=\"strict-origin-when-cross-origin\" allowfullscreen><\/iframe><\/p>\n<p><em><strong>Ofert\u00f3rio<\/strong><\/em><br \/>\nDe Caetano, Moreno, Zeca e Tom Veloso. Universal Music, 29 faixas. Pre\u00e7o m\u00e9dio: R$ 27,90 (CD) e R$ 36,90 (DVD).<\/p>\n","protected":false},"excerpt":{"rendered":"<p>Disco Ofert\u00f3rio, de Caetano Veloso e os filhos Moreno, Zeca e Tom, estar\u00e1 dispon\u00edvel para venda a partir de sexta-feira (25\/5)<\/p>\n","protected":false},"author":84,"featured_media":376,"comment_status":"open","ping_status":"open","sticky":false,"template":"","format":"standard","meta":{"footnotes":""},"categories":[2],"tags":[58,66,98,99,100],"class_list":["post-375","post","type-post","status-publish","format-standard","has-post-thumbnail","hentry","category-musica","tag-caetano-veloso","tag-moreno-veloso","tag-ofertorio","tag-tom","tag-zeca"],"_links":{"self":[{"href":"https:\/\/blogs.correiobraziliense.com.br\/trilhasonora\/wp-json\/wp\/v2\/posts\/375","targetHints":{"allow":["GET"]}}],"collection":[{"href":"https:\/\/blogs.correiobraziliense.com.br\/trilhasonora\/wp-json\/wp\/v2\/posts"}],"about":[{"href":"https:\/\/blogs.correiobraziliense.com.br\/trilhasonora\/wp-json\/wp\/v2\/types\/post"}],"author":[{"embeddable":true,"href":"https:\/\/blogs.correiobraziliense.com.br\/trilhasonora\/wp-json\/wp\/v2\/users\/84"}],"replies":[{"embeddable":true,"href":"https:\/\/blogs.correiobraziliense.com.br\/trilhasonora\/wp-json\/wp\/v2\/comments?post=375"}],"version-history":[{"count":4,"href":"https:\/\/blogs.correiobraziliense.com.br\/trilhasonora\/wp-json\/wp\/v2\/posts\/375\/revisions"}],"predecessor-version":[{"id":2934,"href":"https:\/\/blogs.correiobraziliense.com.br\/trilhasonora\/wp-json\/wp\/v2\/posts\/375\/revisions\/2934"}],"wp:featuredmedia":[{"embeddable":true,"href":"https:\/\/blogs.correiobraziliense.com.br\/trilhasonora\/wp-json\/wp\/v2\/media\/376"}],"wp:attachment":[{"href":"https:\/\/blogs.correiobraziliense.com.br\/trilhasonora\/wp-json\/wp\/v2\/media?parent=375"}],"wp:term":[{"taxonomy":"category","embeddable":true,"href":"https:\/\/blogs.correiobraziliense.com.br\/trilhasonora\/wp-json\/wp\/v2\/categories?post=375"},{"taxonomy":"post_tag","embeddable":true,"href":"https:\/\/blogs.correiobraziliense.com.br\/trilhasonora\/wp-json\/wp\/v2\/tags?post=375"}],"curies":[{"name":"wp","href":"https:\/\/api.w.org\/{rel}","templated":true}]}}