{"id":360,"date":"2018-05-09T18:21:25","date_gmt":"2018-05-09T21:21:25","guid":{"rendered":"https:\/\/blogs.correiobraziliense.com.br\/trilhasonora\/?p=360"},"modified":"2018-05-09T18:21:25","modified_gmt":"2018-05-09T21:21:25","slug":"chico-buarque","status":"publish","type":"post","link":"https:\/\/blogs.correiobraziliense.com.br\/trilhasonora\/chico-buarque\/","title":{"rendered":"Ainda h\u00e1 ingressos dispon\u00edveis para show de Chico Buarque em Bras\u00edlia"},"content":{"rendered":"<h3>Apesar da alta procura no primeiro dia de vendas, ainda h\u00e1 lugares dispon\u00edveis para assistir a Caravanas, show de Chico Buarque, em Bras\u00edlia<\/h3>\n<p><em>Caravanas<\/em>, o show de Chico Buarque que tem lotado plateias em em todos os locais onde vem sendo apresentado, chega a Bras\u00edlia em agosto e fica em cartaz no audit\u00f3rio master do Centro de Conven\u00e7\u00f5es Ulysses Guimar\u00e3es, nos dias 30 e 31, tem ingressos disputados. Na quarta-feira, quando os ingressos come\u00e7aram a ser vendidos na Fnac (ParkShopping), a grande procura refletiu o interesse do brasiliense pelo espet\u00e1culo.<\/p>\n<p>De acordo com a assessoria de imprensa do cantor e compositor carioca, ainda h\u00e1 ingressos dispon\u00edveis para os dois dias em todos os setores. Para o dia 30 (quinta-feira) a cota de meia entrada j\u00e1 foi alcan\u00e7ada no setores vip e premium. Nesses setores \u00e9 poss\u00edvel comprar ingressos, mas s\u00f3 de inteira. Para as poltronas superior e superior vis\u00e3o parcial existem ingressos de meia.<\/p>\n<p>Em rela\u00e7\u00e3o ao dia 31 (sexta-feira), a cota de meia entrada j\u00e1 foi alcan\u00e7ada no setor vip. Nesse setor \u00e9 poss\u00edvel adquirir ingressos, mas s\u00f3 de inteira. No setor premium, na poltrona superior<br \/>\ne poltrona vis\u00e3o parcial existem ingressos para inteira e meia.<\/p>\n<p>Os pre\u00e7os dos ingressos &#8212; vendidos tamb\u00e9m pelo aplicativo IngresoR\u00e1pido e pelo site http:\/\/ingressorapido.com.br s\u00e3o os seguintes: R$ 245 (poltrona premium), R$ 225 (poltrona vip), RF$ 198 (poltrona siperior) e R$ 160 (poltrona superior, vis\u00e3o parcial) &#8212; valores referentes a meia entrada.<\/p>\n<p>O repert\u00f3rio de Caravanas tem por base as can\u00e7\u00f5es do CD e LP hom\u00f4nimos, lan\u00e7ados pela grav adora Biscoito Fino, mas houve a inclus\u00e3o de cl\u00e1ssicos da obra de Chico, que tem, em cena, a companhia de banda de nove m\u00fasicos. A dire\u00e7\u00e3o musical \u00e9 de Luiz Cl\u00e1udio Ramos. O cen\u00e1rio tem assinatura de H\u00e9lio Eichbauer; e a luz \u00e9 de Maneco Quinder\u00e9.<\/p>\n","protected":false},"excerpt":{"rendered":"<p>Apesar da alta procura no primeiro dia de vendas, ainda h\u00e1 lugares dispon\u00edveis para assistir a Caravanas, show de Chico Buarque, em Bras\u00edlia<\/p>\n","protected":false},"author":84,"featured_media":215,"comment_status":"open","ping_status":"open","sticky":false,"template":"","format":"standard","meta":{"footnotes":""},"categories":[2],"tags":[23,25],"class_list":["post-360","post","type-post","status-publish","format-standard","has-post-thumbnail","hentry","category-musica","tag-caravanas","tag-chico-buarque"],"_links":{"self":[{"href":"https:\/\/blogs.correiobraziliense.com.br\/trilhasonora\/wp-json\/wp\/v2\/posts\/360","targetHints":{"allow":["GET"]}}],"collection":[{"href":"https:\/\/blogs.correiobraziliense.com.br\/trilhasonora\/wp-json\/wp\/v2\/posts"}],"about":[{"href":"https:\/\/blogs.correiobraziliense.com.br\/trilhasonora\/wp-json\/wp\/v2\/types\/post"}],"author":[{"embeddable":true,"href":"https:\/\/blogs.correiobraziliense.com.br\/trilhasonora\/wp-json\/wp\/v2\/users\/84"}],"replies":[{"embeddable":true,"href":"https:\/\/blogs.correiobraziliense.com.br\/trilhasonora\/wp-json\/wp\/v2\/comments?post=360"}],"version-history":[{"count":1,"href":"https:\/\/blogs.correiobraziliense.com.br\/trilhasonora\/wp-json\/wp\/v2\/posts\/360\/revisions"}],"predecessor-version":[{"id":361,"href":"https:\/\/blogs.correiobraziliense.com.br\/trilhasonora\/wp-json\/wp\/v2\/posts\/360\/revisions\/361"}],"wp:featuredmedia":[{"embeddable":true,"href":"https:\/\/blogs.correiobraziliense.com.br\/trilhasonora\/wp-json\/wp\/v2\/media\/215"}],"wp:attachment":[{"href":"https:\/\/blogs.correiobraziliense.com.br\/trilhasonora\/wp-json\/wp\/v2\/media?parent=360"}],"wp:term":[{"taxonomy":"category","embeddable":true,"href":"https:\/\/blogs.correiobraziliense.com.br\/trilhasonora\/wp-json\/wp\/v2\/categories?post=360"},{"taxonomy":"post_tag","embeddable":true,"href":"https:\/\/blogs.correiobraziliense.com.br\/trilhasonora\/wp-json\/wp\/v2\/tags?post=360"}],"curies":[{"name":"wp","href":"https:\/\/api.w.org\/{rel}","templated":true}]}}