{"id":321,"date":"2018-04-19T18:55:17","date_gmt":"2018-04-19T21:55:17","guid":{"rendered":"https:\/\/blogs.correiobraziliense.com.br\/trilhasonora\/?p=321"},"modified":"2018-04-20T17:06:58","modified_gmt":"2018-04-20T20:06:58","slug":"premio-profissionais-da-musica","status":"publish","type":"post","link":"https:\/\/blogs.correiobraziliense.com.br\/trilhasonora\/premio-profissionais-da-musica\/","title":{"rendered":"Cantora ga\u00facha Camila Lopez impressiona no Pr\u00eamio Profissionais da M\u00fasica"},"content":{"rendered":"<h3>Com show em Tributo a Elis\u00a0Regina, Camilo Lopez impressionou at\u00e9 Roberto Menescal, homenageado desta edi\u00e7\u00e3o do Pr\u00eamio Profissionais da M\u00fasica.<\/h3>\n<p>O primeiro grande momento da quarta edi\u00e7\u00e3o do Pr\u00eamio Profissionais da M\u00fasica foi proporcionado pelo show <i>Tributo a Elis Regina<\/i>, com a cantora ga\u00facha Camila Lopez, na quarta-feira no Bar Brahma (201 Sul), durante a recep\u00e7\u00e3o da produ\u00e7\u00e3o do evento aos artistas participantes, tendo \u00e0 frente o produtor Gustavo Vasconcellos.<\/p>\n<p>Int\u00e9rprete com timbre pr\u00f3ximo ao de Elis e expressiva presen\u00e7a c\u00eanica, Camila encantou a plateia que contava com celebridades, como Roberto Menescal (o grande homenageado do PPM) e um dos pilares da bossa nova; e o humorista, apresentador e instrumentista Rafael Cortez.<\/p>\n<p><iframe loading=\"lazy\" title=\"Tributo Elis Regina - Camila Lopez e O Arrast\u00e3o - Como nossos pais\" width=\"1440\" height=\"810\" src=\"https:\/\/www.youtube.com\/embed\/Et9WA_FGuSg?feature=oembed\" frameborder=\"0\" allow=\"accelerometer; autoplay; clipboard-write; encrypted-media; gyroscope; picture-in-picture; web-share\" referrerpolicy=\"strict-origin-when-cross-origin\" allowfullscreen><\/iframe><\/p>\n<p>Camila soltou a voz em can\u00e7\u00f5es que se tornaram cl\u00e1ssicas ao serem gravadas pela Pimentinha, como <i>Vou deitar e rolar<\/i>, <i>Upa Neguinho<\/i>, <i>O b\u00eabado e a equilibrista <\/i>e <i>Como nossos pais<\/i> que, diante de insistentes pedidos de bis, voltou a cantar no encerramento da apresenta\u00e7\u00e3o<i>.<\/i>A acompanh\u00e1-la\u00a0 a Banda Arrast\u00e3o, integrada pelos jovens instrumentistas Matheus Hermann (guitarra), Mateus Albernoz (baixo), Rafael Muller (bateria) &#8212; todos, claramente, com \u00f3tima forma\u00e7\u00e3o musical.<\/p>\n<figure id=\"attachment_323\" aria-describedby=\"caption-attachment-323\" style=\"width: 1024px\" class=\"wp-caption aligncenter\"><img loading=\"lazy\" decoding=\"async\" class=\"size-large wp-image-323\" src=\"https:\/\/blogs.correiobraziliense.com.br\/trilhasonora\/wp-content\/uploads\/sites\/39\/2018\/04\/PPM-1024x555.jpg\" alt=\"Pr\u00eamio Profissionais da M\u00fasica\" width=\"1024\" height=\"555\" srcset=\"https:\/\/blogs.correiobraziliense.com.br\/trilhasonora\/wp-content\/uploads\/sites\/39\/2018\/04\/PPM-1024x555.jpg 1024w, https:\/\/blogs.correiobraziliense.com.br\/trilhasonora\/wp-content\/uploads\/sites\/39\/2018\/04\/PPM-300x163.jpg 300w, https:\/\/blogs.correiobraziliense.com.br\/trilhasonora\/wp-content\/uploads\/sites\/39\/2018\/04\/PPM-768x416.jpg 768w, https:\/\/blogs.correiobraziliense.com.br\/trilhasonora\/wp-content\/uploads\/sites\/39\/2018\/04\/PPM-550x298.jpg 550w, https:\/\/blogs.correiobraziliense.com.br\/trilhasonora\/wp-content\/uploads\/sites\/39\/2018\/04\/PPM-230x125.jpg 230w, https:\/\/blogs.correiobraziliense.com.br\/trilhasonora\/wp-content\/uploads\/sites\/39\/2018\/04\/PPM.jpg 1200w\" sizes=\"auto, (max-width: 1024px) 100vw, 1024px\" \/><figcaption id=\"caption-attachment-323\" class=\"wp-caption-text\">M\u00fasicos ao lado de Roberto Menescal<\/figcaption><\/figure>\n<p>Dois deles, Matheus Albornos\u00a0e Ben Muller,\u00a0 se juntaram a Jo\u00e3o Ben Hur (piano) e Lucas Etcheverria (guitarra) no Quarteto Quinz\u00ea, que exibiu talento tocando temas jazz\u00edsticos, numa canja deliciosa. Depois, todos eles depois tiveram o privil\u00e9gio de, na varanda do bar, tomarem conhecimento de um novo arranjo criado por Menescal para uma de suas composi\u00e7\u00f5es mais celebradas, <i>O barquinho<\/i>, composta em parceria com Ronaldo B\u00f4scoli.<\/p>\n<p><iframe loading=\"lazy\" title=\"Roberto Menescal em Bras\u00edlia\" width=\"1440\" height=\"810\" src=\"https:\/\/www.youtube.com\/embed\/2QLilfQdYSA?feature=oembed\" frameborder=\"0\" allow=\"accelerometer; autoplay; clipboard-write; encrypted-media; gyroscope; picture-in-picture; web-share\" referrerpolicy=\"strict-origin-when-cross-origin\" allowfullscreen><\/iframe><\/p>\n<p>Sobre o projeto em que presta homenagem a Elis Regina, Camila diz; &#8220;Tenho uma sintonia muito forte com o legado de Elis. Ela trazia na sua m\u00fasica um sentimento de profundo amor pelo pa\u00eds, algo que \u00e9 de muita import\u00e2ncia, principalmente nos empos turbulentos que vivemos atualmente&#8221;<\/p>\n","protected":false},"excerpt":{"rendered":"<p>Com show em Tributo a Elis Regina, Camilo Lopez impressionou at\u00e9 o homenageado Roberto Menescal, homenageado desta edi\u00e7\u00e3o do Pr\u00eamio Profissionais da M\u00fasica.<\/p>\n","protected":false},"author":84,"featured_media":322,"comment_status":"open","ping_status":"open","sticky":false,"template":"","format":"standard","meta":{"footnotes":""},"categories":[2],"tags":[95,93,94],"class_list":["post-321","post","type-post","status-publish","format-standard","has-post-thumbnail","hentry","category-musica","tag-camila-lopez","tag-premio-profissionais-da-musica","tag-roberto-menescal"],"_links":{"self":[{"href":"https:\/\/blogs.correiobraziliense.com.br\/trilhasonora\/wp-json\/wp\/v2\/posts\/321","targetHints":{"allow":["GET"]}}],"collection":[{"href":"https:\/\/blogs.correiobraziliense.com.br\/trilhasonora\/wp-json\/wp\/v2\/posts"}],"about":[{"href":"https:\/\/blogs.correiobraziliense.com.br\/trilhasonora\/wp-json\/wp\/v2\/types\/post"}],"author":[{"embeddable":true,"href":"https:\/\/blogs.correiobraziliense.com.br\/trilhasonora\/wp-json\/wp\/v2\/users\/84"}],"replies":[{"embeddable":true,"href":"https:\/\/blogs.correiobraziliense.com.br\/trilhasonora\/wp-json\/wp\/v2\/comments?post=321"}],"version-history":[{"count":4,"href":"https:\/\/blogs.correiobraziliense.com.br\/trilhasonora\/wp-json\/wp\/v2\/posts\/321\/revisions"}],"predecessor-version":[{"id":327,"href":"https:\/\/blogs.correiobraziliense.com.br\/trilhasonora\/wp-json\/wp\/v2\/posts\/321\/revisions\/327"}],"wp:featuredmedia":[{"embeddable":true,"href":"https:\/\/blogs.correiobraziliense.com.br\/trilhasonora\/wp-json\/wp\/v2\/media\/322"}],"wp:attachment":[{"href":"https:\/\/blogs.correiobraziliense.com.br\/trilhasonora\/wp-json\/wp\/v2\/media?parent=321"}],"wp:term":[{"taxonomy":"category","embeddable":true,"href":"https:\/\/blogs.correiobraziliense.com.br\/trilhasonora\/wp-json\/wp\/v2\/categories?post=321"},{"taxonomy":"post_tag","embeddable":true,"href":"https:\/\/blogs.correiobraziliense.com.br\/trilhasonora\/wp-json\/wp\/v2\/tags?post=321"}],"curies":[{"name":"wp","href":"https:\/\/api.w.org\/{rel}","templated":true}]}}