{"id":32,"date":"2017-10-05T11:00:56","date_gmt":"2017-10-05T14:00:56","guid":{"rendered":"https:\/\/blogs.correiobraziliense.com.br\/trilhasonora\/?p=32"},"modified":"2017-10-04T11:34:25","modified_gmt":"2017-10-04T14:34:25","slug":"como-comprar-o-livro-minha-trilha-sonora","status":"publish","type":"post","link":"https:\/\/blogs.correiobraziliense.com.br\/trilhasonora\/como-comprar-o-livro-minha-trilha-sonora\/","title":{"rendered":"Conhe\u00e7a o livro Minha trilha sonora &#8212; 40 anos de jornalismo cultural"},"content":{"rendered":"<h3>Lan\u00e7ado em dezembro de 2015, o livro est\u00e1 dispon\u00edvel para compra na Banca da Concei\u00e7\u00e3o, na 308 Sul<\/h3>\n<p><em>Minha trilha sonora &#8212; 40 anos de jornalismo cultural<\/em>, o livro com minhas mem\u00f3rias musicais, lan\u00e7ado em dezembro de 2015, j\u00e1 chegou \u00e0s m\u00e3os de v\u00e1rios dos artistas focalizados.<\/p>\n<p>Na \u00faltima sexta-feira (29\/9), o entreguei a Oswaldo Montenegro, depois do concorrido show que ele fez no audit\u00f3rio master do Centro de Conven\u00e7\u00f5es Ulysses Guimar\u00e3es. Caetano Veloso, Gilberto Gil, Gal Costa, Ney Matogrosso, Djavan, Jo\u00e3o Bosco, Z\u00e9lia Duncan, Armandinho Macedo, Bell Marques, Jo\u00e3o Cavalcanti, tamb\u00e9m j\u00e1 o recebeu. Paulinho Nogueira, um leitor e amigo, o levou a Chico Buarque de Holanda, no Rio de Janeiro.<\/p>\n<div id='gallery-1' class='gallery galleryid-32 gallery-columns-3 gallery-size-full'><figure class='gallery-item'>\n\t\t\t<div class='gallery-icon landscape'>\n\t\t\t\t<a href='https:\/\/blogs.correiobraziliense.com.br\/trilhasonora\/como-comprar-o-livro-minha-trilha-sonora\/coquetel-26-pmb-brasilia\/'><img loading=\"lazy\" decoding=\"async\" width=\"1200\" height=\"650\" src=\"https:\/\/blogs.correiobraziliense.com.br\/trilhasonora\/wp-content\/uploads\/sites\/39\/2017\/10\/minhatrilha1.jpg\" class=\"attachment-full size-full\" alt=\"\" aria-describedby=\"gallery-1-34\" srcset=\"https:\/\/blogs.correiobraziliense.com.br\/trilhasonora\/wp-content\/uploads\/sites\/39\/2017\/10\/minhatrilha1.jpg 1200w, https:\/\/blogs.correiobraziliense.com.br\/trilhasonora\/wp-content\/uploads\/sites\/39\/2017\/10\/minhatrilha1-300x163.jpg 300w, https:\/\/blogs.correiobraziliense.com.br\/trilhasonora\/wp-content\/uploads\/sites\/39\/2017\/10\/minhatrilha1-768x416.jpg 768w, https:\/\/blogs.correiobraziliense.com.br\/trilhasonora\/wp-content\/uploads\/sites\/39\/2017\/10\/minhatrilha1-1024x555.jpg 1024w, https:\/\/blogs.correiobraziliense.com.br\/trilhasonora\/wp-content\/uploads\/sites\/39\/2017\/10\/minhatrilha1-550x298.jpg 550w, https:\/\/blogs.correiobraziliense.com.br\/trilhasonora\/wp-content\/uploads\/sites\/39\/2017\/10\/minhatrilha1-230x125.jpg 230w\" sizes=\"auto, (max-width: 1200px) 100vw, 1200px\" \/><\/a>\n\t\t\t<\/div>\n\t\t\t\t<figcaption class='wp-caption-text gallery-caption' id='gallery-1-34'>\n\t\t\t\tCredito: Gilberto Evangelista\/Divulga\u00e7\u00e3o. Cantora Z\u00e9lia Duncan, jornalista Irlam Rocha Lima e o cantor Jo\u00e3o Bosco durante Feira do Livro de Bras\u00edlia no Centro de Conven\u00e7\u00f5es Ulysses Guimar\u00e3es.\n\t\t\t\t<\/figcaption><\/figure><figure class='gallery-item'>\n\t\t\t<div class='gallery-icon landscape'>\n\t\t\t\t<a href='https:\/\/blogs.correiobraziliense.com.br\/trilhasonora\/como-comprar-o-livro-minha-trilha-sonora\/minhatrilha2\/'><img loading=\"lazy\" decoding=\"async\" width=\"1024\" height=\"650\" src=\"https:\/\/blogs.correiobraziliense.com.br\/trilhasonora\/wp-content\/uploads\/sites\/39\/2017\/10\/minhatrilha2.jpg\" class=\"attachment-full size-full\" alt=\"\" srcset=\"https:\/\/blogs.correiobraziliense.com.br\/trilhasonora\/wp-content\/uploads\/sites\/39\/2017\/10\/minhatrilha2.jpg 1024w, https:\/\/blogs.correiobraziliense.com.br\/trilhasonora\/wp-content\/uploads\/sites\/39\/2017\/10\/minhatrilha2-300x190.jpg 300w, https:\/\/blogs.correiobraziliense.com.br\/trilhasonora\/wp-content\/uploads\/sites\/39\/2017\/10\/minhatrilha2-768x488.jpg 768w, https:\/\/blogs.correiobraziliense.com.br\/trilhasonora\/wp-content\/uploads\/sites\/39\/2017\/10\/minhatrilha2-550x349.jpg 550w, https:\/\/blogs.correiobraziliense.com.br\/trilhasonora\/wp-content\/uploads\/sites\/39\/2017\/10\/minhatrilha2-230x146.jpg 230w\" sizes=\"auto, (max-width: 1024px) 100vw, 1024px\" \/><\/a>\n\t\t\t<\/div><\/figure><figure class='gallery-item'>\n\t\t\t<div class='gallery-icon landscape'>\n\t\t\t\t<a href='https:\/\/blogs.correiobraziliense.com.br\/trilhasonora\/como-comprar-o-livro-minha-trilha-sonora\/12321159_926059584154977_7599733541310895963_n\/'><img loading=\"lazy\" decoding=\"async\" width=\"800\" height=\"518\" src=\"https:\/\/blogs.correiobraziliense.com.br\/trilhasonora\/wp-content\/uploads\/sites\/39\/2017\/10\/12321159_926059584154977_7599733541310895963_n.jpg\" class=\"attachment-full size-full\" alt=\"\" srcset=\"https:\/\/blogs.correiobraziliense.com.br\/trilhasonora\/wp-content\/uploads\/sites\/39\/2017\/10\/12321159_926059584154977_7599733541310895963_n.jpg 800w, https:\/\/blogs.correiobraziliense.com.br\/trilhasonora\/wp-content\/uploads\/sites\/39\/2017\/10\/12321159_926059584154977_7599733541310895963_n-300x194.jpg 300w, https:\/\/blogs.correiobraziliense.com.br\/trilhasonora\/wp-content\/uploads\/sites\/39\/2017\/10\/12321159_926059584154977_7599733541310895963_n-768x497.jpg 768w, https:\/\/blogs.correiobraziliense.com.br\/trilhasonora\/wp-content\/uploads\/sites\/39\/2017\/10\/12321159_926059584154977_7599733541310895963_n-550x356.jpg 550w, https:\/\/blogs.correiobraziliense.com.br\/trilhasonora\/wp-content\/uploads\/sites\/39\/2017\/10\/12321159_926059584154977_7599733541310895963_n-230x149.jpg 230w\" sizes=\"auto, (max-width: 800px) 100vw, 800px\" \/><\/a>\n\t\t\t<\/div><\/figure>\n\t\t<\/div>\n\n<p>No <em>Minha trilha sonora<\/em> focalizo a passagem por Bras\u00edlia de consagrados cantores e compositores da m\u00fasica popular brasileira. Em 60 textos, nos quais foram registradas observa\u00e7\u00f5es sobre shows que eles fizeram na cidade, assim como observa\u00e7\u00f5es de bastidores e detalhes das entrevistas que me concederam.<\/p>\n<p>O livro, que tem apresenta\u00e7\u00e3o de Ivete Sangalo &#8212; ela, obviamente, j\u00e1 o tem em sua estante &#8211;, pode ser encontrado na Banca da Concei\u00e7\u00e3o, na 308 Sul, onde est\u00e1 sendo vendido ao m\u00f3dico pre\u00e7o de R$ 20.<\/p>\n","protected":false},"excerpt":{"rendered":"<p>Lan\u00e7ado em dezembro de 2015, o livro est\u00e1 dispon\u00edvel para comprar na Banca da Concei\u00e7\u00e3o, na 308 Sul<\/p>\n","protected":false},"author":84,"featured_media":33,"comment_status":"open","ping_status":"open","sticky":false,"template":"","format":"standard","meta":{"footnotes":""},"categories":[12],"tags":[15,13,14,8],"class_list":["post-32","post","type-post","status-publish","format-standard","has-post-thumbnail","hentry","category-minha-trilha-sonora","tag-comprar","tag-irlam-rocha-lima","tag-livro","tag-minha-trilha-sonora"],"_links":{"self":[{"href":"https:\/\/blogs.correiobraziliense.com.br\/trilhasonora\/wp-json\/wp\/v2\/posts\/32","targetHints":{"allow":["GET"]}}],"collection":[{"href":"https:\/\/blogs.correiobraziliense.com.br\/trilhasonora\/wp-json\/wp\/v2\/posts"}],"about":[{"href":"https:\/\/blogs.correiobraziliense.com.br\/trilhasonora\/wp-json\/wp\/v2\/types\/post"}],"author":[{"embeddable":true,"href":"https:\/\/blogs.correiobraziliense.com.br\/trilhasonora\/wp-json\/wp\/v2\/users\/84"}],"replies":[{"embeddable":true,"href":"https:\/\/blogs.correiobraziliense.com.br\/trilhasonora\/wp-json\/wp\/v2\/comments?post=32"}],"version-history":[{"count":2,"href":"https:\/\/blogs.correiobraziliense.com.br\/trilhasonora\/wp-json\/wp\/v2\/posts\/32\/revisions"}],"predecessor-version":[{"id":38,"href":"https:\/\/blogs.correiobraziliense.com.br\/trilhasonora\/wp-json\/wp\/v2\/posts\/32\/revisions\/38"}],"wp:featuredmedia":[{"embeddable":true,"href":"https:\/\/blogs.correiobraziliense.com.br\/trilhasonora\/wp-json\/wp\/v2\/media\/33"}],"wp:attachment":[{"href":"https:\/\/blogs.correiobraziliense.com.br\/trilhasonora\/wp-json\/wp\/v2\/media?parent=32"}],"wp:term":[{"taxonomy":"category","embeddable":true,"href":"https:\/\/blogs.correiobraziliense.com.br\/trilhasonora\/wp-json\/wp\/v2\/categories?post=32"},{"taxonomy":"post_tag","embeddable":true,"href":"https:\/\/blogs.correiobraziliense.com.br\/trilhasonora\/wp-json\/wp\/v2\/tags?post=32"}],"curies":[{"name":"wp","href":"https:\/\/api.w.org\/{rel}","templated":true}]}}