{"id":297,"date":"2018-03-30T10:34:00","date_gmt":"2018-03-30T13:34:00","guid":{"rendered":"https:\/\/blogs.correiobraziliense.com.br\/trilhasonora\/?p=297"},"modified":"2018-03-30T10:34:00","modified_gmt":"2018-03-30T13:34:00","slug":"sons-da-noite-5","status":"publish","type":"post","link":"https:\/\/blogs.correiobraziliense.com.br\/trilhasonora\/sons-da-noite-5\/","title":{"rendered":"Confira os destaques da semana na coluna Sons da Noite"},"content":{"rendered":"<h3>Leia a Coluna Sons da Noite publicada em 30\u00a0de mar\u00e7o no Divirta-se Mais!<\/h3>\n<p><strong>Blues na capital federal<\/strong><\/p>\n<p>A \u00e1rea externa do complexo cultural da Funarte (ao lado da Torre de TV) vai acolher nos dias 20 e 21 de abril a edi\u00e7\u00e3o de 2018 do festival Rep\u00fablica do Blues, com a participa\u00e7\u00e3o de artistas nacionais e internacionais. Entre as atra\u00e7\u00f5es est\u00e3o o bruxo do som Hermeto Pascoal (foto), o duo formado pelo bandolinista Hamilton de Holanda e o bandolinista e guitarrista Armandinho Macedo e o norte-americano Omar Colleman e Yannick Dellass, de S\u00e3o Tom\u00e9 e Pr\u00edncipe.<br \/>\nOs representantes brasilienses no evento s\u00e3o o cantor e guitarrista Dillo D\u2019Ara\u00fajo, o Tex Quarteto e as bandas Brazilian Blues Band e Cachorro Cego. A entrada \u00e9 franca. Classifica\u00e7\u00e3o indicativa livre.<\/p>\n<p><strong>Eu recomendo<\/strong><br \/>\nEx-vocalista da banda de reggae Maskavo Roots, que se tornou uma sens\u00edvel int\u00e9rprete da MPB, a brasiliense Joana Duah, radicada no Rio de Janeiro desde a d\u00e9cada passada, est\u00e1 de volta \u00e0 cidade. Segunda e ter\u00e7a-feira pr\u00f3ximas, \u00e0s 21h, ela faz show no Espa\u00e7o Cultural do Choro (Eixo Monumental), acompanhada por dois talentosos instrumentistas da nova gera\u00e7\u00e3o, o pianista paraibano Salom\u00e3o Soares e o percussionista paulista Gugu\u00e9 Medeiros. No repert\u00f3rio, can\u00e7\u00f5es de Dorival Caymmi, Caetano Veloso, Gilberto Gil, Milton Nascimento, Daniel Santiago e Milena Tib\u00farcio. N\u00e3o recomendado para menores de 14 anos.<\/p>\n<p><strong>Na pra\u00e7a<\/strong><br \/>\nAstros da ax\u00e9 music que foram vocalistas da Banda Eva, Durval Lelys e Saulo Fernandes fazem show dan\u00e7ante em 26 de maio, na segunda edi\u00e7\u00e3o de A Pra\u00e7a, evento que ocorre na Pra\u00e7a das Fontes do Parque da Cidade. Os ingressos j\u00e1 est\u00e3o \u00e0 venda pelo site verrieverri.com.br. N\u00e3o recomendado para menores de 16 anos.<\/p>\n<p>A Blitz ser\u00e1 a atra\u00e7\u00e3o principal da festa I love anos 80, em 5 de maio, no Minas Hall (Setor de Clubes Norte). A banda carioca faz show que tem por base o DVD comemorativo dos 35 anos de carreira, gravado no Circo Voador. Quem faz a abertura \u00e9 a Subinstante, banda brasiliense de rock alternativo. N\u00e3o recomendado para menores de 18 anos.<\/p>\n<p><strong>Salve, Jorge!<\/strong><br \/>\nA mem\u00f3ria de Jorge Ferreira ser\u00e1 celebrada em show no dia 4 pr\u00f3ximo, no palco do Feiti\u00e7o Mineiro, o bar e restaurante da 306 Norte que ele transformou numa refer\u00eancia de m\u00fasica de qualidade na cidade. O tributo reunir\u00e1 Paulinho Pedro Azul, Clodo Ferreira, Sthel Nogueira, Jaime Ernest Dias, Clara Nogueira e Karla Sangeleti. N\u00e3o recomendado para menores de 16 anos.<\/p>\n<p><strong>\u00c1rvore musical<\/strong><br \/>\nO projeto M\u00fasica na \u00e1rvore voltar\u00e1 a ocupar parques da capital em abril, com shows musicais e feira de troca de livros, al\u00e9m da coleta seletiva de lixo. A estreia ser\u00e1 no dia 22, no Parque da Cidade, com apresenta\u00e7\u00e3o do guitarrista e compositor Geraldo Carvalho, acompanhado por Sidney Sheikor (baixo) e Olivan Ribeiro (bateria). Ele tem como convidados o cantor e guitarrista Phillipe Seabra (Plebe Rude) e o Yara Gambir\u00e1sio Trio.<\/p>\n<p><strong>Int\u00e9rprete ecl\u00e9tica<\/strong><br \/>\nUma das cantoras com mais tempo no circuito das casas noturnas brasilienses, Ana Donizete est\u00e1 de volta aos palcos. Ela cumpre temporada \u00e0s sextas-feiras, a partir das 21h, no Piantella (202 Sul), acompanhada por Sim\u00e3o Santos (viol\u00e3o), Zambinha (baixo) e Sandro Araujo (bateria), ela exibir\u00e1 ecletismo ao passear por cl\u00e1ssicos da MPB, da bossa nova e do pop nacional. N\u00e3o recomendado para menores de 18 anos.<\/p>\n<p><strong>Can\u00e7\u00f5es antol\u00f3gicas<\/strong><br \/>\nConsagrados m\u00fasicos, cantores e compositores, Ivan Lins e Toquinho comemoram 50 anos de m\u00fasica com um espet\u00e1culo recheado de cl\u00e1ssicos no dia 13 pr\u00f3ximo, no audit\u00f3rio master do Centro de Conven\u00e7\u00f5es Ulysses Guimar\u00e3es. O p\u00fablico vai poder apreciar can\u00e7\u00f5es antol\u00f3gicas das respectivas obras, entre as quais, Aquarela, Como dizia o poeta, Regra tr\u00eas, Tarde em Itapo\u00e3, Come\u00e7ar de novo, Madalena, Novo tempo e Somos todos iguais nesta noite. N\u00e3o recomendado para menores de 12 anos.<\/p>\n","protected":false},"excerpt":{"rendered":"<p>Leia a Coluna Sons da Noite publicada em 30 de mar\u00e7o no Divirta-se Mais!<\/p>\n","protected":false},"author":84,"featured_media":298,"comment_status":"open","ping_status":"open","sticky":false,"template":"","format":"standard","meta":{"footnotes":""},"categories":[49],"tags":[44],"class_list":["post-297","post","type-post","status-publish","format-standard","has-post-thumbnail","hentry","category-sons-da-noite","tag-sons-da-noite"],"_links":{"self":[{"href":"https:\/\/blogs.correiobraziliense.com.br\/trilhasonora\/wp-json\/wp\/v2\/posts\/297","targetHints":{"allow":["GET"]}}],"collection":[{"href":"https:\/\/blogs.correiobraziliense.com.br\/trilhasonora\/wp-json\/wp\/v2\/posts"}],"about":[{"href":"https:\/\/blogs.correiobraziliense.com.br\/trilhasonora\/wp-json\/wp\/v2\/types\/post"}],"author":[{"embeddable":true,"href":"https:\/\/blogs.correiobraziliense.com.br\/trilhasonora\/wp-json\/wp\/v2\/users\/84"}],"replies":[{"embeddable":true,"href":"https:\/\/blogs.correiobraziliense.com.br\/trilhasonora\/wp-json\/wp\/v2\/comments?post=297"}],"version-history":[{"count":1,"href":"https:\/\/blogs.correiobraziliense.com.br\/trilhasonora\/wp-json\/wp\/v2\/posts\/297\/revisions"}],"predecessor-version":[{"id":299,"href":"https:\/\/blogs.correiobraziliense.com.br\/trilhasonora\/wp-json\/wp\/v2\/posts\/297\/revisions\/299"}],"wp:featuredmedia":[{"embeddable":true,"href":"https:\/\/blogs.correiobraziliense.com.br\/trilhasonora\/wp-json\/wp\/v2\/media\/298"}],"wp:attachment":[{"href":"https:\/\/blogs.correiobraziliense.com.br\/trilhasonora\/wp-json\/wp\/v2\/media?parent=297"}],"wp:term":[{"taxonomy":"category","embeddable":true,"href":"https:\/\/blogs.correiobraziliense.com.br\/trilhasonora\/wp-json\/wp\/v2\/categories?post=297"},{"taxonomy":"post_tag","embeddable":true,"href":"https:\/\/blogs.correiobraziliense.com.br\/trilhasonora\/wp-json\/wp\/v2\/tags?post=297"}],"curies":[{"name":"wp","href":"https:\/\/api.w.org\/{rel}","templated":true}]}}