{"id":2945,"date":"2024-02-27T16:06:13","date_gmt":"2024-02-27T19:06:13","guid":{"rendered":"https:\/\/blogs.correiobraziliense.com.br\/trilhasonora\/?p=2945"},"modified":"2024-02-27T16:06:13","modified_gmt":"2024-02-27T19:06:13","slug":"tom-ze-ganha-homenagem-em-show-no-rio-de-janeiro","status":"publish","type":"post","link":"https:\/\/blogs.correiobraziliense.com.br\/trilhasonora\/tom-ze-ganha-homenagem-em-show-no-rio-de-janeiro\/","title":{"rendered":"Tom Z\u00e9 ganha homenagem em show no Rio de Janeiro"},"content":{"rendered":"<p>Dono de uma das belas vozes da nova gera\u00e7\u00e3o entre cantores da da MPB, o paulista Luan Carbonari estrear\u00e1 no s\u00e1bado, 2 de mar\u00e7o, no Rio de Janeiro, com o show <em>Uma can\u00e7\u00e3o para Tom Z\u00e9<\/em>, em que reverencia o cantor e compositor baiano, um dos criadores da Tropic\u00e1lia, ao lado de Caetano Veloso, Gilberto Gil, Gal Costa, Torquato Neto e Jos\u00e9 Carlos Capinam.<\/p>\n<p>O espet\u00e1culo, com in\u00edcio \u00e0s 21h, ter\u00e1 como palco o Teatro Manouche, no Jardim Bot\u00e2nico, na Zona Sul do Rio de Janeiro. Haver\u00e1 a participa\u00e7\u00e3o das atrizes Ana Beatriz Nogueira, respons\u00e1vel pela produ\u00e7\u00e3o e dire\u00e7\u00e3o; Malu Mader e Louise Cardoso, que ser\u00e3o as apresentadoras. Acompanhado pelo pianista Gabriel Rojas, Luan ter\u00e1 como convidada a acordeonista Cei\u00e7a Moreno.<\/p>\n<p>&#8220;\u00c9 desafiador tocar Tom Z\u00e9, pegar o que ele quis transmitir com a obra dele e, agora, devolver com a nossa pegada. \u00c9 muita responsabilidade, mas at\u00e9 que estamos tranquilos&#8221;, ressalta Luan. &#8220;Tom Z\u00e9 est\u00e1 \u00e0 frente do tempo, mas \u00e9 aberto e receptivo. Temos certeza que ele vai achar interessante o que estamos propondo e como fizemos a nossa leitura da obra dele&#8221;, acredita o int\u00e9rprete.<\/p>\n<p><em><strong>Uma can\u00e7\u00e3o para Tom Z\u00e9<\/strong><\/em><br \/>\nShow do cantor Luana Carbonari, acompanhado pelo pianista Gabriel Rojas, s\u00e1bado (2 de mar\u00e7o), \u00e0s 21h, no Teatro Manouche, no Jardim Bot\u00e2nico. Os ingressos custam R$ 120 e R$ 60 (meia-entrada).<\/p>\n","protected":false},"excerpt":{"rendered":"<p>Dono de uma das belas vozes da nova gera\u00e7\u00e3o entre cantores da da MPB, o paulista Luan Carbonari estrear\u00e1 no s\u00e1bado, 2 de mar\u00e7o, no Rio de Janeiro, com o show Uma can\u00e7\u00e3o para Tom Z\u00e9, em que reverencia o cantor e compositor baiano, um dos criadores da Tropic\u00e1lia, ao lado de Caetano Veloso, Gilberto Gil, Gal Costa, Torquato Neto [&hellip;]<\/p>\n","protected":false},"author":84,"featured_media":2946,"comment_status":"open","ping_status":"open","sticky":false,"template":"","format":"standard","meta":{"footnotes":""},"categories":[1],"tags":[301,21,315],"class_list":["post-2945","post","type-post","status-publish","format-standard","has-post-thumbnail","hentry","category-sem-categoria","tag-rio-de-janeiro","tag-show","tag-tom-ze"],"_links":{"self":[{"href":"https:\/\/blogs.correiobraziliense.com.br\/trilhasonora\/wp-json\/wp\/v2\/posts\/2945","targetHints":{"allow":["GET"]}}],"collection":[{"href":"https:\/\/blogs.correiobraziliense.com.br\/trilhasonora\/wp-json\/wp\/v2\/posts"}],"about":[{"href":"https:\/\/blogs.correiobraziliense.com.br\/trilhasonora\/wp-json\/wp\/v2\/types\/post"}],"author":[{"embeddable":true,"href":"https:\/\/blogs.correiobraziliense.com.br\/trilhasonora\/wp-json\/wp\/v2\/users\/84"}],"replies":[{"embeddable":true,"href":"https:\/\/blogs.correiobraziliense.com.br\/trilhasonora\/wp-json\/wp\/v2\/comments?post=2945"}],"version-history":[{"count":1,"href":"https:\/\/blogs.correiobraziliense.com.br\/trilhasonora\/wp-json\/wp\/v2\/posts\/2945\/revisions"}],"predecessor-version":[{"id":2947,"href":"https:\/\/blogs.correiobraziliense.com.br\/trilhasonora\/wp-json\/wp\/v2\/posts\/2945\/revisions\/2947"}],"wp:featuredmedia":[{"embeddable":true,"href":"https:\/\/blogs.correiobraziliense.com.br\/trilhasonora\/wp-json\/wp\/v2\/media\/2946"}],"wp:attachment":[{"href":"https:\/\/blogs.correiobraziliense.com.br\/trilhasonora\/wp-json\/wp\/v2\/media?parent=2945"}],"wp:term":[{"taxonomy":"category","embeddable":true,"href":"https:\/\/blogs.correiobraziliense.com.br\/trilhasonora\/wp-json\/wp\/v2\/categories?post=2945"},{"taxonomy":"post_tag","embeddable":true,"href":"https:\/\/blogs.correiobraziliense.com.br\/trilhasonora\/wp-json\/wp\/v2\/tags?post=2945"}],"curies":[{"name":"wp","href":"https:\/\/api.w.org\/{rel}","templated":true}]}}