{"id":2926,"date":"2023-12-08T09:10:22","date_gmt":"2023-12-08T12:10:22","guid":{"rendered":"https:\/\/blogs.correiobraziliense.com.br\/trilhasonora\/?p=2926"},"modified":"2023-12-08T09:10:22","modified_gmt":"2023-12-08T12:10:22","slug":"confira-a-programacao-musical-deste-fim-de-semana-em-brasilia-2","status":"publish","type":"post","link":"https:\/\/blogs.correiobraziliense.com.br\/trilhasonora\/confira-a-programacao-musical-deste-fim-de-semana-em-brasilia-2\/","title":{"rendered":"Confira a programa\u00e7\u00e3o musical deste fim de semana em Bras\u00edlia"},"content":{"rendered":"<p><strong>Tributo a Belchior &#8212;<\/strong> Show de Silvero Pereira, hoje (8\/12), em tributo a Belchior, \u00e0s 20h, amanh\u00e3 (9), \u00e0s 17h e 20h, e domingo (10), \u00e0s 19h, no teatro da Caixa Cultural (Setor Banc\u00e1rio Sul). Ingresso: R$ 30 e R$ 15 (meia-entrada). Classifica\u00e7\u00e3o indica\u00e7\u00e3o livre.<\/p>\n<p><strong>Duduzera &#8212;<\/strong> Roda de samba comandada por Dudu 7 Cordas hoje (8), a partir das 20h, no Bar do Calaf (Setor Banc\u00e1rio Sul). Ingresso: R$ 10. N\u00e3o recomendado para menores de 18 anos.<\/p>\n<figure id=\"attachment_2928\" aria-describedby=\"caption-attachment-2928\" style=\"width: 800px\" class=\"wp-caption aligncenter\"><img loading=\"lazy\" decoding=\"async\" class=\"size-full wp-image-2928\" src=\"https:\/\/blogs.correiobraziliense.com.br\/trilhasonora\/wp-content\/uploads\/sites\/39\/2023\/12\/Cely-curado.jpg\" alt=\"\" width=\"800\" height=\"534\" srcset=\"https:\/\/blogs.correiobraziliense.com.br\/trilhasonora\/wp-content\/uploads\/sites\/39\/2023\/12\/Cely-curado.jpg 800w, https:\/\/blogs.correiobraziliense.com.br\/trilhasonora\/wp-content\/uploads\/sites\/39\/2023\/12\/Cely-curado-300x200.jpg 300w, https:\/\/blogs.correiobraziliense.com.br\/trilhasonora\/wp-content\/uploads\/sites\/39\/2023\/12\/Cely-curado-768x513.jpg 768w, https:\/\/blogs.correiobraziliense.com.br\/trilhasonora\/wp-content\/uploads\/sites\/39\/2023\/12\/Cely-curado-550x367.jpg 550w, https:\/\/blogs.correiobraziliense.com.br\/trilhasonora\/wp-content\/uploads\/sites\/39\/2023\/12\/Cely-curado-230x154.jpg 230w\" sizes=\"auto, (max-width: 800px) 100vw, 800px\" \/><figcaption id=\"caption-attachment-2928\" class=\"wp-caption-text\">Cely Curado. Cr\u00e9dito: Marizan Fontinele\/Divulga\u00e7\u00e3o<\/figcaption><\/figure>\n<p><strong>Lua e Flor &#8212;<\/strong> Show de Cely Curado, acompanhada por um trio, em homenagem a Oswaldo Montenegro amanh\u00e3 (9), \u00e0s 20h30, no Feiti\u00e7o das Artes (306 Norte).Couvert art\u00edstico: R$ 40.<\/p>\n<p><strong>Lucas Mamede &#8212;<\/strong> Show de voz, viol\u00e3o e sanfona do cantor e compositor Lucas Mamede amanh\u00e3 (9), \u00e0s 19h, no teatro do hotel Royal Tulip (Orla Norte do Lago Parano\u00e1). Ingresso: R$ 50. N\u00e3o recomendado para menores de 12 anos.<\/p>\n<p><strong>Voc\u00ea, Elas e Eles &#8212;<\/strong> Show de D\u00e9bora Cristina, acompanhada por trio, amanh\u00e3 (9), \u00e0s 20h, na Parrila Figueira (Vila Planalto). Couvert art\u00edstico: R$ 30.<\/p>\n<figure id=\"attachment_2929\" aria-describedby=\"caption-attachment-2929\" style=\"width: 474px\" class=\"wp-caption aligncenter\"><img loading=\"lazy\" decoding=\"async\" class=\"size-full wp-image-2929\" src=\"https:\/\/blogs.correiobraziliense.com.br\/trilhasonora\/wp-content\/uploads\/sites\/39\/2023\/12\/d4399829-238a-4f42-98fb-0c7c5c0a2dec.jpg\" alt=\"\" width=\"474\" height=\"400\" srcset=\"https:\/\/blogs.correiobraziliense.com.br\/trilhasonora\/wp-content\/uploads\/sites\/39\/2023\/12\/d4399829-238a-4f42-98fb-0c7c5c0a2dec.jpg 474w, https:\/\/blogs.correiobraziliense.com.br\/trilhasonora\/wp-content\/uploads\/sites\/39\/2023\/12\/d4399829-238a-4f42-98fb-0c7c5c0a2dec-300x253.jpg 300w, https:\/\/blogs.correiobraziliense.com.br\/trilhasonora\/wp-content\/uploads\/sites\/39\/2023\/12\/d4399829-238a-4f42-98fb-0c7c5c0a2dec-230x194.jpg 230w\" sizes=\"auto, (max-width: 474px) 100vw, 474px\" \/><figcaption id=\"caption-attachment-2929\" class=\"wp-caption-text\">Renato Jambeiro. Cr\u00e9dito: Arquivo pessoal<\/figcaption><\/figure>\n<p><strong>Dia do Samba &#8212;<\/strong> Show de Renata Jambeiro em comemora\u00e7\u00e3o do Dia Nacional do Samba domingo (10), \u00e0s 11h30, na AABB (Setor Clubes Sul). Ingresso \u00e0 venda no local. Classifia\u00e7\u00e3o indicativa livre.<\/p>\n<figure id=\"attachment_2930\" aria-describedby=\"caption-attachment-2930\" style=\"width: 800px\" class=\"wp-caption aligncenter\"><img loading=\"lazy\" decoding=\"async\" class=\"size-full wp-image-2930\" src=\"https:\/\/blogs.correiobraziliense.com.br\/trilhasonora\/wp-content\/uploads\/sites\/39\/2023\/12\/O-cantor-e-compositor-Odair-Jose.-Foto-Bernardo-Guerreiro.-Divulgacao.jpg\" alt=\"\" width=\"800\" height=\"534\" srcset=\"https:\/\/blogs.correiobraziliense.com.br\/trilhasonora\/wp-content\/uploads\/sites\/39\/2023\/12\/O-cantor-e-compositor-Odair-Jose.-Foto-Bernardo-Guerreiro.-Divulgacao.jpg 800w, https:\/\/blogs.correiobraziliense.com.br\/trilhasonora\/wp-content\/uploads\/sites\/39\/2023\/12\/O-cantor-e-compositor-Odair-Jose.-Foto-Bernardo-Guerreiro.-Divulgacao-300x200.jpg 300w, https:\/\/blogs.correiobraziliense.com.br\/trilhasonora\/wp-content\/uploads\/sites\/39\/2023\/12\/O-cantor-e-compositor-Odair-Jose.-Foto-Bernardo-Guerreiro.-Divulgacao-768x513.jpg 768w, https:\/\/blogs.correiobraziliense.com.br\/trilhasonora\/wp-content\/uploads\/sites\/39\/2023\/12\/O-cantor-e-compositor-Odair-Jose.-Foto-Bernardo-Guerreiro.-Divulgacao-550x367.jpg 550w, https:\/\/blogs.correiobraziliense.com.br\/trilhasonora\/wp-content\/uploads\/sites\/39\/2023\/12\/O-cantor-e-compositor-Odair-Jose.-Foto-Bernardo-Guerreiro.-Divulgacao-230x154.jpg 230w\" sizes=\"auto, (max-width: 800px) 100vw, 800px\" \/><figcaption id=\"caption-attachment-2930\" class=\"wp-caption-text\">Odair Jos\u00e9. Cr\u00e9dito: Bernardo Guerreiro\/Divulga\u00e7\u00e3o<\/figcaption><\/figure>\n<p><strong>Feira Cultural &#8212;<\/strong> Odair Jos\u00e9 ser\u00e1 a atra\u00e7\u00e3o principal da nona edi\u00e7\u00e3o da Feira Cultural de Ceil\u00e2ndia, amanh\u00e3 (9), a partir das 15h, na Casa do Cantador. O acesso \u00e9 gratuito.<\/p>\n<figure id=\"attachment_2931\" aria-describedby=\"caption-attachment-2931\" style=\"width: 750px\" class=\"wp-caption aligncenter\"><img loading=\"lazy\" decoding=\"async\" class=\"size-full wp-image-2931\" src=\"https:\/\/blogs.correiobraziliense.com.br\/trilhasonora\/wp-content\/uploads\/sites\/39\/2023\/12\/20180309174354791699o.jpg\" alt=\"\" width=\"750\" height=\"400\" srcset=\"https:\/\/blogs.correiobraziliense.com.br\/trilhasonora\/wp-content\/uploads\/sites\/39\/2023\/12\/20180309174354791699o.jpg 750w, https:\/\/blogs.correiobraziliense.com.br\/trilhasonora\/wp-content\/uploads\/sites\/39\/2023\/12\/20180309174354791699o-300x160.jpg 300w, https:\/\/blogs.correiobraziliense.com.br\/trilhasonora\/wp-content\/uploads\/sites\/39\/2023\/12\/20180309174354791699o-550x293.jpg 550w, https:\/\/blogs.correiobraziliense.com.br\/trilhasonora\/wp-content\/uploads\/sites\/39\/2023\/12\/20180309174354791699o-230x123.jpg 230w\" sizes=\"auto, (max-width: 750px) 100vw, 750px\" \/><figcaption id=\"caption-attachment-2931\" class=\"wp-caption-text\">Credito: Ana Rayssa\/Esp. CB\/D.A. Press. Cantor Chico Chico, filho de Cassia Eller.<\/figcaption><\/figure>\n<p><strong>Chico Chico &#8212;<\/strong> Show do cantor Chico Chico, filho de C\u00e1ssia Eller, amanh\u00e3 (9), \u00e0s 18h30, na Infinu Comunidade Criativa (506 Sul). Ingresso \u00e0 venda no local.<\/p>\n","protected":false},"excerpt":{"rendered":"<p>Tributo a Belchior &#8212; Show de Silvero Pereira, hoje (8\/12), em tributo a Belchior, \u00e0s 20h, amanh\u00e3 (9), \u00e0s 17h e 20h, e domingo (10), \u00e0s 19h, no teatro da Caixa Cultural (Setor Banc\u00e1rio Sul). Ingresso: R$ 30 e R$ 15 (meia-entrada). Classifica\u00e7\u00e3o indica\u00e7\u00e3o livre. Duduzera &#8212; Roda de samba comandada por Dudu 7 Cordas hoje (8), a partir das [&hellip;]<\/p>\n","protected":false},"author":84,"featured_media":2927,"comment_status":"open","ping_status":"open","sticky":false,"template":"","format":"standard","meta":{"footnotes":""},"categories":[113],"tags":[],"class_list":["post-2926","post","type-post","status-publish","format-standard","has-post-thumbnail","hentry","category-materia"],"_links":{"self":[{"href":"https:\/\/blogs.correiobraziliense.com.br\/trilhasonora\/wp-json\/wp\/v2\/posts\/2926","targetHints":{"allow":["GET"]}}],"collection":[{"href":"https:\/\/blogs.correiobraziliense.com.br\/trilhasonora\/wp-json\/wp\/v2\/posts"}],"about":[{"href":"https:\/\/blogs.correiobraziliense.com.br\/trilhasonora\/wp-json\/wp\/v2\/types\/post"}],"author":[{"embeddable":true,"href":"https:\/\/blogs.correiobraziliense.com.br\/trilhasonora\/wp-json\/wp\/v2\/users\/84"}],"replies":[{"embeddable":true,"href":"https:\/\/blogs.correiobraziliense.com.br\/trilhasonora\/wp-json\/wp\/v2\/comments?post=2926"}],"version-history":[{"count":2,"href":"https:\/\/blogs.correiobraziliense.com.br\/trilhasonora\/wp-json\/wp\/v2\/posts\/2926\/revisions"}],"predecessor-version":[{"id":2933,"href":"https:\/\/blogs.correiobraziliense.com.br\/trilhasonora\/wp-json\/wp\/v2\/posts\/2926\/revisions\/2933"}],"wp:featuredmedia":[{"embeddable":true,"href":"https:\/\/blogs.correiobraziliense.com.br\/trilhasonora\/wp-json\/wp\/v2\/media\/2927"}],"wp:attachment":[{"href":"https:\/\/blogs.correiobraziliense.com.br\/trilhasonora\/wp-json\/wp\/v2\/media?parent=2926"}],"wp:term":[{"taxonomy":"category","embeddable":true,"href":"https:\/\/blogs.correiobraziliense.com.br\/trilhasonora\/wp-json\/wp\/v2\/categories?post=2926"},{"taxonomy":"post_tag","embeddable":true,"href":"https:\/\/blogs.correiobraziliense.com.br\/trilhasonora\/wp-json\/wp\/v2\/tags?post=2926"}],"curies":[{"name":"wp","href":"https:\/\/api.w.org\/{rel}","templated":true}]}}