{"id":2916,"date":"2023-11-24T06:00:29","date_gmt":"2023-11-24T09:00:29","guid":{"rendered":"https:\/\/blogs.correiobraziliense.com.br\/trilhasonora\/?p=2916"},"modified":"2023-11-23T18:43:13","modified_gmt":"2023-11-23T21:43:13","slug":"confira-a-programacao-musical-do-fim-de-semana-em-brasilia","status":"publish","type":"post","link":"https:\/\/blogs.correiobraziliense.com.br\/trilhasonora\/confira-a-programacao-musical-do-fim-de-semana-em-brasilia\/","title":{"rendered":"Confira a programa\u00e7\u00e3o musical do fim de semana em Bras\u00edlia"},"content":{"rendered":"<p><strong>Capoeira&#8217;n Blues &#8212;<\/strong> O Mandalla lan\u00e7a hoje (24\/11), \u00e0s 20h, no Teatro dos Banc\u00e1rios (entrequadra 314\/315 Sul), o \u00e1lbum <em>Capoeira&#8217;n Blues<\/em>. Formado por Thaise Mandalla (voz), Andr\u00e9 Louren\u00e7o (contrabaixo), Marlene Souza Lima (guitarra e dire\u00e7\u00e3o musical), Marco Guedes (bateria), Guilherme da Luz (percuss\u00e3o), Rayane Mutante (berimbau) e M\u00edrian Marques (trombone), o grupo vai mostrar as 10 faixas do disco e celebrar o Dia da Consci\u00eancia negra. Classifica\u00e7\u00e3o indicativa livre.<\/p>\n<figure id=\"attachment_2921\" aria-describedby=\"caption-attachment-2921\" style=\"width: 800px\" class=\"wp-caption aligncenter\"><img loading=\"lazy\" decoding=\"async\" class=\"wp-image-2921 size-full\" src=\"https:\/\/blogs.correiobraziliense.com.br\/trilhasonora\/wp-content\/uploads\/sites\/39\/2023\/11\/Estacaodochoro-setembro083-1.jpg\" alt=\"\" width=\"800\" height=\"534\" srcset=\"https:\/\/blogs.correiobraziliense.com.br\/trilhasonora\/wp-content\/uploads\/sites\/39\/2023\/11\/Estacaodochoro-setembro083-1.jpg 800w, https:\/\/blogs.correiobraziliense.com.br\/trilhasonora\/wp-content\/uploads\/sites\/39\/2023\/11\/Estacaodochoro-setembro083-1-300x200.jpg 300w, https:\/\/blogs.correiobraziliense.com.br\/trilhasonora\/wp-content\/uploads\/sites\/39\/2023\/11\/Estacaodochoro-setembro083-1-768x513.jpg 768w, https:\/\/blogs.correiobraziliense.com.br\/trilhasonora\/wp-content\/uploads\/sites\/39\/2023\/11\/Estacaodochoro-setembro083-1-550x367.jpg 550w, https:\/\/blogs.correiobraziliense.com.br\/trilhasonora\/wp-content\/uploads\/sites\/39\/2023\/11\/Estacaodochoro-setembro083-1-230x154.jpg 230w\" sizes=\"auto, (max-width: 800px) 100vw, 800px\" \/><figcaption id=\"caption-attachment-2921\" class=\"wp-caption-text\">Dudu 7 Cordas. Cr\u00e9dito: Juliana Carib\u00e9\/Divulga\u00e7\u00e3o<\/figcaption><\/figure>\n<p><strong>Dudu Choros &#8212;<\/strong> O projeto Esta\u00e7\u00e3o do Choro promove o lan\u00e7amento do EP <em>Dudu 7 Choros<\/em>, do violonista e compositor Dudu 7 Cordas, em show hoje (24), \u00e0s 20h, no Teatro Ary Barroso do Sesc, na 505 Sul. Ingresso \u00e0 venda no local. Classifica\u00e7\u00e3o indicativa livre.<\/p>\n<figure id=\"attachment_2919\" aria-describedby=\"caption-attachment-2919\" style=\"width: 800px\" class=\"wp-caption aligncenter\"><img loading=\"lazy\" decoding=\"async\" class=\"size-full wp-image-2919\" src=\"https:\/\/blogs.correiobraziliense.com.br\/trilhasonora\/wp-content\/uploads\/sites\/39\/2023\/11\/image-16-1.png\" alt=\"\" width=\"800\" height=\"533\" srcset=\"https:\/\/blogs.correiobraziliense.com.br\/trilhasonora\/wp-content\/uploads\/sites\/39\/2023\/11\/image-16-1.png 800w, https:\/\/blogs.correiobraziliense.com.br\/trilhasonora\/wp-content\/uploads\/sites\/39\/2023\/11\/image-16-1-300x200.png 300w, https:\/\/blogs.correiobraziliense.com.br\/trilhasonora\/wp-content\/uploads\/sites\/39\/2023\/11\/image-16-1-768x512.png 768w, https:\/\/blogs.correiobraziliense.com.br\/trilhasonora\/wp-content\/uploads\/sites\/39\/2023\/11\/image-16-1-550x366.png 550w, https:\/\/blogs.correiobraziliense.com.br\/trilhasonora\/wp-content\/uploads\/sites\/39\/2023\/11\/image-16-1-230x153.png 230w\" sizes=\"auto, (max-width: 800px) 100vw, 800px\" \/><figcaption id=\"caption-attachment-2919\" class=\"wp-caption-text\">Mulungroove. Cr\u00e9dito: Arquivo pessoal<\/figcaption><\/figure>\n<p><strong>Soul e Groove &#8212;<\/strong> A banda Mulungroove \u00e9 a atra\u00e7\u00e3o de hoje (24), \u00e0s 20h30, no Feiti\u00e7o das Artes (206 Norte). O repert\u00f3rio do show inclui sucessos de nomes consagrados da soul music brasileira como Tim Maia, Jorge Benjor, Cassiano, al\u00e9m de Michael Jackson, Prince, Al Green e Etta James. O couvert art\u00edstico \u00e9 de R$ 25. N\u00e3o recomendado para menores de 16 anos.<\/p>\n<p><strong>Vozes Negras &#8212;<\/strong> Marcelo Caf\u00e9 e o grupo J\u00e1 Chegou Quem Faltava se apresentam hoje (24), \u00e0s 17h, no Espa\u00e7o Renato Russo (508 Sul), dentro da programa\u00e7\u00e3o do <em>Sarau Vozes Negras<\/em>, parte do projeto Novembro Negro, para comemorar o Dia da Consci\u00eancia Negra. Classifica\u00e7\u00e3o indicativa livre.<\/p>\n<figure id=\"attachment_2918\" aria-describedby=\"caption-attachment-2918\" style=\"width: 591px\" class=\"wp-caption aligncenter\"><img loading=\"lazy\" decoding=\"async\" class=\"size-full wp-image-2918\" src=\"https:\/\/blogs.correiobraziliense.com.br\/trilhasonora\/wp-content\/uploads\/sites\/39\/2023\/11\/Felipe-Viegas-Divulga\u00e7\u00e3o-1.jpeg\" alt=\"\" width=\"591\" height=\"473\" srcset=\"https:\/\/blogs.correiobraziliense.com.br\/trilhasonora\/wp-content\/uploads\/sites\/39\/2023\/11\/Felipe-Viegas-Divulga\u00e7\u00e3o-1.jpeg 591w, https:\/\/blogs.correiobraziliense.com.br\/trilhasonora\/wp-content\/uploads\/sites\/39\/2023\/11\/Felipe-Viegas-Divulga\u00e7\u00e3o-1-300x240.jpeg 300w, https:\/\/blogs.correiobraziliense.com.br\/trilhasonora\/wp-content\/uploads\/sites\/39\/2023\/11\/Felipe-Viegas-Divulga\u00e7\u00e3o-1-550x440.jpeg 550w, https:\/\/blogs.correiobraziliense.com.br\/trilhasonora\/wp-content\/uploads\/sites\/39\/2023\/11\/Felipe-Viegas-Divulga\u00e7\u00e3o-1-230x184.jpeg 230w\" sizes=\"auto, (max-width: 591px) 100vw, 591px\" \/><figcaption id=\"caption-attachment-2918\" class=\"wp-caption-text\">Felipe Viegas. Cr\u00e9dito: Arquivo pessoal<\/figcaption><\/figure>\n<p><strong>Sexta do Jazz &#8212;<\/strong> O encerramento da segunda edi\u00e7\u00e3o do projeto <em>Sexta do Jazz<\/em>, que o Conjunto Nacional promove hoje (24), a partir das 18h30, no Jardim Urbano (terceiro piso), tem como convidados o consagrado pianista Felipe Viegas e o requisitado trombonista Daniel Rodrigues. A produ\u00e7\u00e3o do Coletivo Super Jazz conta ainda com a participa\u00e7\u00e3o dos DJs residentes Dud\u00e3o Melo e Sart\u00f4. A entrada \u00e9 franca.<\/p>\n<figure id=\"attachment_2917\" aria-describedby=\"caption-attachment-2917\" style=\"width: 800px\" class=\"wp-caption aligncenter\"><img loading=\"lazy\" decoding=\"async\" class=\"wp-image-2917 size-full\" src=\"https:\/\/blogs.correiobraziliense.com.br\/trilhasonora\/wp-content\/uploads\/sites\/39\/2023\/11\/ACasaDeJorge_11-1.jpg\" alt=\"\" width=\"800\" height=\"488\" srcset=\"https:\/\/blogs.correiobraziliense.com.br\/trilhasonora\/wp-content\/uploads\/sites\/39\/2023\/11\/ACasaDeJorge_11-1.jpg 800w, https:\/\/blogs.correiobraziliense.com.br\/trilhasonora\/wp-content\/uploads\/sites\/39\/2023\/11\/ACasaDeJorge_11-1-300x183.jpg 300w, https:\/\/blogs.correiobraziliense.com.br\/trilhasonora\/wp-content\/uploads\/sites\/39\/2023\/11\/ACasaDeJorge_11-1-768x468.jpg 768w, https:\/\/blogs.correiobraziliense.com.br\/trilhasonora\/wp-content\/uploads\/sites\/39\/2023\/11\/ACasaDeJorge_11-1-550x336.jpg 550w, https:\/\/blogs.correiobraziliense.com.br\/trilhasonora\/wp-content\/uploads\/sites\/39\/2023\/11\/ACasaDeJorge_11-1-230x140.jpg 230w\" sizes=\"auto, (max-width: 800px) 100vw, 800px\" \/><figcaption id=\"caption-attachment-2917\" class=\"wp-caption-text\">Thiago Nascimento. Cr\u00e9dito: Arquivo pessoal<\/figcaption><\/figure>\n<p><strong>Ax\u00e9 e Pagode &#8212;<\/strong> O cantor e compositor Thiago Nascimento e o grupo Mistura 61 agitam a rec\u00e9m-inaugurada Casa de Jorge (SAAN, Quadra 1, Lote 940) com muito ax\u00e9 pagode hoje (24), a partir das 21h. O couvert art\u00edstico \u00e9 de R$ 30. N\u00e3o recomendado para menores de 18 anos.<\/p>\n<p><strong>Corais Natalinos &#8211;<\/strong>&#8211; Os destaques da programa\u00e7\u00e3o da Pra\u00e7a Central do Terra\u00e7o Shopping s\u00e3o o Coral Jovem da Asa Norte e o Coral Novo Canto da Igreja Adventista do Guar\u00e1, que se apresentar\u00e3o hoje (24) e amanh\u00e3 (25), \u00e0s 19h30. Classifica\u00e7\u00e3o indicativa livre.<\/p>\n<p><strong>Pr\u00edncipe do Samba &#8212;<\/strong> Paulinho da Viola \u00e9 a maior atra\u00e7\u00e3o da programa\u00e7\u00e3o musical deste fim de semana em Bras\u00edlia. O pr\u00edncipe do samba volta ao palco do audit\u00f3rio master do Centro de Conven\u00e7\u00f5es Ulysses Guimar\u00e3es (Eixo Monumental) para apresenta\u00e7\u00e3o amanh\u00e3 (25), \u00e0s 21h. Acompanhado por sua banda, o cantor revisita cl\u00e1ssicos de sua obra. Classifica\u00e7\u00e3o indicativa livre.<\/p>\n<p><strong>Homenagem a Gal &#8212;<\/strong> A eterna Gal Costa ser\u00e1 homenageada amanh\u00e3 (25), \u00e0s 20h30, pela cantora Paula Nunes e a banda Passo Largo em show no Espa\u00e7o Cultural do Choro. O p\u00fablico ouvir\u00e1 cl\u00e1ssicos como <em>Baby<\/em>, <em>Sua estupidez<\/em>, <em>Como dois e dois s\u00e3o cinco<\/em>, <em>Vapor Barato<\/em> e F<em>esta do Interior<\/em>. Ingresso \u00e0 venda no local. N\u00e3o recomendado para menores de 16 anos.<\/p>\n<figure id=\"attachment_2923\" aria-describedby=\"caption-attachment-2923\" style=\"width: 800px\" class=\"wp-caption aligncenter\"><img loading=\"lazy\" decoding=\"async\" class=\"size-full wp-image-2923\" src=\"https:\/\/blogs.correiobraziliense.com.br\/trilhasonora\/wp-content\/uploads\/sites\/39\/2023\/11\/Luan-Carbonari_Fotos-Malu-Ornelas-dsc_6513-1-1.jpg\" alt=\"\" width=\"800\" height=\"780\" srcset=\"https:\/\/blogs.correiobraziliense.com.br\/trilhasonora\/wp-content\/uploads\/sites\/39\/2023\/11\/Luan-Carbonari_Fotos-Malu-Ornelas-dsc_6513-1-1.jpg 800w, https:\/\/blogs.correiobraziliense.com.br\/trilhasonora\/wp-content\/uploads\/sites\/39\/2023\/11\/Luan-Carbonari_Fotos-Malu-Ornelas-dsc_6513-1-1-300x293.jpg 300w, https:\/\/blogs.correiobraziliense.com.br\/trilhasonora\/wp-content\/uploads\/sites\/39\/2023\/11\/Luan-Carbonari_Fotos-Malu-Ornelas-dsc_6513-1-1-768x749.jpg 768w, https:\/\/blogs.correiobraziliense.com.br\/trilhasonora\/wp-content\/uploads\/sites\/39\/2023\/11\/Luan-Carbonari_Fotos-Malu-Ornelas-dsc_6513-1-1-550x536.jpg 550w, https:\/\/blogs.correiobraziliense.com.br\/trilhasonora\/wp-content\/uploads\/sites\/39\/2023\/11\/Luan-Carbonari_Fotos-Malu-Ornelas-dsc_6513-1-1-230x224.jpg 230w\" sizes=\"auto, (max-width: 800px) 100vw, 800px\" \/><figcaption id=\"caption-attachment-2923\" class=\"wp-caption-text\">Luan Carbonari. Cr\u00e9dito: Malu Ornelas\/Divulga\u00e7\u00e3o<\/figcaption><\/figure>\n<p><strong>Novo Talento &#8212;<\/strong> A Infinu Comunidade Criativa (506 Sul), recebe no domingo (26), \u00e0s 19h, um dos novos talentos da MPB, o cantor e compositor paulista Luan Carbonari. No show de voz, viol\u00e3o e piano, ele interpreta cl\u00e1ssicos da MPB e composi\u00e7\u00f5es autorais. Ingresso \u00e0 venda no local. N\u00e3o recomendado para menores de 16 anos.<\/p>\n","protected":false},"excerpt":{"rendered":"<p>Capoeira&#8217;n Blues &#8212; O Mandalla lan\u00e7a hoje (24\/11), \u00e0s 20h, no Teatro dos Banc\u00e1rios (entrequadra 314\/315 Sul), o \u00e1lbum Capoeira&#8217;n Blues. Formado por Thaise Mandalla (voz), Andr\u00e9 Louren\u00e7o (contrabaixo), Marlene Souza Lima (guitarra e dire\u00e7\u00e3o musical), Marco Guedes (bateria), Guilherme da Luz (percuss\u00e3o), Rayane Mutante (berimbau) e M\u00edrian Marques (trombone), o grupo vai mostrar as 10 faixas do disco e [&hellip;]<\/p>\n","protected":false},"author":84,"featured_media":829,"comment_status":"open","ping_status":"open","sticky":false,"template":"","format":"standard","meta":{"footnotes":""},"categories":[1],"tags":[],"class_list":["post-2916","post","type-post","status-publish","format-standard","has-post-thumbnail","hentry","category-sem-categoria"],"_links":{"self":[{"href":"https:\/\/blogs.correiobraziliense.com.br\/trilhasonora\/wp-json\/wp\/v2\/posts\/2916","targetHints":{"allow":["GET"]}}],"collection":[{"href":"https:\/\/blogs.correiobraziliense.com.br\/trilhasonora\/wp-json\/wp\/v2\/posts"}],"about":[{"href":"https:\/\/blogs.correiobraziliense.com.br\/trilhasonora\/wp-json\/wp\/v2\/types\/post"}],"author":[{"embeddable":true,"href":"https:\/\/blogs.correiobraziliense.com.br\/trilhasonora\/wp-json\/wp\/v2\/users\/84"}],"replies":[{"embeddable":true,"href":"https:\/\/blogs.correiobraziliense.com.br\/trilhasonora\/wp-json\/wp\/v2\/comments?post=2916"}],"version-history":[{"count":3,"href":"https:\/\/blogs.correiobraziliense.com.br\/trilhasonora\/wp-json\/wp\/v2\/posts\/2916\/revisions"}],"predecessor-version":[{"id":2924,"href":"https:\/\/blogs.correiobraziliense.com.br\/trilhasonora\/wp-json\/wp\/v2\/posts\/2916\/revisions\/2924"}],"wp:featuredmedia":[{"embeddable":true,"href":"https:\/\/blogs.correiobraziliense.com.br\/trilhasonora\/wp-json\/wp\/v2\/media\/829"}],"wp:attachment":[{"href":"https:\/\/blogs.correiobraziliense.com.br\/trilhasonora\/wp-json\/wp\/v2\/media?parent=2916"}],"wp:term":[{"taxonomy":"category","embeddable":true,"href":"https:\/\/blogs.correiobraziliense.com.br\/trilhasonora\/wp-json\/wp\/v2\/categories?post=2916"},{"taxonomy":"post_tag","embeddable":true,"href":"https:\/\/blogs.correiobraziliense.com.br\/trilhasonora\/wp-json\/wp\/v2\/tags?post=2916"}],"curies":[{"name":"wp","href":"https:\/\/api.w.org\/{rel}","templated":true}]}}