{"id":2900,"date":"2023-11-10T12:14:58","date_gmt":"2023-11-10T15:14:58","guid":{"rendered":"https:\/\/blogs.correiobraziliense.com.br\/trilhasonora\/?p=2900"},"modified":"2023-11-10T12:14:58","modified_gmt":"2023-11-10T15:14:58","slug":"confira-a-programacao-musical-deste-fim-de-semana-em-brasilia","status":"publish","type":"post","link":"https:\/\/blogs.correiobraziliense.com.br\/trilhasonora\/confira-a-programacao-musical-deste-fim-de-semana-em-brasilia\/","title":{"rendered":"Confira a programa\u00e7\u00e3o musical deste fim de semana em Bras\u00edlia"},"content":{"rendered":"<p><strong>Tributo aos Beatles &#8212;<\/strong> A banda paulista Hey Jude presta tributo aos Beatles em show hoje (10\/11), \u00e0s 21h, no audit\u00f3rio master do Centro se Conven\u00e7\u00f5es Ulysses Guimar\u00e3es (Eixo Monumental). Ingressos \u00e0 venda no local. N\u00e3o recomendado para menores de 14 anos.<\/p>\n<figure id=\"attachment_2902\" aria-describedby=\"caption-attachment-2902\" style=\"width: 800px\" class=\"wp-caption aligncenter\"><img loading=\"lazy\" decoding=\"async\" class=\"size-full wp-image-2902\" src=\"https:\/\/blogs.correiobraziliense.com.br\/trilhasonora\/wp-content\/uploads\/sites\/39\/2023\/11\/WandaS\u00e1NelsonFaria1-Foto-MarisaFernandes.jpg\" alt=\"\" width=\"800\" height=\"599\" srcset=\"https:\/\/blogs.correiobraziliense.com.br\/trilhasonora\/wp-content\/uploads\/sites\/39\/2023\/11\/WandaS\u00e1NelsonFaria1-Foto-MarisaFernandes.jpg 800w, https:\/\/blogs.correiobraziliense.com.br\/trilhasonora\/wp-content\/uploads\/sites\/39\/2023\/11\/WandaS\u00e1NelsonFaria1-Foto-MarisaFernandes-300x225.jpg 300w, https:\/\/blogs.correiobraziliense.com.br\/trilhasonora\/wp-content\/uploads\/sites\/39\/2023\/11\/WandaS\u00e1NelsonFaria1-Foto-MarisaFernandes-768x575.jpg 768w, https:\/\/blogs.correiobraziliense.com.br\/trilhasonora\/wp-content\/uploads\/sites\/39\/2023\/11\/WandaS\u00e1NelsonFaria1-Foto-MarisaFernandes-550x412.jpg 550w, https:\/\/blogs.correiobraziliense.com.br\/trilhasonora\/wp-content\/uploads\/sites\/39\/2023\/11\/WandaS\u00e1NelsonFaria1-Foto-MarisaFernandes-230x172.jpg 230w\" sizes=\"auto, (max-width: 800px) 100vw, 800px\" \/><figcaption id=\"caption-attachment-2902\" class=\"wp-caption-text\">Wanda S\u00e1 e NelsonFaria. Cr\u00e9dito: Marisa Fernandes\/Divulga\u00e7\u00e3o<\/figcaption><\/figure>\n<p><strong>Wanda de S\u00e1 e Nelson Faria &#8212;<\/strong> Show da cantora carioca, acompanhada por Nelson Faria hoje (10), \u00e0s 20h30, no Espa\u00e7o Cultural do Choro (Eixo Monumental). Ingressos \u00e0 venda no local. N\u00e3o recomendado para menores de 16 anos.<\/p>\n<figure id=\"attachment_2903\" aria-describedby=\"caption-attachment-2903\" style=\"width: 800px\" class=\"wp-caption aligncenter\"><img loading=\"lazy\" decoding=\"async\" class=\"size-full wp-image-2903\" src=\"https:\/\/blogs.correiobraziliense.com.br\/trilhasonora\/wp-content\/uploads\/sites\/39\/2023\/11\/image.png\" alt=\"\" width=\"800\" height=\"533\" srcset=\"https:\/\/blogs.correiobraziliense.com.br\/trilhasonora\/wp-content\/uploads\/sites\/39\/2023\/11\/image.png 800w, https:\/\/blogs.correiobraziliense.com.br\/trilhasonora\/wp-content\/uploads\/sites\/39\/2023\/11\/image-300x200.png 300w, https:\/\/blogs.correiobraziliense.com.br\/trilhasonora\/wp-content\/uploads\/sites\/39\/2023\/11\/image-768x512.png 768w, https:\/\/blogs.correiobraziliense.com.br\/trilhasonora\/wp-content\/uploads\/sites\/39\/2023\/11\/image-550x366.png 550w, https:\/\/blogs.correiobraziliense.com.br\/trilhasonora\/wp-content\/uploads\/sites\/39\/2023\/11\/image-230x153.png 230w\" sizes=\"auto, (max-width: 800px) 100vw, 800px\" \/><figcaption id=\"caption-attachment-2903\" class=\"wp-caption-text\">Brazilian Blues Band. Cr\u00e9dito: Arquivo pessoal<\/figcaption><\/figure>\n<p><strong>Show de Blues &#8212;<\/strong> O Feiti\u00e7o das Artes (306 Norte) recebe hoje (10), \u00e0s 20h30, o show da banda Brazilian Blues Band, que toca cl\u00e1ssicos do g\u00eanero e composi\u00e7\u00f5es autorais. N\u00e3o recomendado para menores de 16 anos.<\/p>\n<figure id=\"attachment_2905\" aria-describedby=\"caption-attachment-2905\" style=\"width: 800px\" class=\"wp-caption aligncenter\"><img loading=\"lazy\" decoding=\"async\" class=\"size-full wp-image-2905\" src=\"https:\/\/blogs.correiobraziliense.com.br\/trilhasonora\/wp-content\/uploads\/sites\/39\/2023\/11\/sentados-descontra\u00eddos-rindo...jpg\" alt=\"\" width=\"800\" height=\"533\" srcset=\"https:\/\/blogs.correiobraziliense.com.br\/trilhasonora\/wp-content\/uploads\/sites\/39\/2023\/11\/sentados-descontra\u00eddos-rindo...jpg 800w, https:\/\/blogs.correiobraziliense.com.br\/trilhasonora\/wp-content\/uploads\/sites\/39\/2023\/11\/sentados-descontra\u00eddos-rindo..-300x200.jpg 300w, https:\/\/blogs.correiobraziliense.com.br\/trilhasonora\/wp-content\/uploads\/sites\/39\/2023\/11\/sentados-descontra\u00eddos-rindo..-768x512.jpg 768w, https:\/\/blogs.correiobraziliense.com.br\/trilhasonora\/wp-content\/uploads\/sites\/39\/2023\/11\/sentados-descontra\u00eddos-rindo..-550x366.jpg 550w, https:\/\/blogs.correiobraziliense.com.br\/trilhasonora\/wp-content\/uploads\/sites\/39\/2023\/11\/sentados-descontra\u00eddos-rindo..-230x153.jpg 230w\" sizes=\"auto, (max-width: 800px) 100vw, 800px\" \/><figcaption id=\"caption-attachment-2905\" class=\"wp-caption-text\">Marcello Mayor e Patricia Duboc. Cr\u00e9dito: Fred Braziliense\/Divulga\u00e7\u00e3o<\/figcaption><\/figure>\n<p><strong>Duetos &#8212;<\/strong> Marcello Mayor e Patricia Duboc, acompanhado por banda, apresentam o show <em>Duetos<\/em>, interpretando cl\u00e1ssicos da MPB, hoje (10), \u00e0s 21h, no teatro do Bras\u00edlia Shopping (Avenida W3 Norte). Ingressos \u00e0 venda no local.<\/p>\n<figure id=\"attachment_2906\" aria-describedby=\"caption-attachment-2906\" style=\"width: 800px\" class=\"wp-caption aligncenter\"><img loading=\"lazy\" decoding=\"async\" class=\"size-full wp-image-2906\" src=\"https:\/\/blogs.correiobraziliense.com.br\/trilhasonora\/wp-content\/uploads\/sites\/39\/2023\/11\/Flor-Furac\u00e3o_Divulga\u00e7\u00e3o-3.jpg\" alt=\"\" width=\"800\" height=\"533\" srcset=\"https:\/\/blogs.correiobraziliense.com.br\/trilhasonora\/wp-content\/uploads\/sites\/39\/2023\/11\/Flor-Furac\u00e3o_Divulga\u00e7\u00e3o-3.jpg 800w, https:\/\/blogs.correiobraziliense.com.br\/trilhasonora\/wp-content\/uploads\/sites\/39\/2023\/11\/Flor-Furac\u00e3o_Divulga\u00e7\u00e3o-3-300x200.jpg 300w, https:\/\/blogs.correiobraziliense.com.br\/trilhasonora\/wp-content\/uploads\/sites\/39\/2023\/11\/Flor-Furac\u00e3o_Divulga\u00e7\u00e3o-3-768x512.jpg 768w, https:\/\/blogs.correiobraziliense.com.br\/trilhasonora\/wp-content\/uploads\/sites\/39\/2023\/11\/Flor-Furac\u00e3o_Divulga\u00e7\u00e3o-3-550x366.jpg 550w, https:\/\/blogs.correiobraziliense.com.br\/trilhasonora\/wp-content\/uploads\/sites\/39\/2023\/11\/Flor-Furac\u00e3o_Divulga\u00e7\u00e3o-3-230x153.jpg 230w\" sizes=\"auto, (max-width: 800px) 100vw, 800px\" \/><figcaption id=\"caption-attachment-2906\" class=\"wp-caption-text\">Flor Furac\u00e3o. Cr\u00e9dito: Arquivo pessoal<\/figcaption><\/figure>\n<p><strong>Sexta do Jazz &#8212;<\/strong> A cantora Flor Furac\u00e3o \u00e9 a convidada do Coletivo do Jazz no projeto <em>Sexta do Jazz<\/em> hoje (10), \u00e0s 18h30, no Jardim Urbano (terceiro piso do Conjunto Nacional). O acesso \u00e9 gratuito. Classifica\u00e7\u00e3o indicativa livre.<\/p>\n<figure id=\"attachment_2904\" aria-describedby=\"caption-attachment-2904\" style=\"width: 800px\" class=\"wp-caption aligncenter\"><img loading=\"lazy\" decoding=\"async\" class=\"size-full wp-image-2904\" src=\"https:\/\/blogs.correiobraziliense.com.br\/trilhasonora\/wp-content\/uploads\/sites\/39\/2023\/11\/link.jpg\" alt=\"\" width=\"800\" height=\"533\" srcset=\"https:\/\/blogs.correiobraziliense.com.br\/trilhasonora\/wp-content\/uploads\/sites\/39\/2023\/11\/link.jpg 800w, https:\/\/blogs.correiobraziliense.com.br\/trilhasonora\/wp-content\/uploads\/sites\/39\/2023\/11\/link-300x200.jpg 300w, https:\/\/blogs.correiobraziliense.com.br\/trilhasonora\/wp-content\/uploads\/sites\/39\/2023\/11\/link-768x512.jpg 768w, https:\/\/blogs.correiobraziliense.com.br\/trilhasonora\/wp-content\/uploads\/sites\/39\/2023\/11\/link-550x366.jpg 550w, https:\/\/blogs.correiobraziliense.com.br\/trilhasonora\/wp-content\/uploads\/sites\/39\/2023\/11\/link-230x153.jpg 230w\" sizes=\"auto, (max-width: 800px) 100vw, 800px\" \/><figcaption id=\"caption-attachment-2904\" class=\"wp-caption-text\">Saulo Fernandes e Durval Lelys. Cr\u00e9dito: Mentha\/Divulga\u00e7\u00e3o<\/figcaption><\/figure>\n<p><strong>Pranch\u00e3o do Ax\u00e9 &#8212;<\/strong> Durval Lelys e Saulo Fernandes, destaques da ax\u00e9 music, s\u00e3o protagonistas do Pranch\u00e3o, evento de ax\u00e9 music, amanh\u00e3 (11), a partir das 16h, no Expocenter do Parque da Cidade com a participa\u00e7\u00e3o de Ninha, Tonho Mat\u00e9ria e do grupo Filhos da Bahia. Ingressos \u00e0 venda no local.N\u00e3o recomendado para menores de 16 anos.<\/p>\n","protected":false},"excerpt":{"rendered":"<p>Tributo aos Beatles &#8212; A banda paulista Hey Jude presta tributo aos Beatles em show hoje (10\/11), \u00e0s 21h, no audit\u00f3rio master do Centro se Conven\u00e7\u00f5es Ulysses Guimar\u00e3es (Eixo Monumental). Ingressos \u00e0 venda no local. N\u00e3o recomendado para menores de 14 anos. Wanda de S\u00e1 e Nelson Faria &#8212; Show da cantora carioca, acompanhada por Nelson Faria hoje (10), \u00e0s [&hellip;]<\/p>\n","protected":false},"author":84,"featured_media":2901,"comment_status":"open","ping_status":"open","sticky":false,"template":"","format":"standard","meta":{"footnotes":""},"categories":[113],"tags":[],"class_list":["post-2900","post","type-post","status-publish","format-standard","has-post-thumbnail","hentry","category-materia"],"_links":{"self":[{"href":"https:\/\/blogs.correiobraziliense.com.br\/trilhasonora\/wp-json\/wp\/v2\/posts\/2900","targetHints":{"allow":["GET"]}}],"collection":[{"href":"https:\/\/blogs.correiobraziliense.com.br\/trilhasonora\/wp-json\/wp\/v2\/posts"}],"about":[{"href":"https:\/\/blogs.correiobraziliense.com.br\/trilhasonora\/wp-json\/wp\/v2\/types\/post"}],"author":[{"embeddable":true,"href":"https:\/\/blogs.correiobraziliense.com.br\/trilhasonora\/wp-json\/wp\/v2\/users\/84"}],"replies":[{"embeddable":true,"href":"https:\/\/blogs.correiobraziliense.com.br\/trilhasonora\/wp-json\/wp\/v2\/comments?post=2900"}],"version-history":[{"count":1,"href":"https:\/\/blogs.correiobraziliense.com.br\/trilhasonora\/wp-json\/wp\/v2\/posts\/2900\/revisions"}],"predecessor-version":[{"id":2907,"href":"https:\/\/blogs.correiobraziliense.com.br\/trilhasonora\/wp-json\/wp\/v2\/posts\/2900\/revisions\/2907"}],"wp:featuredmedia":[{"embeddable":true,"href":"https:\/\/blogs.correiobraziliense.com.br\/trilhasonora\/wp-json\/wp\/v2\/media\/2901"}],"wp:attachment":[{"href":"https:\/\/blogs.correiobraziliense.com.br\/trilhasonora\/wp-json\/wp\/v2\/media?parent=2900"}],"wp:term":[{"taxonomy":"category","embeddable":true,"href":"https:\/\/blogs.correiobraziliense.com.br\/trilhasonora\/wp-json\/wp\/v2\/categories?post=2900"},{"taxonomy":"post_tag","embeddable":true,"href":"https:\/\/blogs.correiobraziliense.com.br\/trilhasonora\/wp-json\/wp\/v2\/tags?post=2900"}],"curies":[{"name":"wp","href":"https:\/\/api.w.org\/{rel}","templated":true}]}}