{"id":2892,"date":"2023-10-27T09:16:39","date_gmt":"2023-10-27T12:16:39","guid":{"rendered":"https:\/\/blogs.correiobraziliense.com.br\/trilhasonora\/?p=2892"},"modified":"2023-10-27T09:16:39","modified_gmt":"2023-10-27T12:16:39","slug":"chitaozinho-e-xororo-trazem-a-brasilia-show-comemorativa-confira-a-programacao-do-fim-de-semana","status":"publish","type":"post","link":"https:\/\/blogs.correiobraziliense.com.br\/trilhasonora\/chitaozinho-e-xororo-trazem-a-brasilia-show-comemorativa-confira-a-programacao-do-fim-de-semana\/","title":{"rendered":"Chit\u00e3ozinho e Xoror\u00f3 trazem a Bras\u00edlia show comemorativa; confira a programa\u00e7\u00e3o do fim de semana"},"content":{"rendered":"<p><em>A programa\u00e7\u00e3o musical deste fim de semana em Bras\u00edlia tem como destaque o show comemorativo dos 50 anos de carreira da dupla sertaneja Chit\u00e3ozinho e Xoror\u00f3.<\/em><\/p>\n<p><strong>Guia Musical &#8212;<\/strong> Lan\u00e7amento da 11\u00aa edi\u00e7\u00e3o do Guia Musical de Bras\u00edlia hoje (27\/10), \u00e0s 19h30, na Casa da Cultura de Bras\u00edlia (703 Norte), com show de Janette Dornellas, M\u00e1rcia Tauil, S\u00e9rgio Moraes, Alessandro Borges, C\u00e9lia Porto e R\u00eanio Quintas. Ingresso: R$ 30. Classifica\u00e7\u00e3o indicativa livre.<\/p>\n<p><strong>Coldplay Tribute &#8212;<\/strong> Show da banda Clocks Coldplay em tributo ao Coldplay hoje (27), \u00e0s 21h, no Teatro dos Banc\u00e1rios (entrequadra 314\/315 Sul). Ingressos \u00e0 venda na rede de lojas \u00d3ticas Diniz. Classifica\u00e7\u00e3o indicativa livre.Informa\u00e7\u00f5es: 99959-6152.<\/p>\n<p><strong>Caro\u00e1 &#8212;<\/strong> O contrabaixista Jorge Helder lan\u00e7a o \u00e1lbum <em>Caro\u00e1<\/em> em show hoje (27), \u00e0s 20h, no Mundo Vivo Galeria (413 Norte). Ele tem a companhia de Ademir J\u00fanior (sax), Pedro Almeida (bateria) e Misael Silvestre (piano). H\u00e1 a cobran\u00e7a de couvert art\u00edstico. Informa\u00e7\u00f5es: 99523-9615.<\/p>\n<p><strong>Noturno &#8212;<\/strong> Musical de Oswaldo Montenegro com os participantes da Oficina dos Menestr\u00e9is, sob a dire\u00e7\u00e3o de Deto Montenegro, hoje (27), \u00e0s 20h; amanh\u00e3 (28), \u00e0s 21h e domingo (29), \u00e0s 19h.Ingressos: R$ 25 (plateia popular) e R$ 40 (plateia). Informa\u00e7\u00f5es: 99983-9177. N\u00e3o recomendado para menores de de 14 anos.<\/p>\n<figure id=\"attachment_2897\" aria-describedby=\"caption-attachment-2897\" style=\"width: 800px\" class=\"wp-caption aligncenter\"><img loading=\"lazy\" decoding=\"async\" class=\"size-full wp-image-2897\" src=\"https:\/\/blogs.correiobraziliense.com.br\/trilhasonora\/wp-content\/uploads\/sites\/39\/2023\/10\/Pedro-Castro.jpeg\" alt=\"\" width=\"800\" height=\"702\" srcset=\"https:\/\/blogs.correiobraziliense.com.br\/trilhasonora\/wp-content\/uploads\/sites\/39\/2023\/10\/Pedro-Castro.jpeg 800w, https:\/\/blogs.correiobraziliense.com.br\/trilhasonora\/wp-content\/uploads\/sites\/39\/2023\/10\/Pedro-Castro-300x263.jpeg 300w, https:\/\/blogs.correiobraziliense.com.br\/trilhasonora\/wp-content\/uploads\/sites\/39\/2023\/10\/Pedro-Castro-768x674.jpeg 768w, https:\/\/blogs.correiobraziliense.com.br\/trilhasonora\/wp-content\/uploads\/sites\/39\/2023\/10\/Pedro-Castro-550x483.jpeg 550w, https:\/\/blogs.correiobraziliense.com.br\/trilhasonora\/wp-content\/uploads\/sites\/39\/2023\/10\/Pedro-Castro-230x202.jpeg 230w\" sizes=\"auto, (max-width: 800px) 100vw, 800px\" \/><figcaption id=\"caption-attachment-2897\" class=\"wp-caption-text\">Pedro Castro. Cr\u00e9dito: Divulga\u00e7\u00e3o<\/figcaption><\/figure>\n<p><strong>Sexta do Jazz &#8212;<\/strong> O guitarrista Henrique Alves e o saxofonista Pedro Castro s\u00e3o os convidados do Coletivo Superjazz em mais uma edi\u00e7\u00e3o da Sexta do Jazz hoje (27) no Jardim Urbano, \u00e0s 18h30, no terceiro piso do Conjunto Nacional. O acesso \u00e9 gratuito.<\/p>\n<figure id=\"attachment_2895\" aria-describedby=\"caption-attachment-2895\" style=\"width: 800px\" class=\"wp-caption aligncenter\"><img loading=\"lazy\" decoding=\"async\" class=\"size-full wp-image-2895\" src=\"https:\/\/blogs.correiobraziliense.com.br\/trilhasonora\/wp-content\/uploads\/sites\/39\/2023\/10\/Chit\u00e3ozinho-e-Xoror\u00f3_Julio-Cesar-Costa_Divulga\u00e7\u00e3o.jpg\" alt=\"\" width=\"800\" height=\"533\" srcset=\"https:\/\/blogs.correiobraziliense.com.br\/trilhasonora\/wp-content\/uploads\/sites\/39\/2023\/10\/Chit\u00e3ozinho-e-Xoror\u00f3_Julio-Cesar-Costa_Divulga\u00e7\u00e3o.jpg 800w, https:\/\/blogs.correiobraziliense.com.br\/trilhasonora\/wp-content\/uploads\/sites\/39\/2023\/10\/Chit\u00e3ozinho-e-Xoror\u00f3_Julio-Cesar-Costa_Divulga\u00e7\u00e3o-300x200.jpg 300w, https:\/\/blogs.correiobraziliense.com.br\/trilhasonora\/wp-content\/uploads\/sites\/39\/2023\/10\/Chit\u00e3ozinho-e-Xoror\u00f3_Julio-Cesar-Costa_Divulga\u00e7\u00e3o-768x512.jpg 768w, https:\/\/blogs.correiobraziliense.com.br\/trilhasonora\/wp-content\/uploads\/sites\/39\/2023\/10\/Chit\u00e3ozinho-e-Xoror\u00f3_Julio-Cesar-Costa_Divulga\u00e7\u00e3o-550x366.jpg 550w, https:\/\/blogs.correiobraziliense.com.br\/trilhasonora\/wp-content\/uploads\/sites\/39\/2023\/10\/Chit\u00e3ozinho-e-Xoror\u00f3_Julio-Cesar-Costa_Divulga\u00e7\u00e3o-230x153.jpg 230w\" sizes=\"auto, (max-width: 800px) 100vw, 800px\" \/><figcaption id=\"caption-attachment-2895\" class=\"wp-caption-text\">Chit\u00e3ozinho e Xoror\u00f3. Cr\u00e9dito: Julio Cesar Costa\/Divulga\u00e7\u00e3o<\/figcaption><\/figure>\n<p><strong>Chit\u00e3ozinho e Xoror\u00f3 &#8212;<\/strong> A dupla sertaneja celebra 50 anos de carreira em show amanh\u00e3 (28), \u00e0s 22h, no Pavilh\u00e3o de Exposi\u00e7\u00f5es do Parque da Cidade. Os ingressos custam de R$ 110 a R$ 4.500. N\u00e3o recomendado para menores de 16 anos.<\/p>\n<figure id=\"attachment_2893\" aria-describedby=\"caption-attachment-2893\" style=\"width: 800px\" class=\"wp-caption aligncenter\"><img loading=\"lazy\" decoding=\"async\" class=\"size-full wp-image-2893\" src=\"https:\/\/blogs.correiobraziliense.com.br\/trilhasonora\/wp-content\/uploads\/sites\/39\/2023\/10\/PHOTO-2023-10-20-11-51-06.jpg\" alt=\"\" width=\"800\" height=\"503\" srcset=\"https:\/\/blogs.correiobraziliense.com.br\/trilhasonora\/wp-content\/uploads\/sites\/39\/2023\/10\/PHOTO-2023-10-20-11-51-06.jpg 800w, https:\/\/blogs.correiobraziliense.com.br\/trilhasonora\/wp-content\/uploads\/sites\/39\/2023\/10\/PHOTO-2023-10-20-11-51-06-300x189.jpg 300w, https:\/\/blogs.correiobraziliense.com.br\/trilhasonora\/wp-content\/uploads\/sites\/39\/2023\/10\/PHOTO-2023-10-20-11-51-06-768x483.jpg 768w, https:\/\/blogs.correiobraziliense.com.br\/trilhasonora\/wp-content\/uploads\/sites\/39\/2023\/10\/PHOTO-2023-10-20-11-51-06-550x346.jpg 550w, https:\/\/blogs.correiobraziliense.com.br\/trilhasonora\/wp-content\/uploads\/sites\/39\/2023\/10\/PHOTO-2023-10-20-11-51-06-230x145.jpg 230w\" sizes=\"auto, (max-width: 800px) 100vw, 800px\" \/><figcaption id=\"caption-attachment-2893\" class=\"wp-caption-text\">Grupo Gente de Casa. Cr\u00e9dito: Acervo pessoal<\/figcaption><\/figure>\n<p><strong>Gente de Casa &#8212;<\/strong> O mais antigo grupo vocal de Bras\u00edlia, o Gente de Casa \u00e9 a atra\u00e7\u00e3o de amanh\u00e3 (28), \u00e0s 20h30, no Feiti\u00e7o das Artes, tendo Vadim Arsk como convidado. H\u00e1 a cobran\u00e7a de couvert art\u00edstico. N\u00e3o recomendado para menores de 16 anos.<\/p>\n<p><strong>Conecta Festival &#8212;<\/strong> O violonista Fernando C\u00e9sar e o saxofonista Bruno Patr\u00edcio tocam neste domingo (29), \u00e0s 18h30, no Conecta Festival da Casa Baco, localizado no shopping Casa Park. O couvert art\u00edstico \u00e9 de R$ 10. Classifica\u00e7\u00e3o indicativa livre.<\/p>\n<figure id=\"attachment_2896\" aria-describedby=\"caption-attachment-2896\" style=\"width: 800px\" class=\"wp-caption aligncenter\"><img loading=\"lazy\" decoding=\"async\" class=\"size-full wp-image-2896\" src=\"https:\/\/blogs.correiobraziliense.com.br\/trilhasonora\/wp-content\/uploads\/sites\/39\/2023\/10\/FOTOC.jpg\" alt=\"\" width=\"800\" height=\"632\" srcset=\"https:\/\/blogs.correiobraziliense.com.br\/trilhasonora\/wp-content\/uploads\/sites\/39\/2023\/10\/FOTOC.jpg 800w, https:\/\/blogs.correiobraziliense.com.br\/trilhasonora\/wp-content\/uploads\/sites\/39\/2023\/10\/FOTOC-300x237.jpg 300w, https:\/\/blogs.correiobraziliense.com.br\/trilhasonora\/wp-content\/uploads\/sites\/39\/2023\/10\/FOTOC-768x607.jpg 768w, https:\/\/blogs.correiobraziliense.com.br\/trilhasonora\/wp-content\/uploads\/sites\/39\/2023\/10\/FOTOC-550x435.jpg 550w, https:\/\/blogs.correiobraziliense.com.br\/trilhasonora\/wp-content\/uploads\/sites\/39\/2023\/10\/FOTOC-230x182.jpg 230w\" sizes=\"auto, (max-width: 800px) 100vw, 800px\" \/><figcaption id=\"caption-attachment-2896\" class=\"wp-caption-text\">Guilherme Arantes. Cr\u00e9dito: Divulga\u00e7\u00e3o<\/figcaption><\/figure>\n<p><strong>Guilherme Arantes &#8212;<\/strong> O cantor e compositor paulistano, acompanhado pela Orquestra Bras\u00edlia Sinf\u00f4nica, revisita seus hits em show domingo (29), \u00e0s 20h, no audit\u00f3rio master do Centro de Conven\u00e7\u00f5es Ulysses Guimar\u00e3es. Os ingressos, entre R$ 80 e R$ 160, est\u00e3o \u00e0 venda na rede de lojas \u00d3ticas Diniz. Classifica\u00e7\u00e3o indicativa livre.<\/p>\n","protected":false},"excerpt":{"rendered":"<p>A programa\u00e7\u00e3o musical deste fim de semana em Bras\u00edlia tem como destaque o show comemorativo dos 50 anos de carreira da dupla sertaneja Chit\u00e3ozinho e Xoror\u00f3. Guia Musical &#8212; Lan\u00e7amento da 11\u00aa edi\u00e7\u00e3o do Guia Musical de Bras\u00edlia hoje (27\/10), \u00e0s 19h30, na Casa da Cultura de Bras\u00edlia (703 Norte), com show de Janette Dornellas, M\u00e1rcia Tauil, S\u00e9rgio Moraes, Alessandro [&hellip;]<\/p>\n","protected":false},"author":84,"featured_media":2894,"comment_status":"open","ping_status":"open","sticky":false,"template":"","format":"standard","meta":{"footnotes":""},"categories":[113],"tags":[257,136],"class_list":["post-2892","post","type-post","status-publish","format-standard","has-post-thumbnail","hentry","category-materia","tag-fim-de-semana","tag-programacao"],"_links":{"self":[{"href":"https:\/\/blogs.correiobraziliense.com.br\/trilhasonora\/wp-json\/wp\/v2\/posts\/2892","targetHints":{"allow":["GET"]}}],"collection":[{"href":"https:\/\/blogs.correiobraziliense.com.br\/trilhasonora\/wp-json\/wp\/v2\/posts"}],"about":[{"href":"https:\/\/blogs.correiobraziliense.com.br\/trilhasonora\/wp-json\/wp\/v2\/types\/post"}],"author":[{"embeddable":true,"href":"https:\/\/blogs.correiobraziliense.com.br\/trilhasonora\/wp-json\/wp\/v2\/users\/84"}],"replies":[{"embeddable":true,"href":"https:\/\/blogs.correiobraziliense.com.br\/trilhasonora\/wp-json\/wp\/v2\/comments?post=2892"}],"version-history":[{"count":1,"href":"https:\/\/blogs.correiobraziliense.com.br\/trilhasonora\/wp-json\/wp\/v2\/posts\/2892\/revisions"}],"predecessor-version":[{"id":2898,"href":"https:\/\/blogs.correiobraziliense.com.br\/trilhasonora\/wp-json\/wp\/v2\/posts\/2892\/revisions\/2898"}],"wp:featuredmedia":[{"embeddable":true,"href":"https:\/\/blogs.correiobraziliense.com.br\/trilhasonora\/wp-json\/wp\/v2\/media\/2894"}],"wp:attachment":[{"href":"https:\/\/blogs.correiobraziliense.com.br\/trilhasonora\/wp-json\/wp\/v2\/media?parent=2892"}],"wp:term":[{"taxonomy":"category","embeddable":true,"href":"https:\/\/blogs.correiobraziliense.com.br\/trilhasonora\/wp-json\/wp\/v2\/categories?post=2892"},{"taxonomy":"post_tag","embeddable":true,"href":"https:\/\/blogs.correiobraziliense.com.br\/trilhasonora\/wp-json\/wp\/v2\/tags?post=2892"}],"curies":[{"name":"wp","href":"https:\/\/api.w.org\/{rel}","templated":true}]}}