{"id":2884,"date":"2023-10-20T06:59:34","date_gmt":"2023-10-20T09:59:34","guid":{"rendered":"https:\/\/blogs.correiobraziliense.com.br\/trilhasonora\/?p=2884"},"modified":"2023-10-20T00:18:45","modified_gmt":"2023-10-20T03:18:45","slug":"confira-a-programacao-cultural-deste-fim-de-semana-no-df","status":"publish","type":"post","link":"https:\/\/blogs.correiobraziliense.com.br\/trilhasonora\/confira-a-programacao-cultural-deste-fim-de-semana-no-df\/","title":{"rendered":"Confira a programa\u00e7\u00e3o cultural deste fim de semana no DF"},"content":{"rendered":"<p><strong>Homenagem a Paulinho da Viola &#8212;<\/strong> Show de Eliane Faria e convidados hoje (20\/10), \u00e0s 20h30, no Espa\u00e7o Cultural do Choro (Eixo Monumental) em homenagem ao pai, Paulinho da Viola. No repert\u00f3rio cl\u00e1ssicos como <em>Cora\u00e7\u00e3o leviano<\/em>, <em>Pecado capital<\/em> e <em>Foi um rio que passou em minha vida<\/em>. Ingresso \u00e0 venda na bilheteria digital e no local. Informa\u00e7\u00f5es: 99956-7369. N\u00e3o recomendado para menores de 16 anos.<\/p>\n<figure id=\"attachment_2887\" aria-describedby=\"caption-attachment-2887\" style=\"width: 750px\" class=\"wp-caption aligncenter\"><img loading=\"lazy\" decoding=\"async\" class=\"size-full wp-image-2887\" src=\"https:\/\/blogs.correiobraziliense.com.br\/trilhasonora\/wp-content\/uploads\/sites\/39\/2023\/10\/Antenor-Bog\u00e9a-foto-arquivo-pessoal.jpg\" alt=\"\" width=\"750\" height=\"754\" srcset=\"https:\/\/blogs.correiobraziliense.com.br\/trilhasonora\/wp-content\/uploads\/sites\/39\/2023\/10\/Antenor-Bog\u00e9a-foto-arquivo-pessoal.jpg 750w, https:\/\/blogs.correiobraziliense.com.br\/trilhasonora\/wp-content\/uploads\/sites\/39\/2023\/10\/Antenor-Bog\u00e9a-foto-arquivo-pessoal-150x150.jpg 150w, https:\/\/blogs.correiobraziliense.com.br\/trilhasonora\/wp-content\/uploads\/sites\/39\/2023\/10\/Antenor-Bog\u00e9a-foto-arquivo-pessoal-298x300.jpg 298w, https:\/\/blogs.correiobraziliense.com.br\/trilhasonora\/wp-content\/uploads\/sites\/39\/2023\/10\/Antenor-Bog\u00e9a-foto-arquivo-pessoal-550x553.jpg 550w, https:\/\/blogs.correiobraziliense.com.br\/trilhasonora\/wp-content\/uploads\/sites\/39\/2023\/10\/Antenor-Bog\u00e9a-foto-arquivo-pessoal-230x231.jpg 230w\" sizes=\"auto, (max-width: 750px) 100vw, 750px\" \/><figcaption id=\"caption-attachment-2887\" class=\"wp-caption-text\">Antenor Bog\u00e9a. Cr\u00e9dito: Arquivo pessoal<\/figcaption><\/figure>\n<p><strong>C\u00e9lia Rabelo e Antenor Borg\u00e9a &#8212;<\/strong> Show de C\u00e9lia Rabelo e Antenor Borg\u00e9a com a participa\u00e7\u00e3o de F\u00e9lix J\u00fanior (viol\u00e3o 7 cordas) e Rogerinho C\u00f3rdova (percuss\u00e3o) amanh\u00e3 (21), \u00e0s 20h, no Figueira de La Parrila (Acampamento do DFL, Rua 1, Lote 1 &#8211; Vila Planalto). Couvert art\u00edstico: R$ 40. Classifica\u00e7\u00e3o indicativa livre.<\/p>\n<figure id=\"attachment_2888\" aria-describedby=\"caption-attachment-2888\" style=\"width: 800px\" class=\"wp-caption aligncenter\"><img loading=\"lazy\" decoding=\"async\" class=\"size-full wp-image-2888\" src=\"https:\/\/blogs.correiobraziliense.com.br\/trilhasonora\/wp-content\/uploads\/sites\/39\/2023\/10\/Z\u00e9-Krishna_Divulga\u00e7\u00e3o.jpeg\" alt=\"\" width=\"800\" height=\"500\" srcset=\"https:\/\/blogs.correiobraziliense.com.br\/trilhasonora\/wp-content\/uploads\/sites\/39\/2023\/10\/Z\u00e9-Krishna_Divulga\u00e7\u00e3o.jpeg 800w, https:\/\/blogs.correiobraziliense.com.br\/trilhasonora\/wp-content\/uploads\/sites\/39\/2023\/10\/Z\u00e9-Krishna_Divulga\u00e7\u00e3o-300x188.jpeg 300w, https:\/\/blogs.correiobraziliense.com.br\/trilhasonora\/wp-content\/uploads\/sites\/39\/2023\/10\/Z\u00e9-Krishna_Divulga\u00e7\u00e3o-768x480.jpeg 768w, https:\/\/blogs.correiobraziliense.com.br\/trilhasonora\/wp-content\/uploads\/sites\/39\/2023\/10\/Z\u00e9-Krishna_Divulga\u00e7\u00e3o-550x344.jpeg 550w, https:\/\/blogs.correiobraziliense.com.br\/trilhasonora\/wp-content\/uploads\/sites\/39\/2023\/10\/Z\u00e9-Krishna_Divulga\u00e7\u00e3o-230x144.jpeg 230w\" sizes=\"auto, (max-width: 800px) 100vw, 800px\" \/><figcaption id=\"caption-attachment-2888\" class=\"wp-caption-text\">Z\u00e9 Krishna. Cr\u00e9dito: Divulga\u00e7\u00e3o<\/figcaption><\/figure>\n<p><strong>Sexta do Jazz &#8212;<\/strong> O projeto Sexta do Jazz volta a ser promovido hoje (20), a partir das 19h30,no Jardim Urbano, no terceiro piso do Conjunto Nacional, sob o comando do Coletivo Superjazz, que convida Dud\u00e3o Melo (beats\/loops), Pedro Castro (sax) e Z\u00e9 Krishna (guitarra). O acesso \u00e9 gratuito.<\/p>\n<p><strong>Festival de Caba\u00e7aria Tradicional &#8212;<\/strong> A programa\u00e7\u00e3o deste fim de semana da Infinu Comunidade Criativa (506 Sul) tem como destaque o Festival de Caba\u00e7aria Tradicional. Amanh\u00e3 (21), \u00e0s 17h, se apresentam os brasilienses Jim Cascaes e Sarah Ayr\u00ea, \u00e0s 18h; Baque Mulher, \u00e0s 19h; N\u00e3nam Matos e o grupo Filhas de Gandhy, \u00e0s 20h30. No domingo (22), tem shows dos tamb\u00e9m brasilienses Zenga Batuque Angola, \u00e0s 18h; e Sereia Luzia, \u00e0s 19h; e o pernambucano Bongar, \u00e0s 20h30.<\/p>\n<figure id=\"attachment_2889\" aria-describedby=\"caption-attachment-2889\" style=\"width: 800px\" class=\"wp-caption aligncenter\"><img loading=\"lazy\" decoding=\"async\" class=\"size-full wp-image-2889\" src=\"https:\/\/blogs.correiobraziliense.com.br\/trilhasonora\/wp-content\/uploads\/sites\/39\/2023\/10\/7naRoda_Foto-Nina-Quintana-3.jpg\" alt=\"\" width=\"800\" height=\"533\" srcset=\"https:\/\/blogs.correiobraziliense.com.br\/trilhasonora\/wp-content\/uploads\/sites\/39\/2023\/10\/7naRoda_Foto-Nina-Quintana-3.jpg 800w, https:\/\/blogs.correiobraziliense.com.br\/trilhasonora\/wp-content\/uploads\/sites\/39\/2023\/10\/7naRoda_Foto-Nina-Quintana-3-300x200.jpg 300w, https:\/\/blogs.correiobraziliense.com.br\/trilhasonora\/wp-content\/uploads\/sites\/39\/2023\/10\/7naRoda_Foto-Nina-Quintana-3-768x512.jpg 768w, https:\/\/blogs.correiobraziliense.com.br\/trilhasonora\/wp-content\/uploads\/sites\/39\/2023\/10\/7naRoda_Foto-Nina-Quintana-3-550x366.jpg 550w, https:\/\/blogs.correiobraziliense.com.br\/trilhasonora\/wp-content\/uploads\/sites\/39\/2023\/10\/7naRoda_Foto-Nina-Quintana-3-230x153.jpg 230w\" sizes=\"auto, (max-width: 800px) 100vw, 800px\" \/><figcaption id=\"caption-attachment-2889\" class=\"wp-caption-text\">7 na Roda. Cr\u00e9dito: Nina Quintana\/Divulga\u00e7\u00e3o<\/figcaption><\/figure>\n<p><strong>Complexo do Choro &#8212;<\/strong> Amanh\u00e3 (21), a partir 12h, feijoada com samba; \u00e0s 16h, roda de choro de alunos e professores da Escola Brasileira de Choro Raphael Rabello. No domingo (22), \u00e0s 17h, o grupo Choro Livre convidar\u00e1 F\u00e9lix J\u00fanior (viol\u00e3o 7 cordas), L\u00e9o Benon (cavaquinho), S\u00e9rgio Moraes (flauta), J\u00fanior Viegas e Larissa Umayt\u00e1 (percuss\u00e3o), al\u00e9m de Manass\u00e9s de Souza (viol\u00e3o). Na sequ\u00eancia, \u00e0s 18h45, se apresentar\u00e1 o grupo de samba 7 na Roda. O acesso \u00e9 gratuito.<\/p>\n<p><strong>\u00d3pera Fosca &#8212;<\/strong> Os 150 anos da <em>Fosca &#8212; Uma \u00d3pera Maldita<\/em>, de Carlos Gomes, ser\u00e3o celebrados amanh\u00e3 (21) e domingo (22), \u00e0s 19h, no Teatro da Poupex, no Setor Militar Urbano, pela Cia de Cantores de Bras\u00edlia, sob a dire\u00e7\u00e3o geral de Renata Dourado e dire\u00e7\u00e3o musical do maestro Ricardo Souza-Castro. O acesso \u00e9 gratuito.<\/p>\n<figure id=\"attachment_2886\" aria-describedby=\"caption-attachment-2886\" style=\"width: 800px\" class=\"wp-caption aligncenter\"><img loading=\"lazy\" decoding=\"async\" class=\"size-full wp-image-2886\" src=\"https:\/\/blogs.correiobraziliense.com.br\/trilhasonora\/wp-content\/uploads\/sites\/39\/2023\/10\/WidorSantiago1-Foto-EduardoVergara.jpg\" alt=\"\" width=\"800\" height=\"757\" srcset=\"https:\/\/blogs.correiobraziliense.com.br\/trilhasonora\/wp-content\/uploads\/sites\/39\/2023\/10\/WidorSantiago1-Foto-EduardoVergara.jpg 800w, https:\/\/blogs.correiobraziliense.com.br\/trilhasonora\/wp-content\/uploads\/sites\/39\/2023\/10\/WidorSantiago1-Foto-EduardoVergara-300x284.jpg 300w, https:\/\/blogs.correiobraziliense.com.br\/trilhasonora\/wp-content\/uploads\/sites\/39\/2023\/10\/WidorSantiago1-Foto-EduardoVergara-768x727.jpg 768w, https:\/\/blogs.correiobraziliense.com.br\/trilhasonora\/wp-content\/uploads\/sites\/39\/2023\/10\/WidorSantiago1-Foto-EduardoVergara-550x520.jpg 550w, https:\/\/blogs.correiobraziliense.com.br\/trilhasonora\/wp-content\/uploads\/sites\/39\/2023\/10\/WidorSantiago1-Foto-EduardoVergara-230x218.jpg 230w\" sizes=\"auto, (max-width: 800px) 100vw, 800px\" \/><figcaption id=\"caption-attachment-2886\" class=\"wp-caption-text\">Widor Santiago. Cr\u00e9dito: EduardoVergara\/Divulga\u00e7\u00e3o<\/figcaption><\/figure>\n<p><strong>Vidor Santiago &#8212;<\/strong> O quarteto do saxofonista Vidor Santiago apresenta show de jazz amanh\u00e3 (21), \u00e0s 20h30, no Espa\u00e7o Cultural do Choro (Eixo Monumental). O ingreso, \u00e0 venda no local, custa R$ 40. N\u00e3o recomendado para menores de 16 anos.<\/p>\n<figure id=\"attachment_2890\" aria-describedby=\"caption-attachment-2890\" style=\"width: 637px\" class=\"wp-caption aligncenter\"><img loading=\"lazy\" decoding=\"async\" class=\"size-full wp-image-2890\" src=\"https:\/\/blogs.correiobraziliense.com.br\/trilhasonora\/wp-content\/uploads\/sites\/39\/2023\/10\/link.png\" alt=\"\" width=\"637\" height=\"474\" srcset=\"https:\/\/blogs.correiobraziliense.com.br\/trilhasonora\/wp-content\/uploads\/sites\/39\/2023\/10\/link.png 637w, https:\/\/blogs.correiobraziliense.com.br\/trilhasonora\/wp-content\/uploads\/sites\/39\/2023\/10\/link-300x223.png 300w, https:\/\/blogs.correiobraziliense.com.br\/trilhasonora\/wp-content\/uploads\/sites\/39\/2023\/10\/link-550x409.png 550w, https:\/\/blogs.correiobraziliense.com.br\/trilhasonora\/wp-content\/uploads\/sites\/39\/2023\/10\/link-230x171.png 230w\" sizes=\"auto, (max-width: 637px) 100vw, 637px\" \/><figcaption id=\"caption-attachment-2890\" class=\"wp-caption-text\">Pedro Paulo e Matheus<\/figcaption><\/figure>\n<p><strong>Anivers\u00e1rio de Samambaia &#8212;<\/strong> Shows musicais fazem parte da programa\u00e7\u00e3o do 34\u00ba anivers\u00e1rio de Samambaia. Hoje (20) tem apresenta\u00e7\u00e3o de Caio e Henrique, \u00e0s 21h, e de Pedro Paulo e Mateus, \u00e0s 23h. Amanh\u00e3 (21), a partir das 19h, se apresentam Robson e Tiago, Nego Rainer e Isabela Moraes. No domingo (22), tem shows de rock, e o pagode da Roda de Samba da Comunidade, no estacionamento do Est\u00e1dio Roriz\u00e3o. O acesso \u00e9 gratuito.<\/p>\n<p><strong>Buraco do Tatu &#8212;<\/strong> Roda de samba Buraco do Tatu, na Birosca do Conic (Setor de Divers\u00e3o Sul),a partir das 16h. Ingresso: R$ 20.<\/p>\n","protected":false},"excerpt":{"rendered":"<p>Homenagem a Paulinho da Viola &#8212; Show de Eliane Faria e convidados hoje (20\/10), \u00e0s 20h30, no Espa\u00e7o Cultural do Choro (Eixo Monumental) em homenagem ao pai, Paulinho da Viola. No repert\u00f3rio cl\u00e1ssicos como Cora\u00e7\u00e3o leviano, Pecado capital e Foi um rio que passou em minha vida. Ingresso \u00e0 venda na bilheteria digital e no local. Informa\u00e7\u00f5es: 99956-7369. N\u00e3o recomendado [&hellip;]<\/p>\n","protected":false},"author":84,"featured_media":2885,"comment_status":"open","ping_status":"open","sticky":false,"template":"","format":"standard","meta":{"footnotes":""},"categories":[113],"tags":[],"class_list":["post-2884","post","type-post","status-publish","format-standard","has-post-thumbnail","hentry","category-materia"],"_links":{"self":[{"href":"https:\/\/blogs.correiobraziliense.com.br\/trilhasonora\/wp-json\/wp\/v2\/posts\/2884","targetHints":{"allow":["GET"]}}],"collection":[{"href":"https:\/\/blogs.correiobraziliense.com.br\/trilhasonora\/wp-json\/wp\/v2\/posts"}],"about":[{"href":"https:\/\/blogs.correiobraziliense.com.br\/trilhasonora\/wp-json\/wp\/v2\/types\/post"}],"author":[{"embeddable":true,"href":"https:\/\/blogs.correiobraziliense.com.br\/trilhasonora\/wp-json\/wp\/v2\/users\/84"}],"replies":[{"embeddable":true,"href":"https:\/\/blogs.correiobraziliense.com.br\/trilhasonora\/wp-json\/wp\/v2\/comments?post=2884"}],"version-history":[{"count":1,"href":"https:\/\/blogs.correiobraziliense.com.br\/trilhasonora\/wp-json\/wp\/v2\/posts\/2884\/revisions"}],"predecessor-version":[{"id":2891,"href":"https:\/\/blogs.correiobraziliense.com.br\/trilhasonora\/wp-json\/wp\/v2\/posts\/2884\/revisions\/2891"}],"wp:featuredmedia":[{"embeddable":true,"href":"https:\/\/blogs.correiobraziliense.com.br\/trilhasonora\/wp-json\/wp\/v2\/media\/2885"}],"wp:attachment":[{"href":"https:\/\/blogs.correiobraziliense.com.br\/trilhasonora\/wp-json\/wp\/v2\/media?parent=2884"}],"wp:term":[{"taxonomy":"category","embeddable":true,"href":"https:\/\/blogs.correiobraziliense.com.br\/trilhasonora\/wp-json\/wp\/v2\/categories?post=2884"},{"taxonomy":"post_tag","embeddable":true,"href":"https:\/\/blogs.correiobraziliense.com.br\/trilhasonora\/wp-json\/wp\/v2\/tags?post=2884"}],"curies":[{"name":"wp","href":"https:\/\/api.w.org\/{rel}","templated":true}]}}