{"id":2877,"date":"2023-10-13T09:10:33","date_gmt":"2023-10-13T12:10:33","guid":{"rendered":"https:\/\/blogs.correiobraziliense.com.br\/trilhasonora\/?p=2877"},"modified":"2023-10-13T09:10:33","modified_gmt":"2023-10-13T12:10:33","slug":"encontro-nacional-de-festivais-e-destaque-da-programacao-do-fim-de-semana","status":"publish","type":"post","link":"https:\/\/blogs.correiobraziliense.com.br\/trilhasonora\/encontro-nacional-de-festivais-e-destaque-da-programacao-do-fim-de-semana\/","title":{"rendered":"Encontro Nacional de Festivais \u00e9 destaque da programa\u00e7\u00e3o do fim de semana"},"content":{"rendered":"<p><strong>Encontro Nacional de Festivais &#8212;<\/strong> Hoje (13\/10), a partir das das 19h, na Pra\u00e7a das Av\u00f3s (506 Sul) tem Favela Sounds Convida Festival Se Rasgum de Bel\u00e9m (PA), com F\u00e9lix Robato, Layse e Lambada de Serpente e Baile do Marley (PE), no Sal\u00e3o da Infinu; amanh\u00e3 (14), a partir das 16h, Paralelo Sonoro Convida Festival Rockambole (SP) com shows de Luccas Sena (GO) e Pluma (SP); domingo (15), a partir das 15h30, no Palco Banca (506 Sul) tem apresenta\u00e7\u00e3o de DJ Mai\u00ea, Lydon Santiago, Glue Trip (PB), Camarones Orquestra Guitarr\u00edstica (RN) e Divinas Tetas (DF); no Palco Shoshana, a partir das 15h30, os shows s\u00e3o de Bia Nogueira (MG),Victor Rice (EUA), Bras\u00edlia Ska Jazz Club (DF), J\u00falia Carvalho e Jacob Bruno e Martte (SP). Entrada gratuita.<\/p>\n<figure id=\"attachment_2880\" aria-describedby=\"caption-attachment-2880\" style=\"width: 800px\" class=\"wp-caption aligncenter\"><img loading=\"lazy\" decoding=\"async\" class=\"size-full wp-image-2880\" src=\"https:\/\/blogs.correiobraziliense.com.br\/trilhasonora\/wp-content\/uploads\/sites\/39\/2023\/10\/WhatsApp-Image-2023-10-04-at-11.08.07-1.jpeg\" alt=\"\" width=\"800\" height=\"533\" srcset=\"https:\/\/blogs.correiobraziliense.com.br\/trilhasonora\/wp-content\/uploads\/sites\/39\/2023\/10\/WhatsApp-Image-2023-10-04-at-11.08.07-1.jpeg 800w, https:\/\/blogs.correiobraziliense.com.br\/trilhasonora\/wp-content\/uploads\/sites\/39\/2023\/10\/WhatsApp-Image-2023-10-04-at-11.08.07-1-300x200.jpeg 300w, https:\/\/blogs.correiobraziliense.com.br\/trilhasonora\/wp-content\/uploads\/sites\/39\/2023\/10\/WhatsApp-Image-2023-10-04-at-11.08.07-1-768x512.jpeg 768w, https:\/\/blogs.correiobraziliense.com.br\/trilhasonora\/wp-content\/uploads\/sites\/39\/2023\/10\/WhatsApp-Image-2023-10-04-at-11.08.07-1-550x366.jpeg 550w, https:\/\/blogs.correiobraziliense.com.br\/trilhasonora\/wp-content\/uploads\/sites\/39\/2023\/10\/WhatsApp-Image-2023-10-04-at-11.08.07-1-230x153.jpeg 230w\" sizes=\"auto, (max-width: 800px) 100vw, 800px\" \/><figcaption id=\"caption-attachment-2880\" class=\"wp-caption-text\">Cia de Cantores L\u00edricos. Cr\u00e9dito: Karolina Kanashiro\/Divulga\u00e7\u00e3o<\/figcaption><\/figure>\n<p><strong>\u00d3pera Fosca &#8212;<\/strong> Celebra\u00e7\u00e3o dos 150 anos da \u00f3pera Fosca, de Carlos Gomes, espet\u00e1culo com a Cia de Cantores L\u00edricos, sob a dire\u00e7\u00e3o musical e reg\u00eancia do maestro Ricardo Souza Costa e dire\u00e7\u00e3o c\u00eanica de James Fensterseifer. Apresenta\u00e7\u00f5es amanh\u00e3 (14) e domingo (15), \u00e0s 19h, no Sesc do Gama. Acesso gratuito.<\/p>\n<figure id=\"attachment_2879\" aria-describedby=\"caption-attachment-2879\" style=\"width: 800px\" class=\"wp-caption aligncenter\"><img loading=\"lazy\" decoding=\"async\" class=\"size-full wp-image-2879\" src=\"https:\/\/blogs.correiobraziliense.com.br\/trilhasonora\/wp-content\/uploads\/sites\/39\/2023\/10\/foto-nilson-chaves-3.jpg\" alt=\"\" width=\"800\" height=\"534\" srcset=\"https:\/\/blogs.correiobraziliense.com.br\/trilhasonora\/wp-content\/uploads\/sites\/39\/2023\/10\/foto-nilson-chaves-3.jpg 800w, https:\/\/blogs.correiobraziliense.com.br\/trilhasonora\/wp-content\/uploads\/sites\/39\/2023\/10\/foto-nilson-chaves-3-300x200.jpg 300w, https:\/\/blogs.correiobraziliense.com.br\/trilhasonora\/wp-content\/uploads\/sites\/39\/2023\/10\/foto-nilson-chaves-3-768x513.jpg 768w, https:\/\/blogs.correiobraziliense.com.br\/trilhasonora\/wp-content\/uploads\/sites\/39\/2023\/10\/foto-nilson-chaves-3-550x367.jpg 550w, https:\/\/blogs.correiobraziliense.com.br\/trilhasonora\/wp-content\/uploads\/sites\/39\/2023\/10\/foto-nilson-chaves-3-230x154.jpg 230w\" sizes=\"auto, (max-width: 800px) 100vw, 800px\" \/><figcaption id=\"caption-attachment-2879\" class=\"wp-caption-text\">Nilson Chaves. Cr\u00e9dito: Acervo pessoal<\/figcaption><\/figure>\n<p><strong>Um canto amaz\u00f4nico &#8212;<\/strong> Show do cantor e compositor paraense Nilson Chaves, amanh\u00e3 (14), \u00e0s 20h30, no Feiti\u00e7o das Artes (306 Norte). Couvert art\u00edstico R$ 40. N\u00e3o recomendado para menores de 16 anos.<\/p>\n<p><strong>Festival Rock na Ciclovia &#8212;<\/strong> Shows das bandas Anabella, Mandalla, A.R.D e Aurora V\u00eanus no domingo (15), a partir das 16h, na Pra\u00e7a do Cine Itapo\u00e3, no Gama. Acesso gratuito.<\/p>\n<p><strong>Sabad\u00e3o do Forr\u00f3 &#8212;<\/strong>\u00a0A Casa do Cantador, em Ceil\u00e2ndia, recebe os shows de Jamelo &amp; Trio Cobras do Bai\u00e3o, Trio Sanfona Nova, Luiz\u00e3o do Forr\u00f3, Nando Cantor de Forr\u00f3 e Trio, amanh\u00e3 (14), a partir das 20h. A entrada \u00e9 franca.<\/p>\n<figure id=\"attachment_2881\" aria-describedby=\"caption-attachment-2881\" style=\"width: 800px\" class=\"wp-caption aligncenter\"><img loading=\"lazy\" decoding=\"async\" class=\"size-full wp-image-2881\" src=\"https:\/\/blogs.correiobraziliense.com.br\/trilhasonora\/wp-content\/uploads\/sites\/39\/2023\/10\/Galinha-Preta-Divulga\u00e7\u00e3o.jpeg\" alt=\"\" width=\"800\" height=\"533\" srcset=\"https:\/\/blogs.correiobraziliense.com.br\/trilhasonora\/wp-content\/uploads\/sites\/39\/2023\/10\/Galinha-Preta-Divulga\u00e7\u00e3o.jpeg 800w, https:\/\/blogs.correiobraziliense.com.br\/trilhasonora\/wp-content\/uploads\/sites\/39\/2023\/10\/Galinha-Preta-Divulga\u00e7\u00e3o-300x200.jpeg 300w, https:\/\/blogs.correiobraziliense.com.br\/trilhasonora\/wp-content\/uploads\/sites\/39\/2023\/10\/Galinha-Preta-Divulga\u00e7\u00e3o-768x512.jpeg 768w, https:\/\/blogs.correiobraziliense.com.br\/trilhasonora\/wp-content\/uploads\/sites\/39\/2023\/10\/Galinha-Preta-Divulga\u00e7\u00e3o-550x366.jpeg 550w, https:\/\/blogs.correiobraziliense.com.br\/trilhasonora\/wp-content\/uploads\/sites\/39\/2023\/10\/Galinha-Preta-Divulga\u00e7\u00e3o-230x153.jpeg 230w\" sizes=\"auto, (max-width: 800px) 100vw, 800px\" \/><figcaption id=\"caption-attachment-2881\" class=\"wp-caption-text\">Galinha Preta. Cr\u00e9dito: Acervo pessoal<\/figcaption><\/figure>\n<p><strong>Festival Acorda &#8212;<\/strong> Shows com Mariana Camelo e bandas Galinha Preta e Com\u00e9ria hoje (13) e amanh\u00e3 (14), a partir das 18h, no Clube 27 Bar Clube, em Sobradinho II. Acesso gratuito.<\/p>\n","protected":false},"excerpt":{"rendered":"<p>Encontro Nacional de Festivais &#8212; Hoje (13\/10), a partir das das 19h, na Pra\u00e7a das Av\u00f3s (506 Sul) tem Favela Sounds Convida Festival Se Rasgum de Bel\u00e9m (PA), com F\u00e9lix Robato, Layse e Lambada de Serpente e Baile do Marley (PE), no Sal\u00e3o da Infinu; amanh\u00e3 (14), a partir das 16h, Paralelo Sonoro Convida Festival Rockambole (SP) com shows de [&hellip;]<\/p>\n","protected":false},"author":84,"featured_media":2878,"comment_status":"open","ping_status":"open","sticky":false,"template":"","format":"standard","meta":{"footnotes":""},"categories":[113],"tags":[136],"class_list":["post-2877","post","type-post","status-publish","format-standard","has-post-thumbnail","hentry","category-materia","tag-programacao"],"_links":{"self":[{"href":"https:\/\/blogs.correiobraziliense.com.br\/trilhasonora\/wp-json\/wp\/v2\/posts\/2877","targetHints":{"allow":["GET"]}}],"collection":[{"href":"https:\/\/blogs.correiobraziliense.com.br\/trilhasonora\/wp-json\/wp\/v2\/posts"}],"about":[{"href":"https:\/\/blogs.correiobraziliense.com.br\/trilhasonora\/wp-json\/wp\/v2\/types\/post"}],"author":[{"embeddable":true,"href":"https:\/\/blogs.correiobraziliense.com.br\/trilhasonora\/wp-json\/wp\/v2\/users\/84"}],"replies":[{"embeddable":true,"href":"https:\/\/blogs.correiobraziliense.com.br\/trilhasonora\/wp-json\/wp\/v2\/comments?post=2877"}],"version-history":[{"count":1,"href":"https:\/\/blogs.correiobraziliense.com.br\/trilhasonora\/wp-json\/wp\/v2\/posts\/2877\/revisions"}],"predecessor-version":[{"id":2882,"href":"https:\/\/blogs.correiobraziliense.com.br\/trilhasonora\/wp-json\/wp\/v2\/posts\/2877\/revisions\/2882"}],"wp:featuredmedia":[{"embeddable":true,"href":"https:\/\/blogs.correiobraziliense.com.br\/trilhasonora\/wp-json\/wp\/v2\/media\/2878"}],"wp:attachment":[{"href":"https:\/\/blogs.correiobraziliense.com.br\/trilhasonora\/wp-json\/wp\/v2\/media?parent=2877"}],"wp:term":[{"taxonomy":"category","embeddable":true,"href":"https:\/\/blogs.correiobraziliense.com.br\/trilhasonora\/wp-json\/wp\/v2\/categories?post=2877"},{"taxonomy":"post_tag","embeddable":true,"href":"https:\/\/blogs.correiobraziliense.com.br\/trilhasonora\/wp-json\/wp\/v2\/tags?post=2877"}],"curies":[{"name":"wp","href":"https:\/\/api.w.org\/{rel}","templated":true}]}}