{"id":2816,"date":"2023-09-01T06:50:12","date_gmt":"2023-09-01T09:50:12","guid":{"rendered":"https:\/\/blogs.correiobraziliense.com.br\/trilhasonora\/?p=2816"},"modified":"2023-08-30T18:54:39","modified_gmt":"2023-08-30T21:54:39","slug":"durval-lelys-comanda-a-nova-edicao-do-luau-do-iate","status":"publish","type":"post","link":"https:\/\/blogs.correiobraziliense.com.br\/trilhasonora\/durval-lelys-comanda-a-nova-edicao-do-luau-do-iate\/","title":{"rendered":"Durval Lelys comanda a nova edi\u00e7\u00e3o do Luau do Iate"},"content":{"rendered":"<p>Luau do Iate, um dos momentos mais aguardados da programa\u00e7\u00e3o art\u00edstica do art\u00edsticos do tradicional clube brasiliense, volta a ser promovido neste s\u00e1bado (2\/9), a partir das 20h, na Orla Norte do Lago Parano\u00e1.\u00a0Em edi\u00e7\u00f5es anteriores, o Luau contou com atra\u00e7\u00f5es como as bandas Bar\u00e3o Vermelho, Jota Quest e Tit\u00e3s. No ano passado, o show foi do sambista Diogo Nogueira. Desta vez quem se apresenta \u00e9 Durval Lelys, nome de destaque da ax\u00e9 music, que comanda o bloco Me Abra\u00e7a, um dos blocos de maior sucesso no carnaval de Salvador.<\/p>\n<p>Cidad\u00e3o honor\u00e1rio de Bras\u00edlia, Durval comandou a primeira Micarecandanga, realizada em 1992, entre o Eix\u00e3o Norte e o Est\u00e1dio Man\u00e9 Garrincha. Desde ent\u00e3o o cantor, compositor e guitarrista baiano tem voltado \u00e0 cidade para apresenta\u00e7\u00f5es em diferentes locais. Da \u00faltima vez, agitou os foli\u00f5es que participaram do Festival Micar\u00ea, na arena instalada pr\u00f3xima do Eixo Monumental.<\/p>\n<p>No Iate, acompanhado por sua banda, Durval revisita sucessos que marcaram sua trajet\u00f3ria musical, iniciada em meados dos anos 1980. Assim, que estiver no Luau, vai poder curtir sucessos como <em>Al\u00f4 paix\u00e3o<\/em>,<em> Beleza rara<\/em>, <em>Dan\u00e7a da Manivela<\/em>, <em>Eva<\/em>, <em>Me abra\u00e7a<\/em>, <em>N\u00e3o tem lua<\/em>,<em> Porto Seguro<\/em>, <em>Quebra\u00ea<\/em> e<em> Vem meu amor<\/em>.<\/p>\n<p><strong>Luau do Iate<\/strong><br \/>\nS\u00e1bado (2\/9), a partir das 20h, na Orla Norte do Lago Parano\u00e1. Ingressos entre R$ 180 e R$ 360. \u00c0\u00a0venda pela Bilheteria Digital e na concierge na entrada do clube. Classifica\u00e7\u00e3o indicativa livre.<\/p>\n","protected":false},"excerpt":{"rendered":"<p>Luau do Iate, um dos momentos mais aguardados da programa\u00e7\u00e3o art\u00edstica do art\u00edsticos do tradicional clube brasiliense, volta a ser promovido neste s\u00e1bado (2\/9), a partir das 20h, na Orla Norte do Lago Parano\u00e1.\u00a0Em edi\u00e7\u00f5es anteriores, o Luau contou com atra\u00e7\u00f5es como as bandas Bar\u00e3o Vermelho, Jota Quest e Tit\u00e3s. No ano passado, o show foi do sambista Diogo Nogueira. [&hellip;]<\/p>\n","protected":false},"author":84,"featured_media":2817,"comment_status":"open","ping_status":"open","sticky":false,"template":"","format":"standard","meta":{"footnotes":""},"categories":[113],"tags":[304,305,306],"class_list":["post-2816","post","type-post","status-publish","format-standard","has-post-thumbnail","hentry","category-materia","tag-durval-lelys","tag-iate-clube","tag-luau-do-iate"],"_links":{"self":[{"href":"https:\/\/blogs.correiobraziliense.com.br\/trilhasonora\/wp-json\/wp\/v2\/posts\/2816","targetHints":{"allow":["GET"]}}],"collection":[{"href":"https:\/\/blogs.correiobraziliense.com.br\/trilhasonora\/wp-json\/wp\/v2\/posts"}],"about":[{"href":"https:\/\/blogs.correiobraziliense.com.br\/trilhasonora\/wp-json\/wp\/v2\/types\/post"}],"author":[{"embeddable":true,"href":"https:\/\/blogs.correiobraziliense.com.br\/trilhasonora\/wp-json\/wp\/v2\/users\/84"}],"replies":[{"embeddable":true,"href":"https:\/\/blogs.correiobraziliense.com.br\/trilhasonora\/wp-json\/wp\/v2\/comments?post=2816"}],"version-history":[{"count":2,"href":"https:\/\/blogs.correiobraziliense.com.br\/trilhasonora\/wp-json\/wp\/v2\/posts\/2816\/revisions"}],"predecessor-version":[{"id":2819,"href":"https:\/\/blogs.correiobraziliense.com.br\/trilhasonora\/wp-json\/wp\/v2\/posts\/2816\/revisions\/2819"}],"wp:featuredmedia":[{"embeddable":true,"href":"https:\/\/blogs.correiobraziliense.com.br\/trilhasonora\/wp-json\/wp\/v2\/media\/2817"}],"wp:attachment":[{"href":"https:\/\/blogs.correiobraziliense.com.br\/trilhasonora\/wp-json\/wp\/v2\/media?parent=2816"}],"wp:term":[{"taxonomy":"category","embeddable":true,"href":"https:\/\/blogs.correiobraziliense.com.br\/trilhasonora\/wp-json\/wp\/v2\/categories?post=2816"},{"taxonomy":"post_tag","embeddable":true,"href":"https:\/\/blogs.correiobraziliense.com.br\/trilhasonora\/wp-json\/wp\/v2\/tags?post=2816"}],"curies":[{"name":"wp","href":"https:\/\/api.w.org\/{rel}","templated":true}]}}