{"id":2796,"date":"2023-08-11T06:17:49","date_gmt":"2023-08-11T09:17:49","guid":{"rendered":"https:\/\/blogs.correiobraziliense.com.br\/trilhasonora\/?p=2796"},"modified":"2023-08-10T23:33:07","modified_gmt":"2023-08-11T02:33:07","slug":"confira-a-programacao-cultural-de-11-a-13-de-agosto","status":"publish","type":"post","link":"https:\/\/blogs.correiobraziliense.com.br\/trilhasonora\/confira-a-programacao-cultural-de-11-a-13-de-agosto\/","title":{"rendered":"Confira a programa\u00e7\u00e3o cultural de 11 a 13 de agosto"},"content":{"rendered":"<p>A nona edi\u00e7\u00e3o do Festival do Reggae Cerrado \u00e9 destaque na programa\u00e7\u00e3o musical deste final de semana em Bras\u00edlia.<\/p>\n<p><strong>Festival Reggae Cerrado &#8212;<\/strong> As bandas Mensana (Bras\u00edlia), Ponto de Equil\u00edbrio (Rio de Janeiro) e Planta e Raiz (S\u00e3o Paulo) s\u00e3o as atra\u00e7\u00f5es da nona edi\u00e7\u00e3o Festival do Reggae Cerrado, que ocorre hoje (11\/8), a partir das 20h, no Espa\u00e7o Cultural do Minas Bras\u00edlia T\u00eanis Clube (Setor de Clubes Norte). Os ingressos custam de R$ 80 (meia-entrada) a R$ 140. N\u00e3o recomendado para menores de 18 anos. Informa\u00e7\u00f5es: 99980-1901.<\/p>\n<p><strong>Festival Regional de Repentistas &#8212;<\/strong> Poesia matuta, Poesia Popular Nordestina e competi\u00e7\u00e3o de duplas fazem parte da programa\u00e7\u00e3o do Festival Regional de Repentistas do DF e Entorno, hoje (11) e amanh\u00e3 (12), a partir das 20h, na Casa do Cantador (QNN Quadra 32, \u00c1rea Especial G), em Ceil\u00e2ndia. A entrada \u00e9 franca. Classifica\u00e7\u00e3o indicativa livre.<\/p>\n<p><strong>Casa Baco Music Festival (Casa Park) &#8212;<\/strong> Show de Billy Newman, L\u00edvio Almeida, Oswaldo Amorim e Pedro Almeida hoje (11), com in\u00edcio \u00e0s 19h. Show de Manass\u00e9s de Sousa (instrumentos de cordas), Cacau Alencar (viol\u00e3o) e Pablo Fagundes (gaita) amanh\u00e3 (12), no mesmo hor\u00e1rio. Couvert art\u00edstico de R$ 18. Classifica\u00e7\u00e3o indicativa livre.<\/p>\n<p><strong>Festival de Rap e Hip Hop &#8212;<\/strong> Djonga, Poze de Rodo e Tasha &amp; Tracie s\u00e3o os destaques do Festival de Rap e Hip Hop que ocupa o bosque do Est\u00e1dio Man\u00e9 Garrincha (Eixo Monumental) amanh\u00e3 (12), a partir das 12h. Major RD, MC Marechal, Sidoka, DJ Seu, Recayd e GuindArt 21 s\u00e3o outros participantes. Os ingressos \u00e0 venda pelo site <a href=\"https:\/\/www.showpass.com.br\/\">Showpass<\/a> custam entre R$ 90 e R$ 120. N\u00e3o recomendado para menores de 16 anos.<\/p>\n<figure id=\"attachment_2798\" aria-describedby=\"caption-attachment-2798\" style=\"width: 800px\" class=\"wp-caption aligncenter\"><img loading=\"lazy\" decoding=\"async\" class=\"size-full wp-image-2798\" src=\"https:\/\/blogs.correiobraziliense.com.br\/trilhasonora\/wp-content\/uploads\/sites\/39\/2023\/08\/10072022-0B4A8982.jpg\" alt=\"\" width=\"800\" height=\"533\" srcset=\"https:\/\/blogs.correiobraziliense.com.br\/trilhasonora\/wp-content\/uploads\/sites\/39\/2023\/08\/10072022-0B4A8982.jpg 800w, https:\/\/blogs.correiobraziliense.com.br\/trilhasonora\/wp-content\/uploads\/sites\/39\/2023\/08\/10072022-0B4A8982-300x200.jpg 300w, https:\/\/blogs.correiobraziliense.com.br\/trilhasonora\/wp-content\/uploads\/sites\/39\/2023\/08\/10072022-0B4A8982-768x512.jpg 768w, https:\/\/blogs.correiobraziliense.com.br\/trilhasonora\/wp-content\/uploads\/sites\/39\/2023\/08\/10072022-0B4A8982-550x366.jpg 550w, https:\/\/blogs.correiobraziliense.com.br\/trilhasonora\/wp-content\/uploads\/sites\/39\/2023\/08\/10072022-0B4A8982-230x153.jpg 230w\" sizes=\"auto, (max-width: 800px) 100vw, 800px\" \/><figcaption id=\"caption-attachment-2798\" class=\"wp-caption-text\">ATOM Pink Floyd. Cr\u00e9dito: ATOM Pink Floyd\/Divulga\u00e7\u00e3o<\/figcaption><\/figure>\n<p><strong>Atom Pink Floyd \/ Turn\u00ea Eclipse &#8212;<\/strong> Celebra\u00e7\u00e3o dos 50 anos do \u00e1lbum ic\u00f4nico <em>The Dark Side of The Moon\u00a0<\/em>amanh\u00e3 (12), a partir das 21h, na Concha Ac\u00fastico (Orla Norte do Lago Parano\u00e1). Ingressos entre R$ 60 e R$ 240. Classifica\u00e7\u00e3o indicativa livre.<\/p>\n<p><strong>Show de Geraldo Azevedo &#8212;<\/strong> Amanh\u00e3 (12), \u00e0s 22h, no Arrai\u00e1 do Sinpro (pr\u00f3ximo a Brazl\u00e2ndia), que tem in\u00edcio \u00e0s 17h, com entrada franca. Mais informa\u00e7\u00f5es: <a href=\"https:\/\/www.sinprodf.org.br\/\">www.sinprodf.org.br.<\/a><\/p>\n<p><strong>Encontro de Violeiros e Violeiras de Bras\u00edlia &#8212;<\/strong> A Caravana Caipira, grupo formado por 10 violeiros, abre a programa\u00e7\u00e3o do Encontro de Violeiros e Violeiras hoje (11), \u00e0s 20h. No s\u00e1bado, a partir das 20h, tem as apresenta\u00e7\u00f5es musicais de Macedo e Mariano, Gaby Viola, Volmi Batista \u2013 Batuques e Calangos, Vanderley e Valtecy e Andr\u00e9 e Andrade. No domingo (13), a partir das 11h, os shows s\u00e3o de Dyego e Gustavo, Claudinho da Viola, \u00c2nderes e Fernandes, Apar\u00edcio Ribeiro, Juliana Andrade e Fam\u00edlia \u2013 Cleiton Torres \u2013 L\u00edvia e Lav\u00ednia e Fernando e Osmair. O evento ser\u00e1 na Pra\u00e7a dos Estados, na Candangol\u00e2ndia. Acesso gratuito.<\/p>\n<figure id=\"attachment_2797\" aria-describedby=\"caption-attachment-2797\" style=\"width: 800px\" class=\"wp-caption aligncenter\"><img loading=\"lazy\" decoding=\"async\" class=\"size-full wp-image-2797\" src=\"https:\/\/blogs.correiobraziliense.com.br\/trilhasonora\/wp-content\/uploads\/sites\/39\/2023\/08\/foto-patr\u00edcia-duboc-e-fred-braziliense.jpg\" alt=\"\" width=\"800\" height=\"571\" srcset=\"https:\/\/blogs.correiobraziliense.com.br\/trilhasonora\/wp-content\/uploads\/sites\/39\/2023\/08\/foto-patr\u00edcia-duboc-e-fred-braziliense.jpg 800w, https:\/\/blogs.correiobraziliense.com.br\/trilhasonora\/wp-content\/uploads\/sites\/39\/2023\/08\/foto-patr\u00edcia-duboc-e-fred-braziliense-300x214.jpg 300w, https:\/\/blogs.correiobraziliense.com.br\/trilhasonora\/wp-content\/uploads\/sites\/39\/2023\/08\/foto-patr\u00edcia-duboc-e-fred-braziliense-768x548.jpg 768w, https:\/\/blogs.correiobraziliense.com.br\/trilhasonora\/wp-content\/uploads\/sites\/39\/2023\/08\/foto-patr\u00edcia-duboc-e-fred-braziliense-550x393.jpg 550w, https:\/\/blogs.correiobraziliense.com.br\/trilhasonora\/wp-content\/uploads\/sites\/39\/2023\/08\/foto-patr\u00edcia-duboc-e-fred-braziliense-230x164.jpg 230w\" sizes=\"auto, (max-width: 800px) 100vw, 800px\" \/><figcaption id=\"caption-attachment-2797\" class=\"wp-caption-text\">Fred Brasiliense &amp; Patricia Duboc. Cr\u00e9dito: Arquivo pessoal<\/figcaption><\/figure>\n<p><strong>Homenagem a Caetano e Beth\u00e2nia &#8212;<\/strong> Show de Fred Brasiliense e Patricia Duboc interpretando can\u00e7\u00f5es do repert\u00f3rio de Caetano Veloso e Maria Beth\u00e2nia, amanh\u00e3 (12), \u00e0s 20h30, no Feiti\u00e7o das Artes (306 Norte). N\u00e3o recomendado para menores de 16 anos.<\/p>\n<p><strong>Feijoada com Samba &#8212;<\/strong> O projeto Feijoada com Samba com o grupo da casa hoje (11), a partir das 12h, tem como convidada a cantora Kris Maciel. O couvert art\u00edstico \u00e9 de R$ 12, enquanto o pre\u00e7o do buffet \u00e9 de R$ 49,90. Classifica\u00e7\u00e3o indicativa livre. Aniversariante tem 50% de desconto.<\/p>\n<p><strong>Complexo Cultural &#8212;<\/strong> O projeto Complexo Cultural promove amanh\u00e3 (12), \u00e0s 10h, uma roda de choro de professores e alunos da Escola Brasileira de Choro Raphael Rabello e a Feijoada Musical, com o grupo da casa, a partir das 12h. Domingo (13), \u00e0s 17h, tem show do grupo Choro Livre, tendo como convidados o gaitista Pablo Fagundes, o flautista S\u00e9rgio Moraes e a percussionista Larissa Umayt\u00e1. O acesso \u00e9 gratuito.<\/p>\n","protected":false},"excerpt":{"rendered":"<p>A nona edi\u00e7\u00e3o do Festival do Reggae Cerrado \u00e9 destaque na programa\u00e7\u00e3o musical deste final de semana em Bras\u00edlia. Festival Reggae Cerrado &#8212; As bandas Mensana (Bras\u00edlia), Ponto de Equil\u00edbrio (Rio de Janeiro) e Planta e Raiz (S\u00e3o Paulo) s\u00e3o as atra\u00e7\u00f5es da nona edi\u00e7\u00e3o Festival do Reggae Cerrado, que ocorre hoje (11\/8), a partir das 20h, no Espa\u00e7o Cultural [&hellip;]<\/p>\n","protected":false},"author":84,"featured_media":2799,"comment_status":"open","ping_status":"open","sticky":false,"template":"","format":"standard","meta":{"footnotes":""},"categories":[113],"tags":[],"class_list":["post-2796","post","type-post","status-publish","format-standard","has-post-thumbnail","hentry","category-materia"],"_links":{"self":[{"href":"https:\/\/blogs.correiobraziliense.com.br\/trilhasonora\/wp-json\/wp\/v2\/posts\/2796","targetHints":{"allow":["GET"]}}],"collection":[{"href":"https:\/\/blogs.correiobraziliense.com.br\/trilhasonora\/wp-json\/wp\/v2\/posts"}],"about":[{"href":"https:\/\/blogs.correiobraziliense.com.br\/trilhasonora\/wp-json\/wp\/v2\/types\/post"}],"author":[{"embeddable":true,"href":"https:\/\/blogs.correiobraziliense.com.br\/trilhasonora\/wp-json\/wp\/v2\/users\/84"}],"replies":[{"embeddable":true,"href":"https:\/\/blogs.correiobraziliense.com.br\/trilhasonora\/wp-json\/wp\/v2\/comments?post=2796"}],"version-history":[{"count":1,"href":"https:\/\/blogs.correiobraziliense.com.br\/trilhasonora\/wp-json\/wp\/v2\/posts\/2796\/revisions"}],"predecessor-version":[{"id":2800,"href":"https:\/\/blogs.correiobraziliense.com.br\/trilhasonora\/wp-json\/wp\/v2\/posts\/2796\/revisions\/2800"}],"wp:featuredmedia":[{"embeddable":true,"href":"https:\/\/blogs.correiobraziliense.com.br\/trilhasonora\/wp-json\/wp\/v2\/media\/2799"}],"wp:attachment":[{"href":"https:\/\/blogs.correiobraziliense.com.br\/trilhasonora\/wp-json\/wp\/v2\/media?parent=2796"}],"wp:term":[{"taxonomy":"category","embeddable":true,"href":"https:\/\/blogs.correiobraziliense.com.br\/trilhasonora\/wp-json\/wp\/v2\/categories?post=2796"},{"taxonomy":"post_tag","embeddable":true,"href":"https:\/\/blogs.correiobraziliense.com.br\/trilhasonora\/wp-json\/wp\/v2\/tags?post=2796"}],"curies":[{"name":"wp","href":"https:\/\/api.w.org\/{rel}","templated":true}]}}