{"id":2764,"date":"2023-07-14T09:28:50","date_gmt":"2023-07-14T12:28:50","guid":{"rendered":"https:\/\/blogs.correiobraziliense.com.br\/trilhasonora\/?p=2764"},"modified":"2023-07-14T09:28:50","modified_gmt":"2023-07-14T12:28:50","slug":"confira-a-programacao-musical-de-14-a-16-de-julho-em-brasilia","status":"publish","type":"post","link":"https:\/\/blogs.correiobraziliense.com.br\/trilhasonora\/confira-a-programacao-musical-de-14-a-16-de-julho-em-brasilia\/","title":{"rendered":"Confira a programa\u00e7\u00e3o musical de 14 a 16 de julho em Bras\u00edlia"},"content":{"rendered":"<p>A apresenta\u00e7\u00e3o do Samba Urgente, amanh\u00e3 (15\/7), na \u00e1rea externa do Museu Nacional de Bras\u00edlia \u00e9 o principal destaque da programa\u00e7\u00e3o musical deste fim de semana em Bras\u00edlia.<\/p>\n<p><strong>Festa Paraibana &#8212;<\/strong> ChicoCorea e o Trio Berra Boi se apresentam hoje (14), \u00e0s 20h na Festa Paraibana, a partir das 20h, na Corina Cervejaria (Setor de Oficinas Norte). Os ingressos custam R$ 40 e R$ 20 (meia-entrada). N\u00e3o recomendado para menores de 18 anos.<\/p>\n<figure id=\"attachment_2767\" aria-describedby=\"caption-attachment-2767\" style=\"width: 800px\" class=\"wp-caption aligncenter\"><img loading=\"lazy\" decoding=\"async\" class=\"size-full wp-image-2767\" src=\"https:\/\/blogs.correiobraziliense.com.br\/trilhasonora\/wp-content\/uploads\/sites\/39\/2023\/07\/Ensaio_SU_SCS_FEV2020-28.jpg\" alt=\"\" width=\"800\" height=\"541\" srcset=\"https:\/\/blogs.correiobraziliense.com.br\/trilhasonora\/wp-content\/uploads\/sites\/39\/2023\/07\/Ensaio_SU_SCS_FEV2020-28.jpg 800w, https:\/\/blogs.correiobraziliense.com.br\/trilhasonora\/wp-content\/uploads\/sites\/39\/2023\/07\/Ensaio_SU_SCS_FEV2020-28-300x203.jpg 300w, https:\/\/blogs.correiobraziliense.com.br\/trilhasonora\/wp-content\/uploads\/sites\/39\/2023\/07\/Ensaio_SU_SCS_FEV2020-28-768x519.jpg 768w, https:\/\/blogs.correiobraziliense.com.br\/trilhasonora\/wp-content\/uploads\/sites\/39\/2023\/07\/Ensaio_SU_SCS_FEV2020-28-550x372.jpg 550w, https:\/\/blogs.correiobraziliense.com.br\/trilhasonora\/wp-content\/uploads\/sites\/39\/2023\/07\/Ensaio_SU_SCS_FEV2020-28-230x156.jpg 230w\" sizes=\"auto, (max-width: 800px) 100vw, 800px\" \/><figcaption id=\"caption-attachment-2767\" class=\"wp-caption-text\">Coletivo Samba Urgente. Cr\u00e9dito: Ensaio SU\/Divulga\u00e7\u00e3o<\/figcaption><\/figure>\n<p><strong>Centr\u00f4 &#8212;<\/strong> O coletivo Samba Urgente retoma as atividades em grande estilo amanh\u00e3 (15), \u00e0s 20h, na \u00e1rea externa do Museu Nacional da Rep\u00fablica (Eixo Monumental), no comando do evento denominado Centr\u00f4. O coletivo de instrumentistas, que tem Victor Angeleas como diretor musical, tem como convidadas as cantoras Carol Nogueira, Flor Furac\u00e3o, Let\u00edcia Fialho e Lorena Ly. H\u00e1 a participa\u00e7\u00e3o do rapper Gog e dos DJ Odara e Pops. O acesso \u00e9 gratuito. Classifica\u00e7\u00e3o indicativa livre.<\/p>\n<figure id=\"attachment_2768\" aria-describedby=\"caption-attachment-2768\" style=\"width: 800px\" class=\"wp-caption aligncenter\"><img loading=\"lazy\" decoding=\"async\" class=\"size-full wp-image-2768\" src=\"https:\/\/blogs.correiobraziliense.com.br\/trilhasonora\/wp-content\/uploads\/sites\/39\/2023\/07\/BaileDoZ\u00e9Raul1-Foto-TatianaReis-.jpg\" alt=\"\" width=\"800\" height=\"533\" srcset=\"https:\/\/blogs.correiobraziliense.com.br\/trilhasonora\/wp-content\/uploads\/sites\/39\/2023\/07\/BaileDoZ\u00e9Raul1-Foto-TatianaReis-.jpg 800w, https:\/\/blogs.correiobraziliense.com.br\/trilhasonora\/wp-content\/uploads\/sites\/39\/2023\/07\/BaileDoZ\u00e9Raul1-Foto-TatianaReis--300x200.jpg 300w, https:\/\/blogs.correiobraziliense.com.br\/trilhasonora\/wp-content\/uploads\/sites\/39\/2023\/07\/BaileDoZ\u00e9Raul1-Foto-TatianaReis--768x512.jpg 768w, https:\/\/blogs.correiobraziliense.com.br\/trilhasonora\/wp-content\/uploads\/sites\/39\/2023\/07\/BaileDoZ\u00e9Raul1-Foto-TatianaReis--550x366.jpg 550w, https:\/\/blogs.correiobraziliense.com.br\/trilhasonora\/wp-content\/uploads\/sites\/39\/2023\/07\/BaileDoZ\u00e9Raul1-Foto-TatianaReis--230x153.jpg 230w\" sizes=\"auto, (max-width: 800px) 100vw, 800px\" \/><figcaption id=\"caption-attachment-2768\" class=\"wp-caption-text\">Baile do Z\u00e9 Raul. Cr\u00e9dito: Tatiana Reis\/Divulga\u00e7\u00e3o<\/figcaption><\/figure>\n<p><strong>Baile do Z\u00e9 Raul &#8212;<\/strong> \u00cdcones da m\u00fasica brasileira, Raul Seixas e Z\u00e9 Ramalho ser\u00e3o homenageados amanh\u00e3 (15) no Baile de Z\u00e9 Raul, no Espa\u00e7o Cultual do Choro (Eixo Monumental). O show, com dire\u00e7\u00e3o musical do violonista tem como protagonistas Jo\u00e3o Ferreira, conta com a participa\u00e7\u00e3o de Georg Lacerda (voz), Thiago Cunha (bateria), Vav\u00e1 Afiouni (baixo) e Charlinho (sanfona), al\u00e9m dos convidados Marcus Moraes (viola) e da cantora Em\u00edlia Monteiro. Ingresso \u00e0 venda no local. Classifica\u00e7\u00e3o indicativa livre.<\/p>\n<figure id=\"attachment_2766\" aria-describedby=\"caption-attachment-2766\" style=\"width: 772px\" class=\"wp-caption aligncenter\"><img loading=\"lazy\" decoding=\"async\" class=\"wp-image-2766 size-full\" src=\"https:\/\/blogs.correiobraziliense.com.br\/trilhasonora\/wp-content\/uploads\/sites\/39\/2023\/07\/Nicolas-Madalena_Reprodu\u00e7\u00e3o-Instagram.png\" alt=\"\" width=\"772\" height=\"567\" srcset=\"https:\/\/blogs.correiobraziliense.com.br\/trilhasonora\/wp-content\/uploads\/sites\/39\/2023\/07\/Nicolas-Madalena_Reprodu\u00e7\u00e3o-Instagram.png 772w, https:\/\/blogs.correiobraziliense.com.br\/trilhasonora\/wp-content\/uploads\/sites\/39\/2023\/07\/Nicolas-Madalena_Reprodu\u00e7\u00e3o-Instagram-300x220.png 300w, https:\/\/blogs.correiobraziliense.com.br\/trilhasonora\/wp-content\/uploads\/sites\/39\/2023\/07\/Nicolas-Madalena_Reprodu\u00e7\u00e3o-Instagram-768x564.png 768w, https:\/\/blogs.correiobraziliense.com.br\/trilhasonora\/wp-content\/uploads\/sites\/39\/2023\/07\/Nicolas-Madalena_Reprodu\u00e7\u00e3o-Instagram-550x404.png 550w, https:\/\/blogs.correiobraziliense.com.br\/trilhasonora\/wp-content\/uploads\/sites\/39\/2023\/07\/Nicolas-Madalena_Reprodu\u00e7\u00e3o-Instagram-230x169.png 230w\" sizes=\"auto, (max-width: 772px) 100vw, 772px\" \/><figcaption id=\"caption-attachment-2766\" class=\"wp-caption-text\">Nicolas Madalena. Cr\u00e9dito: M\u00fasica no Jardim\/Divulga\u00e7\u00e3o<\/figcaption><\/figure>\n<p><strong>M\u00fasica no Jardim &#8212;<\/strong> Choro, samba e outros ritmos brasileiros poder\u00e3o ser apreciados neste fim de semana no projeto <em>M\u00fasica no Jardim<\/em>, no terceiro piso do Conjunto Nacional. Amanh\u00e3 (15), \u00e0s 12h30, o multi-instrumentista Nicolas Madalena far\u00e1 show em que tocar\u00e1 os cl\u00e1ssicos do choro. Domingo (16), no mesmo local, \u00e0s 12h, tem apresenta\u00e7\u00e3o de Paulo C\u00f3rdova em voz e viol\u00e3o, com a interpreta\u00e7\u00e3o de samba, choro e outros estilos da MPB. O acesso \u00e9 gratuito. Classifica\u00e7\u00e3o indicativa livre.<\/p>\n","protected":false},"excerpt":{"rendered":"<p>A apresenta\u00e7\u00e3o do Samba Urgente, amanh\u00e3 (15\/7), na \u00e1rea externa do Museu Nacional de Bras\u00edlia \u00e9 o principal destaque da programa\u00e7\u00e3o musical deste fim de semana em Bras\u00edlia. Festa Paraibana &#8212; ChicoCorea e o Trio Berra Boi se apresentam hoje (14), \u00e0s 20h na Festa Paraibana, a partir das 20h, na Corina Cervejaria (Setor de Oficinas Norte). Os ingressos custam [&hellip;]<\/p>\n","protected":false},"author":84,"featured_media":2765,"comment_status":"open","ping_status":"open","sticky":false,"template":"","format":"standard","meta":{"footnotes":""},"categories":[113],"tags":[257,31],"class_list":["post-2764","post","type-post","status-publish","format-standard","has-post-thumbnail","hentry","category-materia","tag-fim-de-semana","tag-shows"],"_links":{"self":[{"href":"https:\/\/blogs.correiobraziliense.com.br\/trilhasonora\/wp-json\/wp\/v2\/posts\/2764","targetHints":{"allow":["GET"]}}],"collection":[{"href":"https:\/\/blogs.correiobraziliense.com.br\/trilhasonora\/wp-json\/wp\/v2\/posts"}],"about":[{"href":"https:\/\/blogs.correiobraziliense.com.br\/trilhasonora\/wp-json\/wp\/v2\/types\/post"}],"author":[{"embeddable":true,"href":"https:\/\/blogs.correiobraziliense.com.br\/trilhasonora\/wp-json\/wp\/v2\/users\/84"}],"replies":[{"embeddable":true,"href":"https:\/\/blogs.correiobraziliense.com.br\/trilhasonora\/wp-json\/wp\/v2\/comments?post=2764"}],"version-history":[{"count":1,"href":"https:\/\/blogs.correiobraziliense.com.br\/trilhasonora\/wp-json\/wp\/v2\/posts\/2764\/revisions"}],"predecessor-version":[{"id":2769,"href":"https:\/\/blogs.correiobraziliense.com.br\/trilhasonora\/wp-json\/wp\/v2\/posts\/2764\/revisions\/2769"}],"wp:featuredmedia":[{"embeddable":true,"href":"https:\/\/blogs.correiobraziliense.com.br\/trilhasonora\/wp-json\/wp\/v2\/media\/2765"}],"wp:attachment":[{"href":"https:\/\/blogs.correiobraziliense.com.br\/trilhasonora\/wp-json\/wp\/v2\/media?parent=2764"}],"wp:term":[{"taxonomy":"category","embeddable":true,"href":"https:\/\/blogs.correiobraziliense.com.br\/trilhasonora\/wp-json\/wp\/v2\/categories?post=2764"},{"taxonomy":"post_tag","embeddable":true,"href":"https:\/\/blogs.correiobraziliense.com.br\/trilhasonora\/wp-json\/wp\/v2\/tags?post=2764"}],"curies":[{"name":"wp","href":"https:\/\/api.w.org\/{rel}","templated":true}]}}