{"id":2642,"date":"2023-04-28T06:45:12","date_gmt":"2023-04-28T09:45:12","guid":{"rendered":"https:\/\/blogs.correiobraziliense.com.br\/trilhasonora\/?p=2642"},"modified":"2023-04-27T23:02:32","modified_gmt":"2023-04-28T02:02:32","slug":"festival-micare-e-outras-programacoes-do-fim-de-semana-no-distrito-federal","status":"publish","type":"post","link":"https:\/\/blogs.correiobraziliense.com.br\/trilhasonora\/festival-micare-e-outras-programacoes-do-fim-de-semana-no-distrito-federal\/","title":{"rendered":"Festival Micar\u00ea e outras programa\u00e7\u00f5es do fim de semana no Distrito Federal"},"content":{"rendered":"<p>O Festival Micar\u00ea \u00e9 destaque da programa\u00e7\u00e3o musical deste fim de semana em Bras\u00edlia, que traz tamb\u00e9m shows de v\u00e1rios artistas, em diversos pontos do Distrito Federal.<\/p>\n<figure id=\"attachment_2643\" aria-describedby=\"caption-attachment-2643\" style=\"width: 800px\" class=\"wp-caption aligncenter\"><img loading=\"lazy\" decoding=\"async\" class=\"size-full wp-image-2643\" src=\"https:\/\/blogs.correiobraziliense.com.br\/trilhasonora\/wp-content\/uploads\/sites\/39\/2023\/04\/unnamed.jpg\" alt=\"\" width=\"800\" height=\"532\" srcset=\"https:\/\/blogs.correiobraziliense.com.br\/trilhasonora\/wp-content\/uploads\/sites\/39\/2023\/04\/unnamed.jpg 800w, https:\/\/blogs.correiobraziliense.com.br\/trilhasonora\/wp-content\/uploads\/sites\/39\/2023\/04\/unnamed-300x200.jpg 300w, https:\/\/blogs.correiobraziliense.com.br\/trilhasonora\/wp-content\/uploads\/sites\/39\/2023\/04\/unnamed-768x511.jpg 768w, https:\/\/blogs.correiobraziliense.com.br\/trilhasonora\/wp-content\/uploads\/sites\/39\/2023\/04\/unnamed-550x366.jpg 550w, https:\/\/blogs.correiobraziliense.com.br\/trilhasonora\/wp-content\/uploads\/sites\/39\/2023\/04\/unnamed-230x153.jpg 230w\" sizes=\"auto, (max-width: 800px) 100vw, 800px\" \/><figcaption id=\"caption-attachment-2643\" class=\"wp-caption-text\">Pablo Rossi. Cr\u00e9dito: Casa Thomas Jefferson\/Divulga\u00e7\u00e3o<\/figcaption><\/figure>\n<p><strong>Recital de piano &#8212;<\/strong> Pablo Rossi, pianista catarinense, indicado para o Grammy Latino em 2022, na categoria Melhor \u00c1lbum e M\u00fasica Cl\u00e1ssica, faz recital hoje (28\/4), \u00e0s 20h, no CTJ Hall da Casa Thomas Jefferson (entrequadra 706\/906 Sul), tocando obras de Chopin. O acesso \u00e9 gratuito. Classifica\u00e7\u00e3o indicativa livre.<\/p>\n<figure id=\"attachment_2647\" aria-describedby=\"caption-attachment-2647\" style=\"width: 800px\" class=\"wp-caption aligncenter\"><img loading=\"lazy\" decoding=\"async\" class=\"size-full wp-image-2647\" src=\"https:\/\/blogs.correiobraziliense.com.br\/trilhasonora\/wp-content\/uploads\/sites\/39\/2023\/04\/Centropia4-Foto-MariGaliza.jpg\" alt=\"\" width=\"800\" height=\"526\" srcset=\"https:\/\/blogs.correiobraziliense.com.br\/trilhasonora\/wp-content\/uploads\/sites\/39\/2023\/04\/Centropia4-Foto-MariGaliza.jpg 800w, https:\/\/blogs.correiobraziliense.com.br\/trilhasonora\/wp-content\/uploads\/sites\/39\/2023\/04\/Centropia4-Foto-MariGaliza-300x197.jpg 300w, https:\/\/blogs.correiobraziliense.com.br\/trilhasonora\/wp-content\/uploads\/sites\/39\/2023\/04\/Centropia4-Foto-MariGaliza-768x505.jpg 768w, https:\/\/blogs.correiobraziliense.com.br\/trilhasonora\/wp-content\/uploads\/sites\/39\/2023\/04\/Centropia4-Foto-MariGaliza-550x362.jpg 550w, https:\/\/blogs.correiobraziliense.com.br\/trilhasonora\/wp-content\/uploads\/sites\/39\/2023\/04\/Centropia4-Foto-MariGaliza-230x151.jpg 230w\" sizes=\"auto, (max-width: 800px) 100vw, 800px\" \/><figcaption id=\"caption-attachment-2647\" class=\"wp-caption-text\">Centropia. Cr\u00e9dito: Mari Galiza\/Divulga\u00e7\u00e3o<\/figcaption><\/figure>\n<p><strong>Lan\u00e7amento de disco &#8212;<\/strong> <em>Verdejan\u00e7a<\/em> \u00e9 o nome do disco que a banda Centropia, liderada por Lauro Alves, lan\u00e7a hoje (28), \u00e0s 20h30, em show no Espa\u00e7o Cultural do Choro (Eixo Monumental). Ingressos \u00e0 venda no local, Classifica\u00e7\u00e3o indicativa livre.<\/p>\n<p><strong>Homenagem \u00e0 M\u00e1rcia Witczak &#8212;<\/strong> As cantoras Ana L\u00e9lia, Andressa Sousa, Anna Christina, M\u00e1rcia Tauil, Carol Melo, Daniela Firme e Flor Furac\u00e3o e os cantores Lundon, Alberto Salgado, Beto Douah, Breno Alves e Israel Paix\u00e3o homenageiam a jornalista M\u00e1rcia Witczak em show hoje (28), \u00e0s 20h30, no Feiti\u00e7o das Artes (306 Norte). Ingressos \u00e0 venda no local. N\u00e3o recomendado para menores de 16 anos.<\/p>\n<p><iframe loading=\"lazy\" title=\"N\u00f3s 5 - Juriti - Aldo Justo e Paulo Tovar\" width=\"1440\" height=\"810\" src=\"https:\/\/www.youtube.com\/embed\/0HoPK8-wZFc?feature=oembed\" frameborder=\"0\" allow=\"accelerometer; autoplay; clipboard-write; encrypted-media; gyroscope; picture-in-picture; web-share\" referrerpolicy=\"strict-origin-when-cross-origin\" allowfullscreen><\/iframe><\/p>\n<p><strong>Show de Quinteto &#8212;<\/strong> Elaine Hemza, Alex Silva, S\u00e9rgio Duboc, Leandro Godoi e Jorge Macarr\u00e3o formam o Quinteto N\u00f3s 5, grupo que se apresenta hoje (28), \u00e0s 20h, no Dom Davi Restaurante (413 Norte). No repert\u00f3rio, composi\u00e7\u00f5es autorais e cl\u00e1ssicos da obra de Tom Jobim, Chico Buarque, Caetano Veloso, Gilberto Gil e Djavan. H\u00e1 a participa\u00e7\u00e3o do poeta Jorge Am\u00e2ncio, que conduzir\u00e1 as apresenta\u00e7\u00f5es. O couvert art\u00edstico \u00e9 de R$35. N\u00e3o recomendado para menores de 18 anos. Reservas e informa\u00e7\u00f5es: 3033-5588.<\/p>\n<figure id=\"attachment_2648\" aria-describedby=\"caption-attachment-2648\" style=\"width: 800px\" class=\"wp-caption aligncenter\"><img loading=\"lazy\" decoding=\"async\" class=\"size-full wp-image-2648\" src=\"https:\/\/blogs.correiobraziliense.com.br\/trilhasonora\/wp-content\/uploads\/sites\/39\/2023\/04\/C\u00e9liaPortoR\u00eanioQuintas1-Foto-R\u00eanio-Porto-Quintas.jpg\" alt=\"\" width=\"800\" height=\"600\" srcset=\"https:\/\/blogs.correiobraziliense.com.br\/trilhasonora\/wp-content\/uploads\/sites\/39\/2023\/04\/C\u00e9liaPortoR\u00eanioQuintas1-Foto-R\u00eanio-Porto-Quintas.jpg 800w, https:\/\/blogs.correiobraziliense.com.br\/trilhasonora\/wp-content\/uploads\/sites\/39\/2023\/04\/C\u00e9liaPortoR\u00eanioQuintas1-Foto-R\u00eanio-Porto-Quintas-300x225.jpg 300w, https:\/\/blogs.correiobraziliense.com.br\/trilhasonora\/wp-content\/uploads\/sites\/39\/2023\/04\/C\u00e9liaPortoR\u00eanioQuintas1-Foto-R\u00eanio-Porto-Quintas-768x576.jpg 768w, https:\/\/blogs.correiobraziliense.com.br\/trilhasonora\/wp-content\/uploads\/sites\/39\/2023\/04\/C\u00e9liaPortoR\u00eanioQuintas1-Foto-R\u00eanio-Porto-Quintas-550x413.jpg 550w, https:\/\/blogs.correiobraziliense.com.br\/trilhasonora\/wp-content\/uploads\/sites\/39\/2023\/04\/C\u00e9liaPortoR\u00eanioQuintas1-Foto-R\u00eanio-Porto-Quintas-230x173.jpg 230w\" sizes=\"auto, (max-width: 800px) 100vw, 800px\" \/><figcaption id=\"caption-attachment-2648\" class=\"wp-caption-text\">C\u00e9lia Porto e R\u00eanio Quintas. Cr\u00e9dito: R\u00eanio Porto Quintas\/Divulga\u00e7\u00e3o<\/figcaption><\/figure>\n<p><strong>Voz e piano &#8212;<\/strong> <em>Estrela da Terra<\/em> \u00e9 o nome do show que a cantora C\u00e9lia Porto e o pianista R\u00eanio Quintas fazem amanh\u00e3 (29), \u00e0s 20h30, no Espa\u00e7o Cultural do Choro (Eixo Monumental). Al\u00e9m de m\u00fasicas do pianista, a cantora interpreta composi\u00e7\u00f5es de Caetano Veloso, Gilberto Gil, Renato Russo, Renato Matos, Aldi Justo e Nonato Veras. Ingressos \u00e0 venda no local. Classifica\u00e7\u00e3o indicativa livre.<\/p>\n<figure id=\"attachment_2645\" aria-describedby=\"caption-attachment-2645\" style=\"width: 800px\" class=\"wp-caption aligncenter\"><img loading=\"lazy\" decoding=\"async\" class=\"size-full wp-image-2645\" src=\"https:\/\/blogs.correiobraziliense.com.br\/trilhasonora\/wp-content\/uploads\/sites\/39\/2023\/04\/Cr\u00e9ditos-Luan-Bastos-1.jpeg\" alt=\"\" width=\"800\" height=\"533\" srcset=\"https:\/\/blogs.correiobraziliense.com.br\/trilhasonora\/wp-content\/uploads\/sites\/39\/2023\/04\/Cr\u00e9ditos-Luan-Bastos-1.jpeg 800w, https:\/\/blogs.correiobraziliense.com.br\/trilhasonora\/wp-content\/uploads\/sites\/39\/2023\/04\/Cr\u00e9ditos-Luan-Bastos-1-300x200.jpeg 300w, https:\/\/blogs.correiobraziliense.com.br\/trilhasonora\/wp-content\/uploads\/sites\/39\/2023\/04\/Cr\u00e9ditos-Luan-Bastos-1-768x512.jpeg 768w, https:\/\/blogs.correiobraziliense.com.br\/trilhasonora\/wp-content\/uploads\/sites\/39\/2023\/04\/Cr\u00e9ditos-Luan-Bastos-1-550x366.jpeg 550w, https:\/\/blogs.correiobraziliense.com.br\/trilhasonora\/wp-content\/uploads\/sites\/39\/2023\/04\/Cr\u00e9ditos-Luan-Bastos-1-230x153.jpeg 230w\" sizes=\"auto, (max-width: 800px) 100vw, 800px\" \/><figcaption id=\"caption-attachment-2645\" class=\"wp-caption-text\">Cr\u00e9dito: Luan Bastos\/Divulga\u00e7\u00e3o<\/figcaption><\/figure>\n<p><strong>Sarau Itinerente &#8212;<\/strong> Projeto de formato itinerante, o sarau Voz e Alma poder\u00e1 ser apreciado hoje (28), \u00e0s 19h30, na QNP 10\/14, em Ceil\u00e2ndia. As atra\u00e7\u00f5es s\u00e3o a mestra de cerim\u00f4nias Cristyle, o rapper e poeta Mark\u00e3o Aborigene, o DJ Kliff Afrik e o cantor Paulo Amaro. A entrada \u00e9 franca. Classifica\u00e7\u00e3o indicativa livre.<\/p>\n<p><strong>Batuco e Dan\u00e7o &#8212;<\/strong> Idealizado e realizado pelo Coletivo Educa\u00e7\u00e3o pela Arte, o projeto Batuco e Dan\u00e7o chega hoje (28) \u00e0 Escola Rural de Arniqueira, com a participa\u00e7\u00e3o de Isabella Rovo, Ismael Rattis, Marcelo Lima, Nelson Latiff e Sandro Alves. Entrada franca. Classifica\u00e7\u00e3o indicativa livre.<\/p>\n<figure id=\"attachment_2646\" aria-describedby=\"caption-attachment-2646\" style=\"width: 800px\" class=\"wp-caption aligncenter\"><img loading=\"lazy\" decoding=\"async\" class=\"size-full wp-image-2646\" src=\"https:\/\/blogs.correiobraziliense.com.br\/trilhasonora\/wp-content\/uploads\/sites\/39\/2023\/04\/bell.jpg\" alt=\"\" width=\"800\" height=\"496\" srcset=\"https:\/\/blogs.correiobraziliense.com.br\/trilhasonora\/wp-content\/uploads\/sites\/39\/2023\/04\/bell.jpg 800w, https:\/\/blogs.correiobraziliense.com.br\/trilhasonora\/wp-content\/uploads\/sites\/39\/2023\/04\/bell-300x186.jpg 300w, https:\/\/blogs.correiobraziliense.com.br\/trilhasonora\/wp-content\/uploads\/sites\/39\/2023\/04\/bell-768x476.jpg 768w, https:\/\/blogs.correiobraziliense.com.br\/trilhasonora\/wp-content\/uploads\/sites\/39\/2023\/04\/bell-550x341.jpg 550w, https:\/\/blogs.correiobraziliense.com.br\/trilhasonora\/wp-content\/uploads\/sites\/39\/2023\/04\/bell-230x143.jpg 230w\" sizes=\"auto, (max-width: 800px) 100vw, 800px\" \/><figcaption id=\"caption-attachment-2646\" class=\"wp-caption-text\">Bell Marques no Festival Micar\u00ea. Cr\u00e9dito: F\u00e1bio Cunha\/Divulga\u00e7\u00e3o.<\/figcaption><\/figure>\n<p><strong>Festival Micar\u00ea &#8212;<\/strong> Tendo como destaques os cantores Bell Marques, Durval Lelys e Saulo, a dupla Rafa e Pipo, a Banda Eva e os grupos Timbalada, \u00c9 o Tchan e Filhos da Bahia, o Festival Micar\u00ea ser\u00e1 realizado amanh\u00e3 (29) e domingo (30), a partir das 15h, em arena no estacionamento do Est\u00e1dio Man\u00e9 Garrincha. N\u00e3o recomendado para menores de 16 anos. Informa\u00e7\u00f5es sobre setores, mapa do evento e ingressos pelo site oficial.<\/p>\n<p><strong>Som de viola &#8212;<\/strong> A Feira da Torre de TV recebe hoje (28) e amanh\u00e3 (29), a partir das 11h, a segunda edi\u00e7\u00e3o do projeto Viola em Quatro Cantos com a Caravana Caipira e Dayane Reis. Acesso gratuito. Classifica\u00e7\u00e3o indicativa livre.<\/p>\n<figure id=\"attachment_2649\" aria-describedby=\"caption-attachment-2649\" style=\"width: 661px\" class=\"wp-caption aligncenter\"><img loading=\"lazy\" decoding=\"async\" class=\"size-full wp-image-2649\" src=\"https:\/\/blogs.correiobraziliense.com.br\/trilhasonora\/wp-content\/uploads\/sites\/39\/2023\/04\/maria-camelo.jpg\" alt=\"\" width=\"661\" height=\"665\" srcset=\"https:\/\/blogs.correiobraziliense.com.br\/trilhasonora\/wp-content\/uploads\/sites\/39\/2023\/04\/maria-camelo.jpg 661w, https:\/\/blogs.correiobraziliense.com.br\/trilhasonora\/wp-content\/uploads\/sites\/39\/2023\/04\/maria-camelo-150x150.jpg 150w, https:\/\/blogs.correiobraziliense.com.br\/trilhasonora\/wp-content\/uploads\/sites\/39\/2023\/04\/maria-camelo-298x300.jpg 298w, https:\/\/blogs.correiobraziliense.com.br\/trilhasonora\/wp-content\/uploads\/sites\/39\/2023\/04\/maria-camelo-550x553.jpg 550w, https:\/\/blogs.correiobraziliense.com.br\/trilhasonora\/wp-content\/uploads\/sites\/39\/2023\/04\/maria-camelo-230x231.jpg 230w\" sizes=\"auto, (max-width: 661px) 100vw, 661px\" \/><figcaption id=\"caption-attachment-2649\" class=\"wp-caption-text\">Maria Camelo. Cr\u00e9dito: Etiene Porto\/Divulga\u00e7\u00e3o<\/figcaption><\/figure>\n<p><strong>Vibra Sons &#8212;<\/strong> Em sua estreia na cidade, o projeto Vibra Sons ocupa o Infinu Comunidade Criativa (506 Sul), domingo (30), \u00e0s 20h. H\u00e1 as apresenta\u00e7\u00f5es de Ron &amp; Os Di Versos, Pedro de Castro e o Cardume e Mariana Camelo. A entrada \u00e9 gratuita. Classifica\u00e7\u00e3o indicativa livre.<\/p>\n<figure id=\"attachment_2644\" aria-describedby=\"caption-attachment-2644\" style=\"width: 667px\" class=\"wp-caption aligncenter\"><img loading=\"lazy\" decoding=\"async\" class=\"size-full wp-image-2644\" src=\"https:\/\/blogs.correiobraziliense.com.br\/trilhasonora\/wp-content\/uploads\/sites\/39\/2023\/04\/DJ-Tamy_Divulga\u00e7\u00e3o1.jpg\" alt=\"\" width=\"667\" height=\"478\" srcset=\"https:\/\/blogs.correiobraziliense.com.br\/trilhasonora\/wp-content\/uploads\/sites\/39\/2023\/04\/DJ-Tamy_Divulga\u00e7\u00e3o1.jpg 667w, https:\/\/blogs.correiobraziliense.com.br\/trilhasonora\/wp-content\/uploads\/sites\/39\/2023\/04\/DJ-Tamy_Divulga\u00e7\u00e3o1-300x215.jpg 300w, https:\/\/blogs.correiobraziliense.com.br\/trilhasonora\/wp-content\/uploads\/sites\/39\/2023\/04\/DJ-Tamy_Divulga\u00e7\u00e3o1-550x394.jpg 550w, https:\/\/blogs.correiobraziliense.com.br\/trilhasonora\/wp-content\/uploads\/sites\/39\/2023\/04\/DJ-Tamy_Divulga\u00e7\u00e3o1-230x165.jpg 230w\" sizes=\"auto, (max-width: 667px) 100vw, 667px\" \/><figcaption id=\"caption-attachment-2644\" class=\"wp-caption-text\">DJ Tamy. Cr\u00e9dito: Makossa\/Divulga\u00e7\u00e3o<\/figcaption><\/figure>\n<p><strong>Primeira Makossa &#8212;<\/strong> O baile Makossa, o primeiro de 2023, vai movimentar a Galeria dos Estados no domingo (30) a partir das 16h40. As principais atra\u00e7\u00f5es s\u00e3o o DJ KL Jay, produtor do Racionais MCs e a DJ carioca Tamy, al\u00e9m do DJ brasiliense Markynhos Smurphies.O evento \u00e9 em homenagem ao DJ Jamaica. O ingresso custa R$ 53 (primeiro lote). N\u00e3o recomendado para menores de 18 anos.<\/p>\n","protected":false},"excerpt":{"rendered":"<p>O Festival Micar\u00ea \u00e9 destaque da programa\u00e7\u00e3o musical deste fim de semana em Bras\u00edlia, que traz tamb\u00e9m shows de v\u00e1rios artistas, em diversos pontos do Distrito Federal. Recital de piano &#8212; Pablo Rossi, pianista catarinense, indicado para o Grammy Latino em 2022, na categoria Melhor \u00c1lbum e M\u00fasica Cl\u00e1ssica, faz recital hoje (28\/4), \u00e0s 20h, no CTJ Hall da Casa [&hellip;]<\/p>\n","protected":false},"author":84,"featured_media":0,"comment_status":"open","ping_status":"open","sticky":false,"template":"","format":"standard","meta":{"footnotes":""},"categories":[113],"tags":[279,174,31],"class_list":["post-2642","post","type-post","status-publish","format-standard","hentry","category-materia","tag-festas","tag-festival-micare","tag-shows"],"_links":{"self":[{"href":"https:\/\/blogs.correiobraziliense.com.br\/trilhasonora\/wp-json\/wp\/v2\/posts\/2642","targetHints":{"allow":["GET"]}}],"collection":[{"href":"https:\/\/blogs.correiobraziliense.com.br\/trilhasonora\/wp-json\/wp\/v2\/posts"}],"about":[{"href":"https:\/\/blogs.correiobraziliense.com.br\/trilhasonora\/wp-json\/wp\/v2\/types\/post"}],"author":[{"embeddable":true,"href":"https:\/\/blogs.correiobraziliense.com.br\/trilhasonora\/wp-json\/wp\/v2\/users\/84"}],"replies":[{"embeddable":true,"href":"https:\/\/blogs.correiobraziliense.com.br\/trilhasonora\/wp-json\/wp\/v2\/comments?post=2642"}],"version-history":[{"count":1,"href":"https:\/\/blogs.correiobraziliense.com.br\/trilhasonora\/wp-json\/wp\/v2\/posts\/2642\/revisions"}],"predecessor-version":[{"id":2650,"href":"https:\/\/blogs.correiobraziliense.com.br\/trilhasonora\/wp-json\/wp\/v2\/posts\/2642\/revisions\/2650"}],"wp:attachment":[{"href":"https:\/\/blogs.correiobraziliense.com.br\/trilhasonora\/wp-json\/wp\/v2\/media?parent=2642"}],"wp:term":[{"taxonomy":"category","embeddable":true,"href":"https:\/\/blogs.correiobraziliense.com.br\/trilhasonora\/wp-json\/wp\/v2\/categories?post=2642"},{"taxonomy":"post_tag","embeddable":true,"href":"https:\/\/blogs.correiobraziliense.com.br\/trilhasonora\/wp-json\/wp\/v2\/tags?post=2642"}],"curies":[{"name":"wp","href":"https:\/\/api.w.org\/{rel}","templated":true}]}}