{"id":2632,"date":"2023-04-19T20:17:35","date_gmt":"2023-04-19T23:17:35","guid":{"rendered":"https:\/\/blogs.correiobraziliense.com.br\/trilhasonora\/?p=2632"},"modified":"2023-04-19T20:17:35","modified_gmt":"2023-04-19T23:17:35","slug":"63-anos-de-historias-os-bastidores-da-musica-de-brasilia","status":"publish","type":"post","link":"https:\/\/blogs.correiobraziliense.com.br\/trilhasonora\/63-anos-de-historias-os-bastidores-da-musica-de-brasilia\/","title":{"rendered":"63 anos de hist\u00f3rias: Os bastidores da m\u00fasica de Bras\u00edlia"},"content":{"rendered":"<p>Em comemora\u00e7\u00e3o ao anivers\u00e1rio de 63 anos de Bras\u00edlia e do Correio Braziliense, estive no segundo epis\u00f3dio do Podcast do Correio para mergulhar na mem\u00f3ria da m\u00fasica de Bras\u00edlia. Confira a seguir!<\/p>\n<p><iframe loading=\"lazy\" title=\"#40 - OS BASTIDORES DA M\u00daSICA DE BRAS\u00cdLIA - ESPECIAL BRAS\u00cdLIA 63 ANOS\" width=\"1440\" height=\"810\" src=\"https:\/\/www.youtube.com\/embed\/ve-tUukhyhQ?feature=oembed\" frameborder=\"0\" allow=\"accelerometer; autoplay; clipboard-write; encrypted-media; gyroscope; picture-in-picture; web-share\" referrerpolicy=\"strict-origin-when-cross-origin\" allowfullscreen><\/iframe><\/p>\n","protected":false},"excerpt":{"rendered":"<p>Em comemora\u00e7\u00e3o ao anivers\u00e1rio de 63 anos de Bras\u00edlia e do Correio Braziliense, estive no segundo epis\u00f3dio do Podcast do Correio para mergulhar na mem\u00f3ria da m\u00fasica de Bras\u00edlia. Confira a seguir!<\/p>\n","protected":false},"author":84,"featured_media":2633,"comment_status":"open","ping_status":"open","sticky":false,"template":"","format":"standard","meta":{"footnotes":""},"categories":[6],"tags":[296,214,297,295],"class_list":["post-2632","post","type-post","status-publish","format-standard","has-post-thumbnail","hentry","category-entrevista","tag-63-anos","tag-aniversario-de-brasilia","tag-aniversario-do-correio-braziliense","tag-podcast-do-correio"],"_links":{"self":[{"href":"https:\/\/blogs.correiobraziliense.com.br\/trilhasonora\/wp-json\/wp\/v2\/posts\/2632","targetHints":{"allow":["GET"]}}],"collection":[{"href":"https:\/\/blogs.correiobraziliense.com.br\/trilhasonora\/wp-json\/wp\/v2\/posts"}],"about":[{"href":"https:\/\/blogs.correiobraziliense.com.br\/trilhasonora\/wp-json\/wp\/v2\/types\/post"}],"author":[{"embeddable":true,"href":"https:\/\/blogs.correiobraziliense.com.br\/trilhasonora\/wp-json\/wp\/v2\/users\/84"}],"replies":[{"embeddable":true,"href":"https:\/\/blogs.correiobraziliense.com.br\/trilhasonora\/wp-json\/wp\/v2\/comments?post=2632"}],"version-history":[{"count":1,"href":"https:\/\/blogs.correiobraziliense.com.br\/trilhasonora\/wp-json\/wp\/v2\/posts\/2632\/revisions"}],"predecessor-version":[{"id":2634,"href":"https:\/\/blogs.correiobraziliense.com.br\/trilhasonora\/wp-json\/wp\/v2\/posts\/2632\/revisions\/2634"}],"wp:featuredmedia":[{"embeddable":true,"href":"https:\/\/blogs.correiobraziliense.com.br\/trilhasonora\/wp-json\/wp\/v2\/media\/2633"}],"wp:attachment":[{"href":"https:\/\/blogs.correiobraziliense.com.br\/trilhasonora\/wp-json\/wp\/v2\/media?parent=2632"}],"wp:term":[{"taxonomy":"category","embeddable":true,"href":"https:\/\/blogs.correiobraziliense.com.br\/trilhasonora\/wp-json\/wp\/v2\/categories?post=2632"},{"taxonomy":"post_tag","embeddable":true,"href":"https:\/\/blogs.correiobraziliense.com.br\/trilhasonora\/wp-json\/wp\/v2\/tags?post=2632"}],"curies":[{"name":"wp","href":"https:\/\/api.w.org\/{rel}","templated":true}]}}