{"id":2608,"date":"2023-03-30T06:54:27","date_gmt":"2023-03-30T09:54:27","guid":{"rendered":"https:\/\/blogs.correiobraziliense.com.br\/trilhasonora\/?p=2608"},"modified":"2023-03-29T07:29:02","modified_gmt":"2023-03-29T10:29:02","slug":"indiana-nomma-faz-tributo-a-mercedes-sosa-no-clube-do-choro","status":"publish","type":"post","link":"https:\/\/blogs.correiobraziliense.com.br\/trilhasonora\/indiana-nomma-faz-tributo-a-mercedes-sosa-no-clube-do-choro\/","title":{"rendered":"Indiana Nomma faz tributo a Mercedes Sosa no Clube do Choro"},"content":{"rendered":"<p><em>Mercedes Sosa &#8211; A voz dos sem voz<\/em>, em cartaz h\u00e1 22 anos, \u00e9 ,certamente, o show com carreira mais longeva na cena musical brasileira. Protagonizado pela cantora Indiana Nomma, ao ser apresentado na \u00faltima quinta-feira (23\/3), emocionou ao p\u00fablico que superlotou o Espa\u00e7o Cultural do Choro. Diante do sucesso, o espet\u00e1culo em homenagem a Mercedes Sosa ser\u00e1 reapresentado hoje (30), \u00e0s 20h30, no mesmo local. Acompanhada pelo violonista Alberto Sales, Indiana volta a interpretar can\u00e7\u00f5es que se tornaram marcantes na voz de La Negra, como a diva argentina era chamada.<\/p>\n<p>O repert\u00f3rio re\u00fane, entre outras, <em>Gracias a la vida<\/em> e<em> Volver a los 17<\/em> (Violeta Parra e Ariel Ramirez e Felix Luna),\u00a0<em>Alfonsina y El Mar<\/em> (Ariel Ramirez e Felix Luna), <em>Canci\u00f3n con Todos<\/em> (C\u00e9sar Isella), <em>A\u00f1os<\/em> (Pablo Milanez), <em>Si Se Calla El Cantor<\/em> (Hor\u00e1rio Guarani) e<em> Los Hermanos<\/em> (Atahualpa Yupanqui).<\/p>\n<p><iframe loading=\"lazy\" title=\"10. CANCI\u00d3N CON TODOS | \u00c1lbum MERCEDES SOSA: A VOZ DOS SEM VOZ - VISUALIZER\" width=\"1440\" height=\"810\" src=\"https:\/\/www.youtube.com\/embed\/xHYXHZh25g8?feature=oembed\" frameborder=\"0\" allow=\"accelerometer; autoplay; clipboard-write; encrypted-media; gyroscope; picture-in-picture; web-share\" referrerpolicy=\"strict-origin-when-cross-origin\" allowfullscreen><\/iframe><\/p>\n<p>&#8220;Fiquei impactado quando conheci o trabalho da Indiana Nomma e, desde ent\u00e3o, a admiro muito e agrade\u00e7o. Al\u00e9m das nossas hist\u00f3rias familiares se cruzarem, por terem suportado as ditaduras, o ex\u00edlio. Atrav\u00e9s do n\u00edvel cultural, dos arranjos, da interpreta\u00e7\u00e3o, do vestu\u00e1rio e dos cartazes cedidos pela Fundaci\u00f3n Mercedes Sosa, que o show que <em>Mercedes Sosa &#8212; A Voz Dos Sem Voz<\/em>, que Indiana apresenta, se torna o tributo oficial a Mercedes Sosa&#8221;, define Agustin Matus, produtor cultural e neto de Mercedes Sosa.<\/p>\n<p><strong>Mercedes Sosa &#8212; A voz dos sem voz<\/strong><br \/>\nShow-tributo com Indiana Nomma, hoje (30), \u00e0s 20h30, no Espa\u00e7o Cultural do Choro (Eixo Monumental). Ingressos \u00e0 venda no local. Clasifica\u00e7\u00e3o indicativa livre.<\/p>\n","protected":false},"excerpt":{"rendered":"<p>Mercedes Sosa &#8211; A voz dos sem voz, em cartaz h\u00e1 22 anos, \u00e9 ,certamente, o show com carreira mais longeva na cena musical brasileira. Protagonizado pela cantora Indiana Nomma, ao ser apresentado na \u00faltima quinta-feira (23\/3), emocionou ao p\u00fablico que superlotou o Espa\u00e7o Cultural do Choro. Diante do sucesso, o espet\u00e1culo em homenagem a Mercedes Sosa ser\u00e1 reapresentado hoje [&hellip;]<\/p>\n","protected":false},"author":84,"featured_media":2602,"comment_status":"open","ping_status":"open","sticky":false,"template":"","format":"standard","meta":{"footnotes":""},"categories":[1],"tags":[],"class_list":["post-2608","post","type-post","status-publish","format-standard","has-post-thumbnail","hentry","category-sem-categoria"],"_links":{"self":[{"href":"https:\/\/blogs.correiobraziliense.com.br\/trilhasonora\/wp-json\/wp\/v2\/posts\/2608","targetHints":{"allow":["GET"]}}],"collection":[{"href":"https:\/\/blogs.correiobraziliense.com.br\/trilhasonora\/wp-json\/wp\/v2\/posts"}],"about":[{"href":"https:\/\/blogs.correiobraziliense.com.br\/trilhasonora\/wp-json\/wp\/v2\/types\/post"}],"author":[{"embeddable":true,"href":"https:\/\/blogs.correiobraziliense.com.br\/trilhasonora\/wp-json\/wp\/v2\/users\/84"}],"replies":[{"embeddable":true,"href":"https:\/\/blogs.correiobraziliense.com.br\/trilhasonora\/wp-json\/wp\/v2\/comments?post=2608"}],"version-history":[{"count":1,"href":"https:\/\/blogs.correiobraziliense.com.br\/trilhasonora\/wp-json\/wp\/v2\/posts\/2608\/revisions"}],"predecessor-version":[{"id":2609,"href":"https:\/\/blogs.correiobraziliense.com.br\/trilhasonora\/wp-json\/wp\/v2\/posts\/2608\/revisions\/2609"}],"wp:featuredmedia":[{"embeddable":true,"href":"https:\/\/blogs.correiobraziliense.com.br\/trilhasonora\/wp-json\/wp\/v2\/media\/2602"}],"wp:attachment":[{"href":"https:\/\/blogs.correiobraziliense.com.br\/trilhasonora\/wp-json\/wp\/v2\/media?parent=2608"}],"wp:term":[{"taxonomy":"category","embeddable":true,"href":"https:\/\/blogs.correiobraziliense.com.br\/trilhasonora\/wp-json\/wp\/v2\/categories?post=2608"},{"taxonomy":"post_tag","embeddable":true,"href":"https:\/\/blogs.correiobraziliense.com.br\/trilhasonora\/wp-json\/wp\/v2\/tags?post=2608"}],"curies":[{"name":"wp","href":"https:\/\/api.w.org\/{rel}","templated":true}]}}