{"id":2534,"date":"2023-01-13T06:51:09","date_gmt":"2023-01-13T09:51:09","guid":{"rendered":"https:\/\/blogs.correiobraziliense.com.br\/trilhasonora\/?p=2534"},"modified":"2023-01-12T19:08:08","modified_gmt":"2023-01-12T22:08:08","slug":"pre-carnavais-sao-destaque-na-programacao-do-fim-de-semana-na-capital","status":"publish","type":"post","link":"https:\/\/blogs.correiobraziliense.com.br\/trilhasonora\/pre-carnavais-sao-destaque-na-programacao-do-fim-de-semana-na-capital\/","title":{"rendered":"Pr\u00e9-carnavais s\u00e3o destaque na programa\u00e7\u00e3o do fim de semana na capital"},"content":{"rendered":"<p>O show de P\u00e9ricles e as festas Bloco Fora de \u00c9poca e Carnamimosa est\u00e3o em destaque na programa\u00e7\u00e3o musical deste fim de semana em Bras\u00edlia.<\/p>\n<figure id=\"attachment_2537\" aria-describedby=\"caption-attachment-2537\" style=\"width: 800px\" class=\"wp-caption aligncenter\"><img loading=\"lazy\" decoding=\"async\" class=\"size-full wp-image-2537\" src=\"https:\/\/blogs.correiobraziliense.com.br\/trilhasonora\/wp-content\/uploads\/sites\/39\/2023\/01\/OZENTAS-sem-logo.jpg\" alt=\"\" width=\"800\" height=\"453\" srcset=\"https:\/\/blogs.correiobraziliense.com.br\/trilhasonora\/wp-content\/uploads\/sites\/39\/2023\/01\/OZENTAS-sem-logo.jpg 800w, https:\/\/blogs.correiobraziliense.com.br\/trilhasonora\/wp-content\/uploads\/sites\/39\/2023\/01\/OZENTAS-sem-logo-300x170.jpg 300w, https:\/\/blogs.correiobraziliense.com.br\/trilhasonora\/wp-content\/uploads\/sites\/39\/2023\/01\/OZENTAS-sem-logo-768x435.jpg 768w, https:\/\/blogs.correiobraziliense.com.br\/trilhasonora\/wp-content\/uploads\/sites\/39\/2023\/01\/OZENTAS-sem-logo-550x311.jpg 550w, https:\/\/blogs.correiobraziliense.com.br\/trilhasonora\/wp-content\/uploads\/sites\/39\/2023\/01\/OZENTAS-sem-logo-230x130.jpg 230w\" sizes=\"auto, (max-width: 800px) 100vw, 800px\" \/><figcaption id=\"caption-attachment-2537\" class=\"wp-caption-text\">Oz\u00eantas. Cr\u00e9dito: Arquivo pessoalfma<\/figcaption><\/figure>\n<p><strong>Gel\u00e9ia Geral &#8212;<\/strong> A banda Oz\u00eantas, liderada pelo guitarrista Beto Peres, faz o show Gel\u00e9ia Geral hoje (13\/1), \u00e0s 20h30, no Feiti\u00e7o das Artes (306 Norte), no qual interpreta p\u00e9rolas da m\u00fasica popular brasileira ao visitar o repert\u00f3rio de Gilberto Gil, Milton Nascimento, Djavan, Ney Matogrosso e Fl\u00e1vio Venturini. O couvert art\u00edstico \u00e9 de R$ 30. N\u00e3o recomendado para menores de 18 anos.<\/p>\n<p><strong>Festa do Preto &#8212;<\/strong> Wilian &amp; Marlon, Z\u00e9 Felipe &amp; Miguel e Thiago Kallazans s\u00e3o atra\u00e7\u00f5es da Festa do Preto que ocorre hoje (13), \u00e0s 21h, no World Bras\u00edlia (SIA Trecho 3). Ingresso: R$ 10. N\u00e3o recomendado para menores de 18 anos.<\/p>\n<p><strong>Pagode de Sexta &#8212;<\/strong> Samuel Minaut e o grupo Clima de Montanha comandam a edi\u00e7\u00e3o de hoje (13) do Pagode de Sexta, a partir das 19h, no Braz\u00f3lia (SGO Quadra 2). Ingresso: R$ 20. N\u00e3o recomendado para menores de 18 anos.<\/p>\n<p><strong>Carnamimosa &#8212;<\/strong> Esquenta de carnaval comandado pelas DJs Petite Blanche, Naju, Libertina e Karla Testa hoje (13), a partir das 23h, no Externa Club (Centro Comercial Amazonas, Setor Comercial Sul, Quadra 5). Ingresso: R$ 30. N\u00e3o recomendado para menores de 18 anos.<\/p>\n<p><strong>Cortesia Stage &#8212;<\/strong> Nova edi\u00e7\u00e3o do Cortesia Stage, com shows ds bandas Heath, Juicebox e Los Matadores com tributos a Arctic hoje Monkeys, The Stokes e The KIllers, hoje (13), \u00e0s 20h, no UK Brasil (411 Sul). Entrada franca.<\/p>\n<figure id=\"attachment_2538\" aria-describedby=\"caption-attachment-2538\" style=\"width: 800px\" class=\"wp-caption aligncenter\"><img loading=\"lazy\" decoding=\"async\" class=\"size-full wp-image-2538\" src=\"https:\/\/blogs.correiobraziliense.com.br\/trilhasonora\/wp-content\/uploads\/sites\/39\/2023\/01\/DJ-Malaa_EDM-Divulga\u00e7\u00e3o.jpg\" alt=\"\" width=\"800\" height=\"531\" srcset=\"https:\/\/blogs.correiobraziliense.com.br\/trilhasonora\/wp-content\/uploads\/sites\/39\/2023\/01\/DJ-Malaa_EDM-Divulga\u00e7\u00e3o.jpg 800w, https:\/\/blogs.correiobraziliense.com.br\/trilhasonora\/wp-content\/uploads\/sites\/39\/2023\/01\/DJ-Malaa_EDM-Divulga\u00e7\u00e3o-300x199.jpg 300w, https:\/\/blogs.correiobraziliense.com.br\/trilhasonora\/wp-content\/uploads\/sites\/39\/2023\/01\/DJ-Malaa_EDM-Divulga\u00e7\u00e3o-768x510.jpg 768w, https:\/\/blogs.correiobraziliense.com.br\/trilhasonora\/wp-content\/uploads\/sites\/39\/2023\/01\/DJ-Malaa_EDM-Divulga\u00e7\u00e3o-550x365.jpg 550w, https:\/\/blogs.correiobraziliense.com.br\/trilhasonora\/wp-content\/uploads\/sites\/39\/2023\/01\/DJ-Malaa_EDM-Divulga\u00e7\u00e3o-230x153.jpg 230w\" sizes=\"auto, (max-width: 800px) 100vw, 800px\" \/><figcaption id=\"caption-attachment-2538\" class=\"wp-caption-text\">Dj Malaa. Cr\u00e9dito: EDM\/Divulga\u00e7\u00e3o<\/figcaption><\/figure>\n<p><strong>DJ Franc\u00eas &#8212;<\/strong> Em sua primeira turn\u00ea pelo Brasil, o DJ franc\u00eas Malaa se apresenta hoje (13), \u00e0s 22h, no Caf\u00e9 de la Musique (Setor de Clubes Sul, ao lado do Pier 21). Antes, entra em a\u00e7\u00e3o o DJ brasiliense Victor Lou. N\u00e3o recomendado para menores de 18 anos.<\/p>\n<p><strong>Pop rock &#8212;<\/strong> O cantor Pedro Eduardo (ex-<em>The Voice Brasil<\/em>) \u00e9 atra\u00e7\u00e3o de hoje (13), \u00e0s 20h, no Dolce Far Niente (304, Bloco E, Edif\u00edcio O\u00e1sis, no Sudoeste). No show, ele interpreta standards do jazz e cl\u00e1ssicos da MPB e do pop rock nacional e internacional, acompanhado pelo pianista Wescley Jorge. N\u00e3o recomendado para menores de 18 anos.<\/p>\n<p><strong>Fora de \u00e9poca &#8212;<\/strong> A cantora Carla Cristina e a banda Babado Novo s\u00e3o os destaques do pr\u00e9-carnavalesco Bloco Fora de \u00c9poca amanh\u00e3 (14), a partir das 12h, no Est\u00e1dio Man\u00e9 Garrincha (Eixo Monumental). Ingresso a partir de R$ 99. N\u00e3o recomendado para menores de 18 anos.<\/p>\n<p><strong>Jazz e Bossa &#8212;<\/strong> Gabriela Nascimento canta jazz e bossa nova em show amanh\u00e3 (14), \u00e0s 19h30, no restaurante Ticiana Werner (201 Sul). O couvert art\u00edstico \u00e9 de R$ 10.<\/p>\n<figure id=\"attachment_2535\" aria-describedby=\"caption-attachment-2535\" style=\"width: 800px\" class=\"wp-caption aligncenter\"><img loading=\"lazy\" decoding=\"async\" class=\"size-full wp-image-2535\" src=\"https:\/\/blogs.correiobraziliense.com.br\/trilhasonora\/wp-content\/uploads\/sites\/39\/2023\/01\/AB__7611.jpg\" alt=\"\" width=\"800\" height=\"461\" srcset=\"https:\/\/blogs.correiobraziliense.com.br\/trilhasonora\/wp-content\/uploads\/sites\/39\/2023\/01\/AB__7611.jpg 800w, https:\/\/blogs.correiobraziliense.com.br\/trilhasonora\/wp-content\/uploads\/sites\/39\/2023\/01\/AB__7611-300x173.jpg 300w, https:\/\/blogs.correiobraziliense.com.br\/trilhasonora\/wp-content\/uploads\/sites\/39\/2023\/01\/AB__7611-768x443.jpg 768w, https:\/\/blogs.correiobraziliense.com.br\/trilhasonora\/wp-content\/uploads\/sites\/39\/2023\/01\/AB__7611-550x317.jpg 550w, https:\/\/blogs.correiobraziliense.com.br\/trilhasonora\/wp-content\/uploads\/sites\/39\/2023\/01\/AB__7611-230x133.jpg 230w\" sizes=\"auto, (max-width: 800px) 100vw, 800px\" \/><figcaption id=\"caption-attachment-2535\" class=\"wp-caption-text\">Jonny Mendes. Cr\u00e9dito: Marcelo Borges\/Divulga\u00e7\u00e3o<\/figcaption><\/figure>\n<p><strong>Preciosa vida &#8212;<\/strong> Jonny Mendes lan\u00e7a o \u00e1lbum Preciosa vida em show no Sesi de Taguatinga (QNF 24), domingo, \u00e0s 17h. Acesso gratuito. Classifica\u00e7\u00e3o indicativa livre.<\/p>\n<figure id=\"attachment_2536\" aria-describedby=\"caption-attachment-2536\" style=\"width: 800px\" class=\"wp-caption aligncenter\"><img loading=\"lazy\" decoding=\"async\" class=\"size-full wp-image-2536\" src=\"https:\/\/blogs.correiobraziliense.com.br\/trilhasonora\/wp-content\/uploads\/sites\/39\/2023\/01\/unnamed.jpg\" alt=\"\" width=\"800\" height=\"453\" srcset=\"https:\/\/blogs.correiobraziliense.com.br\/trilhasonora\/wp-content\/uploads\/sites\/39\/2023\/01\/unnamed.jpg 800w, https:\/\/blogs.correiobraziliense.com.br\/trilhasonora\/wp-content\/uploads\/sites\/39\/2023\/01\/unnamed-300x170.jpg 300w, https:\/\/blogs.correiobraziliense.com.br\/trilhasonora\/wp-content\/uploads\/sites\/39\/2023\/01\/unnamed-768x435.jpg 768w, https:\/\/blogs.correiobraziliense.com.br\/trilhasonora\/wp-content\/uploads\/sites\/39\/2023\/01\/unnamed-550x311.jpg 550w, https:\/\/blogs.correiobraziliense.com.br\/trilhasonora\/wp-content\/uploads\/sites\/39\/2023\/01\/unnamed-230x130.jpg 230w\" sizes=\"auto, (max-width: 800px) 100vw, 800px\" \/><figcaption id=\"caption-attachment-2536\" class=\"wp-caption-text\">P\u00e9ricles. Cr\u00e9dito: Mentha\/Divulga\u00e7\u00e3o.<\/figcaption><\/figure>\n<p><strong>Temporada de ver\u00e3o &#8212;<\/strong> P\u00e9ricles \u00e9 atra\u00e7\u00e3o da abertura do projeto Temporada de Ver\u00e3o, na Bothanic (Setor de Clubes Sul), domingo (15), \u00e0s 19h. O cantor e compositor paulista solta o vozeir\u00e3o em composi\u00e7\u00f5es autorais como <em>At\u00e9 que durou<\/em>,<em> Melhor eu ir<\/em>, <em>Nosso amor quer paz<\/em> e <em>Supera<\/em>. N\u00e3o recomendado para menores de 18 anos.<\/p>\n","protected":false},"excerpt":{"rendered":"<p>O show de P\u00e9ricles e as festas Bloco Fora de \u00c9poca e Carnamimosa est\u00e3o em destaque na programa\u00e7\u00e3o musical deste fim de semana em Bras\u00edlia. Gel\u00e9ia Geral &#8212; A banda Oz\u00eantas, liderada pelo guitarrista Beto Peres, faz o show Gel\u00e9ia Geral hoje (13\/1), \u00e0s 20h30, no Feiti\u00e7o das Artes (306 Norte), no qual interpreta p\u00e9rolas da m\u00fasica popular brasileira ao [&hellip;]<\/p>\n","protected":false},"author":84,"featured_media":2539,"comment_status":"open","ping_status":"open","sticky":false,"template":"","format":"standard","meta":{"footnotes":""},"categories":[113],"tags":[],"class_list":["post-2534","post","type-post","status-publish","format-standard","has-post-thumbnail","hentry","category-materia"],"_links":{"self":[{"href":"https:\/\/blogs.correiobraziliense.com.br\/trilhasonora\/wp-json\/wp\/v2\/posts\/2534","targetHints":{"allow":["GET"]}}],"collection":[{"href":"https:\/\/blogs.correiobraziliense.com.br\/trilhasonora\/wp-json\/wp\/v2\/posts"}],"about":[{"href":"https:\/\/blogs.correiobraziliense.com.br\/trilhasonora\/wp-json\/wp\/v2\/types\/post"}],"author":[{"embeddable":true,"href":"https:\/\/blogs.correiobraziliense.com.br\/trilhasonora\/wp-json\/wp\/v2\/users\/84"}],"replies":[{"embeddable":true,"href":"https:\/\/blogs.correiobraziliense.com.br\/trilhasonora\/wp-json\/wp\/v2\/comments?post=2534"}],"version-history":[{"count":1,"href":"https:\/\/blogs.correiobraziliense.com.br\/trilhasonora\/wp-json\/wp\/v2\/posts\/2534\/revisions"}],"predecessor-version":[{"id":2540,"href":"https:\/\/blogs.correiobraziliense.com.br\/trilhasonora\/wp-json\/wp\/v2\/posts\/2534\/revisions\/2540"}],"wp:featuredmedia":[{"embeddable":true,"href":"https:\/\/blogs.correiobraziliense.com.br\/trilhasonora\/wp-json\/wp\/v2\/media\/2539"}],"wp:attachment":[{"href":"https:\/\/blogs.correiobraziliense.com.br\/trilhasonora\/wp-json\/wp\/v2\/media?parent=2534"}],"wp:term":[{"taxonomy":"category","embeddable":true,"href":"https:\/\/blogs.correiobraziliense.com.br\/trilhasonora\/wp-json\/wp\/v2\/categories?post=2534"},{"taxonomy":"post_tag","embeddable":true,"href":"https:\/\/blogs.correiobraziliense.com.br\/trilhasonora\/wp-json\/wp\/v2\/tags?post=2534"}],"curies":[{"name":"wp","href":"https:\/\/api.w.org\/{rel}","templated":true}]}}