{"id":2515,"date":"2022-12-16T13:24:24","date_gmt":"2022-12-16T16:24:24","guid":{"rendered":"https:\/\/blogs.correiobraziliense.com.br\/trilhasonora\/?p=2515"},"modified":"2022-12-16T13:24:25","modified_gmt":"2022-12-16T16:24:25","slug":"xangai-paulinho-pedra-azul-e-liniker-sao-os-destaques-do-fim-de-semana","status":"publish","type":"post","link":"https:\/\/blogs.correiobraziliense.com.br\/trilhasonora\/xangai-paulinho-pedra-azul-e-liniker-sao-os-destaques-do-fim-de-semana\/","title":{"rendered":"Xangai, Paulinho Pedra Azul e Liniker s\u00e3o os destaques do fim de semana"},"content":{"rendered":"<p><b>Os shows de Xangai, Paulinho Pedra Azul e Liniker s\u00e3o os destaques da programa\u00e7\u00e3o musical deste fim de semana em Bras\u00edlia. Artistas da cidade tamb\u00e9m se apresentam hoje (16) e amanh\u00e3 (17).<\/b><\/p>\n<p><b>Sextas Musicais &#8212;<\/b><span style=\"font-weight: 400\"> Show do trio formado pelo pianista franc\u00eas Max Oliver Poingt, o baterista Pedrinho Augusto e o baixista Jhoniha Medeiros \u00e9 destaque de hoje (16), com um show de jazz\u00a0 pelo projeto Sextas Musicais da Casa Thomas Jefferson Hall (entrequadra 706\/906 Sul). No local h\u00e1 tamb\u00e9m a exposi\u00e7\u00e3o em homenagem a Oscar Niemeyer intitulada <\/span><i><span style=\"font-weight: 400\">Dan\u00e7a por Vega.<\/span><\/i><span style=\"font-weight: 400\"> A entrada \u00e9 franca. Classifica\u00e7\u00e3o indicativa livre.<\/span><\/p>\n<p><b>Canteiro do Samba &#8212;\u00a0 <\/b><span style=\"font-weight: 400\">O cantor e compositor carioca Serginho Meriti \u00e9 o convidado do projeto Canteiro do Samba. A roda, comandada pelo grupo 7 na Roda, ocorre hoje (16), a partir das 19h, na Galeria dos Estados. A entrada \u00e9 gratuita. Classifica\u00e7\u00e3o indicativa livre.<\/span><\/p>\n<figure id=\"attachment_2516\" aria-describedby=\"caption-attachment-2516\" style=\"width: 800px\" class=\"wp-caption aligncenter\"><img loading=\"lazy\" decoding=\"async\" class=\"size-full wp-image-2516\" src=\"https:\/\/blogs.correiobraziliense.com.br\/trilhasonora\/wp-content\/uploads\/sites\/39\/2022\/12\/Xangai2-Foto-Reprodu\u00e7\u00e3o-Redes-Sociais.jpg\" alt=\"\" width=\"800\" height=\"534\" srcset=\"https:\/\/blogs.correiobraziliense.com.br\/trilhasonora\/wp-content\/uploads\/sites\/39\/2022\/12\/Xangai2-Foto-Reprodu\u00e7\u00e3o-Redes-Sociais.jpg 800w, https:\/\/blogs.correiobraziliense.com.br\/trilhasonora\/wp-content\/uploads\/sites\/39\/2022\/12\/Xangai2-Foto-Reprodu\u00e7\u00e3o-Redes-Sociais-300x200.jpg 300w, https:\/\/blogs.correiobraziliense.com.br\/trilhasonora\/wp-content\/uploads\/sites\/39\/2022\/12\/Xangai2-Foto-Reprodu\u00e7\u00e3o-Redes-Sociais-768x513.jpg 768w, https:\/\/blogs.correiobraziliense.com.br\/trilhasonora\/wp-content\/uploads\/sites\/39\/2022\/12\/Xangai2-Foto-Reprodu\u00e7\u00e3o-Redes-Sociais-550x367.jpg 550w, https:\/\/blogs.correiobraziliense.com.br\/trilhasonora\/wp-content\/uploads\/sites\/39\/2022\/12\/Xangai2-Foto-Reprodu\u00e7\u00e3o-Redes-Sociais-230x154.jpg 230w\" sizes=\"auto, (max-width: 800px) 100vw, 800px\" \/><figcaption id=\"caption-attachment-2516\" class=\"wp-caption-text\">Xangai. Cr\u00e9dito: Xangai\/Divulga\u00e7\u00e3o<\/figcaption><\/figure>\n<p><b>Xangai &#8212; <\/b><span style=\"font-weight: 400\">Cantor, compositor e poeta, o baiano Xangai, de volta a Bras\u00edlia, \u00e9 a atra\u00e7\u00e3o de hoje (16) e amanh\u00e3 917), \u00e0s 20h30, do Espa\u00e7o Cultural do Choro (Eixo Monumental). No recital de voz e viol\u00e3o, ele interpreta composi\u00e7\u00f5es autorais e de Elomar Figueira. O ingresso, \u00e0 venda no local, custa R$ 40. Classifica\u00e7\u00e3o indicativa livre.\u00a0<\/span><\/p>\n<figure id=\"attachment_2517\" aria-describedby=\"caption-attachment-2517\" style=\"width: 719px\" class=\"wp-caption aligncenter\"><img loading=\"lazy\" decoding=\"async\" class=\"size-full wp-image-2517\" src=\"https:\/\/blogs.correiobraziliense.com.br\/trilhasonora\/wp-content\/uploads\/sites\/39\/2022\/12\/PPA-01.jpg\" alt=\"\" width=\"719\" height=\"470\" srcset=\"https:\/\/blogs.correiobraziliense.com.br\/trilhasonora\/wp-content\/uploads\/sites\/39\/2022\/12\/PPA-01.jpg 719w, https:\/\/blogs.correiobraziliense.com.br\/trilhasonora\/wp-content\/uploads\/sites\/39\/2022\/12\/PPA-01-300x196.jpg 300w, https:\/\/blogs.correiobraziliense.com.br\/trilhasonora\/wp-content\/uploads\/sites\/39\/2022\/12\/PPA-01-550x360.jpg 550w, https:\/\/blogs.correiobraziliense.com.br\/trilhasonora\/wp-content\/uploads\/sites\/39\/2022\/12\/PPA-01-230x150.jpg 230w\" sizes=\"auto, (max-width: 719px) 100vw, 719px\" \/><figcaption id=\"caption-attachment-2517\" class=\"wp-caption-text\">Paulinho Pedra Azul. Cr\u00e9dito: Ludmila Loureiro\/Divulga\u00e7\u00e3o.<\/figcaption><\/figure>\n<p><b>Paulinho Pedra Azul &#8212; <\/b><span style=\"font-weight: 400\">Artista com muitos f\u00e3s na cidade, Paulinho Pedra Azul se apresenta hoje (16) e amanh\u00e3 (17), \u00e0s 20h30, no Feiti\u00e7o Mineiro (308 Norte).<\/span><span style=\"font-weight: 400\"> No repert\u00f3rio <\/span><span style=\"font-weight: 400\">sucessos como <\/span><i><span style=\"font-weight: 400\">Jardim da fantasia <\/span><\/i><span style=\"font-weight: 400\">e <\/span><i><span style=\"font-weight: 400\">Ave cantadeira fazem parte do repert\u00f3rio. <\/span><\/i><span style=\"font-weight: 400\">O pre\u00e7o do ingresso \u00e9 R$ 40. Classifica\u00e7\u00e3o indicativa livre.<\/span><\/p>\n<figure id=\"attachment_2520\" aria-describedby=\"caption-attachment-2520\" style=\"width: 1024px\" class=\"wp-caption aligncenter\"><img loading=\"lazy\" decoding=\"async\" class=\"size-full wp-image-2520\" src=\"https:\/\/blogs.correiobraziliense.com.br\/trilhasonora\/wp-content\/uploads\/sites\/39\/2022\/12\/manhas-de-setembro-1024x555.jpg\" alt=\"\" width=\"1024\" height=\"555\" srcset=\"https:\/\/blogs.correiobraziliense.com.br\/trilhasonora\/wp-content\/uploads\/sites\/39\/2022\/12\/manhas-de-setembro-1024x555.jpg 1024w, https:\/\/blogs.correiobraziliense.com.br\/trilhasonora\/wp-content\/uploads\/sites\/39\/2022\/12\/manhas-de-setembro-1024x555-300x163.jpg 300w, https:\/\/blogs.correiobraziliense.com.br\/trilhasonora\/wp-content\/uploads\/sites\/39\/2022\/12\/manhas-de-setembro-1024x555-768x416.jpg 768w, https:\/\/blogs.correiobraziliense.com.br\/trilhasonora\/wp-content\/uploads\/sites\/39\/2022\/12\/manhas-de-setembro-1024x555-800x434.jpg 800w, https:\/\/blogs.correiobraziliense.com.br\/trilhasonora\/wp-content\/uploads\/sites\/39\/2022\/12\/manhas-de-setembro-1024x555-550x298.jpg 550w, https:\/\/blogs.correiobraziliense.com.br\/trilhasonora\/wp-content\/uploads\/sites\/39\/2022\/12\/manhas-de-setembro-1024x555-230x125.jpg 230w\" sizes=\"auto, (max-width: 1024px) 100vw, 1024px\" \/><figcaption id=\"caption-attachment-2520\" class=\"wp-caption-text\">Liniker. Cr\u00e9dito: Prime Video\/Divulga\u00e7\u00e3o<\/figcaption><\/figure>\n<p><b>Borboleta Azul &#8212; <\/b><span style=\"font-weight: 400\">Primeira cantora trans a se apresentar no Centro de Conven\u00e7\u00f5es Ulysses Guimar\u00e3es, Liniker ocupa o palco do audit\u00f3rio master amanh\u00e3 (17), \u00e0s 21h30, com o show <\/span><i><span style=\"font-weight: 400\">Indigo Borboleta Azul. <\/span><\/i><span style=\"font-weight: 400\">Ingressos \u00e0 venda no local. Classifica\u00e7\u00e3o indicativa livre.<\/span><\/p>\n<figure id=\"attachment_2518\" aria-describedby=\"caption-attachment-2518\" style=\"width: 800px\" class=\"wp-caption aligncenter\"><img loading=\"lazy\" decoding=\"async\" class=\"size-full wp-image-2518\" src=\"https:\/\/blogs.correiobraziliense.com.br\/trilhasonora\/wp-content\/uploads\/sites\/39\/2022\/12\/Fotos-7NaRoda-3-Cr\u00e9dito-Arquivo-do-grupo.png\" alt=\"\" width=\"800\" height=\"457\" srcset=\"https:\/\/blogs.correiobraziliense.com.br\/trilhasonora\/wp-content\/uploads\/sites\/39\/2022\/12\/Fotos-7NaRoda-3-Cr\u00e9dito-Arquivo-do-grupo.png 800w, https:\/\/blogs.correiobraziliense.com.br\/trilhasonora\/wp-content\/uploads\/sites\/39\/2022\/12\/Fotos-7NaRoda-3-Cr\u00e9dito-Arquivo-do-grupo-300x171.png 300w, https:\/\/blogs.correiobraziliense.com.br\/trilhasonora\/wp-content\/uploads\/sites\/39\/2022\/12\/Fotos-7NaRoda-3-Cr\u00e9dito-Arquivo-do-grupo-768x439.png 768w, https:\/\/blogs.correiobraziliense.com.br\/trilhasonora\/wp-content\/uploads\/sites\/39\/2022\/12\/Fotos-7NaRoda-3-Cr\u00e9dito-Arquivo-do-grupo-550x314.png 550w, https:\/\/blogs.correiobraziliense.com.br\/trilhasonora\/wp-content\/uploads\/sites\/39\/2022\/12\/Fotos-7NaRoda-3-Cr\u00e9dito-Arquivo-do-grupo-230x131.png 230w\" sizes=\"auto, (max-width: 800px) 100vw, 800px\" \/><figcaption id=\"caption-attachment-2518\" class=\"wp-caption-text\">7 na Roda. Cr\u00e9dito: Arquivo pessoal<\/figcaption><\/figure>\n<p><b>Samba em homenagem &#8212; <\/b><span style=\"font-weight: 400\">O 7 na Roda homenageia Chico Buarque amanh\u00e3 (17), \u00e0s 18h, no Espa\u00e7o Casa (CasaPark). O grupo vai revisitar cl\u00e1ssicos da obra do compositor como <\/span><i><span style=\"font-weight: 400\">Apesar de voc\u00ea<\/span><\/i><span style=\"font-weight: 400\">, <\/span><i><span style=\"font-weight: 400\">Samba de um grande amor <\/span><\/i><span style=\"font-weight: 400\">e <\/span><i><span style=\"font-weight: 400\">Apesar de voc\u00ea<\/span><\/i><span style=\"font-weight: 400\">. Acesso gratuito.<\/span><\/p>\n<p><b>Mania de Voc\u00ea &#8212;\u00a0 <\/b><span style=\"font-weight: 400\">A obra de Rita Lee ser\u00e1 celebrada amanh\u00e3 (17), \u00e0s 20h, no Infinu Comunidade Criativa (506 Sul), no show <\/span><i><span style=\"font-weight: 400\">Mania de voc\u00ea <\/span><\/i><span style=\"font-weight: 400\">da<\/span> <span style=\"font-weight: 400\">cantora Joana Duah. Ingresso \u00e0 venda no local. N\u00e3o recomendado para menores de 18 anos.<\/span><\/p>\n<figure id=\"attachment_1192\" aria-describedby=\"caption-attachment-1192\" style=\"width: 800px\" class=\"wp-caption aligncenter\"><img loading=\"lazy\" decoding=\"async\" class=\"size-full wp-image-1192\" src=\"https:\/\/blogs.correiobraziliense.com.br\/trilhasonora\/wp-content\/uploads\/sites\/39\/2020\/04\/CBNFOT091020180057.jpg\" alt=\"\" width=\"800\" height=\"547\" srcset=\"https:\/\/blogs.correiobraziliense.com.br\/trilhasonora\/wp-content\/uploads\/sites\/39\/2020\/04\/CBNFOT091020180057.jpg 800w, https:\/\/blogs.correiobraziliense.com.br\/trilhasonora\/wp-content\/uploads\/sites\/39\/2020\/04\/CBNFOT091020180057-300x205.jpg 300w, https:\/\/blogs.correiobraziliense.com.br\/trilhasonora\/wp-content\/uploads\/sites\/39\/2020\/04\/CBNFOT091020180057-768x525.jpg 768w, https:\/\/blogs.correiobraziliense.com.br\/trilhasonora\/wp-content\/uploads\/sites\/39\/2020\/04\/CBNFOT091020180057-550x376.jpg 550w, https:\/\/blogs.correiobraziliense.com.br\/trilhasonora\/wp-content\/uploads\/sites\/39\/2020\/04\/CBNFOT091020180057-230x157.jpg 230w\" sizes=\"auto, (max-width: 800px) 100vw, 800px\" \/><figcaption id=\"caption-attachment-1192\" class=\"wp-caption-text\">Cr\u00e9dito: G.Cassano\/Divulga\u00e7\u00e3o. Hamilton de Holanda.<\/figcaption><\/figure>\n<p><b>Bandolim Solid\u00e1rio &#8212; <\/b><span style=\"font-weight: 400\">Hamilton de Holanda comanda amanh\u00e3 (17), a partir das 20h, no Trato Levino Alc\u00e2ntara da Escola de M\u00fasica (603 Sul) uma grande roda de choro, idealizada pelo irm\u00e3o e violonista Fernando C\u00e9sar. A renda ser\u00e1 revertida para a Abrace. O ingresso custa R$ 40. Classifica\u00e7\u00e3o indicativa livre.<\/span><\/p>\n<figure id=\"attachment_1061\" aria-describedby=\"caption-attachment-1061\" style=\"width: 800px\" class=\"wp-caption aligncenter\"><img loading=\"lazy\" decoding=\"async\" class=\"size-full wp-image-1061\" src=\"https:\/\/blogs.correiobraziliense.com.br\/trilhasonora\/wp-content\/uploads\/sites\/39\/2019\/12\/Toscanini-Heitor-Divulga\u00e7\u00e3o.jpg\" alt=\"\" width=\"800\" height=\"533\" srcset=\"https:\/\/blogs.correiobraziliense.com.br\/trilhasonora\/wp-content\/uploads\/sites\/39\/2019\/12\/Toscanini-Heitor-Divulga\u00e7\u00e3o.jpg 800w, https:\/\/blogs.correiobraziliense.com.br\/trilhasonora\/wp-content\/uploads\/sites\/39\/2019\/12\/Toscanini-Heitor-Divulga\u00e7\u00e3o-300x200.jpg 300w, https:\/\/blogs.correiobraziliense.com.br\/trilhasonora\/wp-content\/uploads\/sites\/39\/2019\/12\/Toscanini-Heitor-Divulga\u00e7\u00e3o-768x512.jpg 768w, https:\/\/blogs.correiobraziliense.com.br\/trilhasonora\/wp-content\/uploads\/sites\/39\/2019\/12\/Toscanini-Heitor-Divulga\u00e7\u00e3o-550x366.jpg 550w, https:\/\/blogs.correiobraziliense.com.br\/trilhasonora\/wp-content\/uploads\/sites\/39\/2019\/12\/Toscanini-Heitor-Divulga\u00e7\u00e3o-230x153.jpg 230w\" sizes=\"auto, (max-width: 800px) 100vw, 800px\" \/><figcaption id=\"caption-attachment-1061\" class=\"wp-caption-text\">Cr\u00e9dito: Toscanini Heitor\/Divulga\u00e7\u00e3o. Samba Urgente<\/figcaption><\/figure>\n<p><b>Samba Urgente &#8212; <\/b><span style=\"font-weight: 400\">Em evento amanh\u00e3 (17), \u00e0s 22h, no Est\u00e1dio Man\u00e9 Garrincha, o coletivo Samba Urgente comanda uma grande roda, com a participa\u00e7\u00e3o de m\u00fasicos brasilienses. O ingresso custa R$ 60.<\/span><\/p>\n","protected":false},"excerpt":{"rendered":"<p>Os shows de Xangai, Paulinho Pedra Azul e Liniker s\u00e3o os destaques da programa\u00e7\u00e3o musical deste fim de semana em Bras\u00edlia. Artistas da cidade tamb\u00e9m se apresentam hoje (16) e amanh\u00e3 (17). Sextas Musicais &#8212; Show do trio formado pelo pianista franc\u00eas Max Oliver Poingt, o baterista Pedrinho Augusto e o baixista Jhoniha Medeiros \u00e9 destaque de hoje (16), com [&hellip;]<\/p>\n","protected":false},"author":84,"featured_media":2519,"comment_status":"open","ping_status":"open","sticky":false,"template":"","format":"standard","meta":{"footnotes":""},"categories":[1],"tags":[],"class_list":["post-2515","post","type-post","status-publish","format-standard","has-post-thumbnail","hentry","category-sem-categoria"],"_links":{"self":[{"href":"https:\/\/blogs.correiobraziliense.com.br\/trilhasonora\/wp-json\/wp\/v2\/posts\/2515","targetHints":{"allow":["GET"]}}],"collection":[{"href":"https:\/\/blogs.correiobraziliense.com.br\/trilhasonora\/wp-json\/wp\/v2\/posts"}],"about":[{"href":"https:\/\/blogs.correiobraziliense.com.br\/trilhasonora\/wp-json\/wp\/v2\/types\/post"}],"author":[{"embeddable":true,"href":"https:\/\/blogs.correiobraziliense.com.br\/trilhasonora\/wp-json\/wp\/v2\/users\/84"}],"replies":[{"embeddable":true,"href":"https:\/\/blogs.correiobraziliense.com.br\/trilhasonora\/wp-json\/wp\/v2\/comments?post=2515"}],"version-history":[{"count":1,"href":"https:\/\/blogs.correiobraziliense.com.br\/trilhasonora\/wp-json\/wp\/v2\/posts\/2515\/revisions"}],"predecessor-version":[{"id":2521,"href":"https:\/\/blogs.correiobraziliense.com.br\/trilhasonora\/wp-json\/wp\/v2\/posts\/2515\/revisions\/2521"}],"wp:featuredmedia":[{"embeddable":true,"href":"https:\/\/blogs.correiobraziliense.com.br\/trilhasonora\/wp-json\/wp\/v2\/media\/2519"}],"wp:attachment":[{"href":"https:\/\/blogs.correiobraziliense.com.br\/trilhasonora\/wp-json\/wp\/v2\/media?parent=2515"}],"wp:term":[{"taxonomy":"category","embeddable":true,"href":"https:\/\/blogs.correiobraziliense.com.br\/trilhasonora\/wp-json\/wp\/v2\/categories?post=2515"},{"taxonomy":"post_tag","embeddable":true,"href":"https:\/\/blogs.correiobraziliense.com.br\/trilhasonora\/wp-json\/wp\/v2\/tags?post=2515"}],"curies":[{"name":"wp","href":"https:\/\/api.w.org\/{rel}","templated":true}]}}