{"id":2506,"date":"2022-12-09T09:36:35","date_gmt":"2022-12-09T12:36:35","guid":{"rendered":"https:\/\/blogs.correiobraziliense.com.br\/trilhasonora\/?p=2506"},"modified":"2022-12-09T09:36:35","modified_gmt":"2022-12-09T12:36:35","slug":"confira-as-atracoes-musicais-em-brasilia-de-9-a-11-de-dezembro","status":"publish","type":"post","link":"https:\/\/blogs.correiobraziliense.com.br\/trilhasonora\/confira-as-atracoes-musicais-em-brasilia-de-9-a-11-de-dezembro\/","title":{"rendered":"Confira as atra\u00e7\u00f5es musicais em Bras\u00edlia de 9 a 11 de dezembro"},"content":{"rendered":"<p>Teresa Cristina, Nelson Rufino, Thiaguinho, Timbalada e Guilherme Arantes s\u00e3o algumas das atra\u00e7\u00f5es da programa\u00e7\u00e3o musical deste fim de semana em Bras\u00edlia.<\/p>\n<p><strong>Quintal do Samba &#8212;<\/strong> Teresa Cristina um dos nomes de maior destaque da m\u00fasica popular brasileira atualmente \u00e9 a atra\u00e7\u00e3o do Quintal do Samba que ocorre hoje (9), a partir das 11h, na Acad\u00eamicos da Asa Norte (Setor de Clubes Norte). A cantora e compositora carioca vai ser acompanhada pelo grupo 7 na Roda. H\u00e1 a participa\u00e7\u00e3o da sambista Teresa Lopes. O ingresso custa R$ 45. Informa\u00e7\u00f5es: 999687636. N\u00e3o recomendado para menores de 18 anos.<\/p>\n<p><strong>Roda de Viola &#8212;<\/strong> A Orquestra Roda de Viola se apresenta hoje (9), \u00e0s 20h30, no Espa\u00e7o Cultural do Choro, tendo como convidado especial o violeiro Marcos Mesquita. O grupo toca toadas, folias e cururus. Ingressos no local. Classifica\u00e7\u00e3o indicativa livre.<\/p>\n<figure id=\"attachment_2161\" aria-describedby=\"caption-attachment-2161\" style=\"width: 800px\" class=\"wp-caption aligncenter\"><img loading=\"lazy\" decoding=\"async\" class=\"size-full wp-image-2161\" src=\"https:\/\/blogs.correiobraziliense.com.br\/trilhasonora\/wp-content\/uploads\/sites\/39\/2022\/04\/TICO-MORAIS.jpeg\" alt=\"\" width=\"800\" height=\"533\" srcset=\"https:\/\/blogs.correiobraziliense.com.br\/trilhasonora\/wp-content\/uploads\/sites\/39\/2022\/04\/TICO-MORAIS.jpeg 800w, https:\/\/blogs.correiobraziliense.com.br\/trilhasonora\/wp-content\/uploads\/sites\/39\/2022\/04\/TICO-MORAIS-300x200.jpeg 300w, https:\/\/blogs.correiobraziliense.com.br\/trilhasonora\/wp-content\/uploads\/sites\/39\/2022\/04\/TICO-MORAIS-768x512.jpeg 768w, https:\/\/blogs.correiobraziliense.com.br\/trilhasonora\/wp-content\/uploads\/sites\/39\/2022\/04\/TICO-MORAIS-550x366.jpeg 550w, https:\/\/blogs.correiobraziliense.com.br\/trilhasonora\/wp-content\/uploads\/sites\/39\/2022\/04\/TICO-MORAIS-230x153.jpeg 230w\" sizes=\"auto, (max-width: 800px) 100vw, 800px\" \/><figcaption id=\"caption-attachment-2161\" class=\"wp-caption-text\">Cr\u00e9dito: Conjunto Nacional\/Divulga\u00e7\u00e3o. Tico de Moraes<\/figcaption><\/figure>\n<p><strong>Em tributo &#8212;<\/strong> <em>Saigon<\/em>, um cl\u00e1ssico do legado de Em\u00edlio Santiago, \u00e9 o t\u00edtulo do show que Tico de Moraes far\u00e1 hoje (9), \u00e0s 20h, em tributo ao saudoso cantor carioca, pelo projeto <em>Sextas Musicais<\/em> da Casa Thomas Jefferson Hall (entrequadra 706\/906 Sul). Ele tem a companhia de Alexandre Raichenk (teclado e saxofone) e Misael Barros (bateria). O acesso \u00e9 gratuito. Classifica\u00e7\u00e3o indicativo livre.<\/p>\n<figure id=\"attachment_2509\" aria-describedby=\"caption-attachment-2509\" style=\"width: 800px\" class=\"wp-caption aligncenter\"><img loading=\"lazy\" decoding=\"async\" class=\"size-full wp-image-2509\" src=\"https:\/\/blogs.correiobraziliense.com.br\/trilhasonora\/wp-content\/uploads\/sites\/39\/2022\/12\/Brena-Lee.jpeg\" alt=\"\" width=\"800\" height=\"533\" srcset=\"https:\/\/blogs.correiobraziliense.com.br\/trilhasonora\/wp-content\/uploads\/sites\/39\/2022\/12\/Brena-Lee.jpeg 800w, https:\/\/blogs.correiobraziliense.com.br\/trilhasonora\/wp-content\/uploads\/sites\/39\/2022\/12\/Brena-Lee-300x200.jpeg 300w, https:\/\/blogs.correiobraziliense.com.br\/trilhasonora\/wp-content\/uploads\/sites\/39\/2022\/12\/Brena-Lee-768x512.jpeg 768w, https:\/\/blogs.correiobraziliense.com.br\/trilhasonora\/wp-content\/uploads\/sites\/39\/2022\/12\/Brena-Lee-550x366.jpeg 550w, https:\/\/blogs.correiobraziliense.com.br\/trilhasonora\/wp-content\/uploads\/sites\/39\/2022\/12\/Brena-Lee-230x153.jpeg 230w\" sizes=\"auto, (max-width: 800px) 100vw, 800px\" \/><figcaption id=\"caption-attachment-2509\" class=\"wp-caption-text\">Brena Lee. Cr\u00e9dito: Arquivo pessoal<\/figcaption><\/figure>\n<p><strong>Pop e Rock &#8212;<\/strong> Em show de voz e viol\u00e3o, hoje (9), \u00e0s 20h30, Brena Lee visita cl\u00e1ssicos do pop e do rock nacional e internacional na Taberna Lusitana (412 Sul, Bloco C, Loja 17). O ingresso \u00e9 de R$ 20.<\/p>\n<figure id=\"attachment_2508\" aria-describedby=\"caption-attachment-2508\" style=\"width: 800px\" class=\"wp-caption aligncenter\"><img loading=\"lazy\" decoding=\"async\" class=\"wp-image-2508 size-full\" src=\"https:\/\/blogs.correiobraziliense.com.br\/trilhasonora\/wp-content\/uploads\/sites\/39\/2022\/12\/Timbalada_Perfexx-Divulga\u00e7\u00e3o.jpg\" alt=\"\" width=\"800\" height=\"450\" srcset=\"https:\/\/blogs.correiobraziliense.com.br\/trilhasonora\/wp-content\/uploads\/sites\/39\/2022\/12\/Timbalada_Perfexx-Divulga\u00e7\u00e3o.jpg 800w, https:\/\/blogs.correiobraziliense.com.br\/trilhasonora\/wp-content\/uploads\/sites\/39\/2022\/12\/Timbalada_Perfexx-Divulga\u00e7\u00e3o-300x169.jpg 300w, https:\/\/blogs.correiobraziliense.com.br\/trilhasonora\/wp-content\/uploads\/sites\/39\/2022\/12\/Timbalada_Perfexx-Divulga\u00e7\u00e3o-768x432.jpg 768w, https:\/\/blogs.correiobraziliense.com.br\/trilhasonora\/wp-content\/uploads\/sites\/39\/2022\/12\/Timbalada_Perfexx-Divulga\u00e7\u00e3o-550x309.jpg 550w, https:\/\/blogs.correiobraziliense.com.br\/trilhasonora\/wp-content\/uploads\/sites\/39\/2022\/12\/Timbalada_Perfexx-Divulga\u00e7\u00e3o-230x129.jpg 230w\" sizes=\"auto, (max-width: 800px) 100vw, 800px\" \/><figcaption id=\"caption-attachment-2508\" class=\"wp-caption-text\">Timbalada. Cr\u00e9dito: Perfexx\/Divulga\u00e7\u00e3o<\/figcaption><\/figure>\n<p><strong>Batuque baiano &#8212;<\/strong> A Timbalada \u00e9 a atra\u00e7\u00e3o de amanh\u00e3 (10), \u00e0s 21h, pelo projeto Folia e Carnaval do Caf\u00e9 de La Musique (Orla Sul do Lago Parano\u00e1, ao lado do Pier 21). H\u00e1 a participa\u00e7\u00e3o de Xande Harmonia. N\u00e3o recomendado para menores de 18 anos.<\/p>\n<figure id=\"attachment_2215\" aria-describedby=\"caption-attachment-2215\" style=\"width: 640px\" class=\"wp-caption aligncenter\"><img loading=\"lazy\" decoding=\"async\" class=\"size-full wp-image-2215\" src=\"https:\/\/blogs.correiobraziliense.com.br\/trilhasonora\/wp-content\/uploads\/sites\/39\/2022\/06\/Divulga\u00e7\u00e3o-Flickr_Jeso-Carneiro-_Thiaguinho.jpg\" alt=\"\" width=\"640\" height=\"428\" srcset=\"https:\/\/blogs.correiobraziliense.com.br\/trilhasonora\/wp-content\/uploads\/sites\/39\/2022\/06\/Divulga\u00e7\u00e3o-Flickr_Jeso-Carneiro-_Thiaguinho.jpg 640w, https:\/\/blogs.correiobraziliense.com.br\/trilhasonora\/wp-content\/uploads\/sites\/39\/2022\/06\/Divulga\u00e7\u00e3o-Flickr_Jeso-Carneiro-_Thiaguinho-300x201.jpg 300w, https:\/\/blogs.correiobraziliense.com.br\/trilhasonora\/wp-content\/uploads\/sites\/39\/2022\/06\/Divulga\u00e7\u00e3o-Flickr_Jeso-Carneiro-_Thiaguinho-550x368.jpg 550w, https:\/\/blogs.correiobraziliense.com.br\/trilhasonora\/wp-content\/uploads\/sites\/39\/2022\/06\/Divulga\u00e7\u00e3o-Flickr_Jeso-Carneiro-_Thiaguinho-230x154.jpg 230w\" sizes=\"auto, (max-width: 640px) 100vw, 640px\" \/><figcaption id=\"caption-attachment-2215\" class=\"wp-caption-text\">Cr\u00e9dito: Jeso Carneiro\/Divulga\u00e7\u00e3o. Thiaguinho<\/figcaption><\/figure>\n<p><strong>Vibra Brasil &#8212;<\/strong> Show de Thiaguinho amanh\u00e3 (10) na Bothanic (Setor de Clubes Sul, Conjunto 17\/ Orla Sul do Lago Parano\u00e1) pelo projeto Vibra Brasil. A programa\u00e7\u00e3o tem in\u00edcio 17h. Ingresso: R$ 250. N\u00e3o recomendado para menores de 18 anos.<\/p>\n<figure id=\"attachment_2510\" aria-describedby=\"caption-attachment-2510\" style=\"width: 800px\" class=\"wp-caption aligncenter\"><img loading=\"lazy\" decoding=\"async\" class=\"size-full wp-image-2510\" src=\"https:\/\/blogs.correiobraziliense.com.br\/trilhasonora\/wp-content\/uploads\/sites\/39\/2022\/12\/b6c43634-7fc1-40b5-98dc-a9a07916e324.jpg\" alt=\"\" width=\"800\" height=\"495\" srcset=\"https:\/\/blogs.correiobraziliense.com.br\/trilhasonora\/wp-content\/uploads\/sites\/39\/2022\/12\/b6c43634-7fc1-40b5-98dc-a9a07916e324.jpg 800w, https:\/\/blogs.correiobraziliense.com.br\/trilhasonora\/wp-content\/uploads\/sites\/39\/2022\/12\/b6c43634-7fc1-40b5-98dc-a9a07916e324-300x186.jpg 300w, https:\/\/blogs.correiobraziliense.com.br\/trilhasonora\/wp-content\/uploads\/sites\/39\/2022\/12\/b6c43634-7fc1-40b5-98dc-a9a07916e324-768x475.jpg 768w, https:\/\/blogs.correiobraziliense.com.br\/trilhasonora\/wp-content\/uploads\/sites\/39\/2022\/12\/b6c43634-7fc1-40b5-98dc-a9a07916e324-550x340.jpg 550w, https:\/\/blogs.correiobraziliense.com.br\/trilhasonora\/wp-content\/uploads\/sites\/39\/2022\/12\/b6c43634-7fc1-40b5-98dc-a9a07916e324-230x142.jpg 230w\" sizes=\"auto, (max-width: 800px) 100vw, 800px\" \/><figcaption id=\"caption-attachment-2510\" class=\"wp-caption-text\">Nelson Rufino. Cr\u00e9dito: Marco Shukster\/Divulga\u00e7\u00e3o<\/figcaption><\/figure>\n<p><strong>Nelson Rufino &#8212;<\/strong> O veterano cantor e compositor baiano Nelson Rufino se apresenta amanh\u00e3 (10), \u00e0s 20h, no Feiti\u00e7o das Artes (306 Norte) e leva ao p\u00fablico cl\u00e1ssicos como<em> Todo menino \u00e9 um rei<\/em> e <em>Verdade<\/em>, acompanhado por Beto Cardoso (viol\u00e3o), Augustinho (pandeiro) e participa\u00e7\u00e3o de Kathiele Santos. Couvert art\u00edstico: R$ 35. N\u00e3o recomendado para menores de 18 anos.<\/p>\n<p><iframe loading=\"lazy\" title=\"Adriano Salhab Canta Drummond - teaser\" width=\"1440\" height=\"810\" src=\"https:\/\/www.youtube.com\/embed\/XeHoFM4R2Vg?feature=oembed\" frameborder=\"0\" allow=\"accelerometer; autoplay; clipboard-write; encrypted-media; gyroscope; picture-in-picture; web-share\" referrerpolicy=\"strict-origin-when-cross-origin\" allowfullscreen><\/iframe><\/p>\n<p><strong>Cl\u00e1ssicos de Drummond &#8212;<\/strong> Em espet\u00e1culo em que a m\u00fasica e a poesia estar\u00e3o em destaque, Adriano Salhab canta, toca viol\u00e3o, viola, guitarra, baixo e recita poemas cl\u00e1ssicos de Carlos Drummond de Andrade. A apresenta\u00e7\u00e3o ser\u00e1 amanh\u00e3 (10), \u00e0s 19h, no Espa\u00e7o Cultural Renato Russo (508 Sul). Ingressos a R$ 40 e R$ 20 (meia-entrada). Classifica\u00e7\u00e3o indicativa livre.<\/p>\n<figure id=\"attachment_2512\" aria-describedby=\"caption-attachment-2512\" style=\"width: 500px\" class=\"wp-caption aligncenter\"><img loading=\"lazy\" decoding=\"async\" class=\"size-full wp-image-2512\" src=\"https:\/\/blogs.correiobraziliense.com.br\/trilhasonora\/wp-content\/uploads\/sites\/39\/2022\/12\/20141006193244488419i.jpg\" alt=\"\" width=\"500\" height=\"333\" srcset=\"https:\/\/blogs.correiobraziliense.com.br\/trilhasonora\/wp-content\/uploads\/sites\/39\/2022\/12\/20141006193244488419i.jpg 500w, https:\/\/blogs.correiobraziliense.com.br\/trilhasonora\/wp-content\/uploads\/sites\/39\/2022\/12\/20141006193244488419i-300x200.jpg 300w, https:\/\/blogs.correiobraziliense.com.br\/trilhasonora\/wp-content\/uploads\/sites\/39\/2022\/12\/20141006193244488419i-230x153.jpg 230w\" sizes=\"auto, (max-width: 500px) 100vw, 500px\" \/><figcaption id=\"caption-attachment-2512\" class=\"wp-caption-text\">Kris Maciel<\/figcaption><\/figure>\n<p><strong>Samba e Feijoada &#8212;<\/strong> Kris Maciel canta amanh\u00e3 (10), acompanhada pelo grupo da casa na roda de samba regada a feijoada do Caf\u00e9 Musical do Clube do Choro (Eixo Monumental). Couvert art\u00edstico: R$ 15. Buf\u00ea da feijoada: R$ 49,50.Classifica\u00e7\u00e3o indicativa livre.<\/p>\n<figure id=\"attachment_29\" aria-describedby=\"caption-attachment-29\" style=\"width: 1200px\" class=\"wp-caption aligncenter\"><img loading=\"lazy\" decoding=\"async\" class=\"size-full wp-image-29\" src=\"https:\/\/blogs.correiobraziliense.com.br\/trilhasonora\/wp-content\/uploads\/sites\/39\/2017\/10\/Planeta-\u00e1gua.jpg\" alt=\"Cantor Guilherme Arantes, autor de Planeta \u00e1gua\" width=\"1200\" height=\"650\" srcset=\"https:\/\/blogs.correiobraziliense.com.br\/trilhasonora\/wp-content\/uploads\/sites\/39\/2017\/10\/Planeta-\u00e1gua.jpg 1200w, https:\/\/blogs.correiobraziliense.com.br\/trilhasonora\/wp-content\/uploads\/sites\/39\/2017\/10\/Planeta-\u00e1gua-300x163.jpg 300w, https:\/\/blogs.correiobraziliense.com.br\/trilhasonora\/wp-content\/uploads\/sites\/39\/2017\/10\/Planeta-\u00e1gua-768x416.jpg 768w, https:\/\/blogs.correiobraziliense.com.br\/trilhasonora\/wp-content\/uploads\/sites\/39\/2017\/10\/Planeta-\u00e1gua-1024x555.jpg 1024w, https:\/\/blogs.correiobraziliense.com.br\/trilhasonora\/wp-content\/uploads\/sites\/39\/2017\/10\/Planeta-\u00e1gua-550x298.jpg 550w, https:\/\/blogs.correiobraziliense.com.br\/trilhasonora\/wp-content\/uploads\/sites\/39\/2017\/10\/Planeta-\u00e1gua-230x125.jpg 230w\" sizes=\"auto, (max-width: 1200px) 100vw, 1200px\" \/><figcaption id=\"caption-attachment-29\" class=\"wp-caption-text\">Credito: Daryan Dornelles\/Divulga\u00e7\u00e3o<\/figcaption><\/figure>\n<p><strong>Planeta \u00c1gua &#8212;<\/strong> Em turn\u00ea pelo pa\u00eds com o show <em>Planeta \u00c1gua<\/em>, o cantor e compositor Guilherme Arantes se apresenta amanh\u00e3 (10) e domingo (11), \u00e0s 20h, no teatro Sesc Garagem (913 Sul), cantando cl\u00e1ssicos de sua obra como <em>Amanh\u00e3<\/em>, <em>Brincar de viver,<\/em> <em>Cheia de charme<\/em>, <em>Lindo bal\u00e3o azul<\/em>, Meu mundo e nada mais e ,claro, <em>Planeta \u00c1gua<\/em>. Os ingresos j\u00e1 est\u00e3o esgotados. Classifica\u00e7\u00e3o indicativa livre.<\/p>\n<figure id=\"attachment_2511\" aria-describedby=\"caption-attachment-2511\" style=\"width: 675px\" class=\"wp-caption aligncenter\"><img loading=\"lazy\" decoding=\"async\" class=\"size-full wp-image-2511\" src=\"https:\/\/blogs.correiobraziliense.com.br\/trilhasonora\/wp-content\/uploads\/sites\/39\/2022\/12\/1_remobilia_ponto_final_capa___credito_joy_ballard_e_andre_gonzales-26022237.jpg\" alt=\"\" width=\"675\" height=\"450\" srcset=\"https:\/\/blogs.correiobraziliense.com.br\/trilhasonora\/wp-content\/uploads\/sites\/39\/2022\/12\/1_remobilia_ponto_final_capa___credito_joy_ballard_e_andre_gonzales-26022237.jpg 675w, https:\/\/blogs.correiobraziliense.com.br\/trilhasonora\/wp-content\/uploads\/sites\/39\/2022\/12\/1_remobilia_ponto_final_capa___credito_joy_ballard_e_andre_gonzales-26022237-300x200.jpg 300w, https:\/\/blogs.correiobraziliense.com.br\/trilhasonora\/wp-content\/uploads\/sites\/39\/2022\/12\/1_remobilia_ponto_final_capa___credito_joy_ballard_e_andre_gonzales-26022237-550x367.jpg 550w, https:\/\/blogs.correiobraziliense.com.br\/trilhasonora\/wp-content\/uploads\/sites\/39\/2022\/12\/1_remobilia_ponto_final_capa___credito_joy_ballard_e_andre_gonzales-26022237-230x153.jpg 230w\" sizes=\"auto, (max-width: 675px) 100vw, 675px\" \/><figcaption id=\"caption-attachment-2511\" class=\"wp-caption-text\">cr\u00e9dito: Joy Ballard\/Reprodu\u00e7\u00e3o<\/figcaption><\/figure>\n<p><strong>Ponto final &#8212;<\/strong> A banda Remob\u00edlia, projeto de ex-integrantes da M\u00f3veis Coloniais de Acaju, ocupa o palco do Espa\u00e7o Casa (CasaPark) no domingo (11), \u00e0s 17h. O grupo aproveita o show para tocar o repert\u00f3rio do \u00e1lbum <em>Ponto Final<\/em>. A entrada \u00e9 gratuita.<\/p>\n","protected":false},"excerpt":{"rendered":"<p>Teresa Cristina, Nelson Rufino, Thiaguinho, Timbalada e Guilherme Arantes s\u00e3o algumas das atra\u00e7\u00f5es da programa\u00e7\u00e3o musical deste fim de semana em Bras\u00edlia. Quintal do Samba &#8212; Teresa Cristina um dos nomes de maior destaque da m\u00fasica popular brasileira atualmente \u00e9 a atra\u00e7\u00e3o do Quintal do Samba que ocorre hoje (9), a partir das 11h, na Acad\u00eamicos da Asa Norte (Setor [&hellip;]<\/p>\n","protected":false},"author":84,"featured_media":2507,"comment_status":"open","ping_status":"open","sticky":false,"template":"","format":"standard","meta":{"footnotes":""},"categories":[113],"tags":[],"class_list":["post-2506","post","type-post","status-publish","format-standard","has-post-thumbnail","hentry","category-materia"],"_links":{"self":[{"href":"https:\/\/blogs.correiobraziliense.com.br\/trilhasonora\/wp-json\/wp\/v2\/posts\/2506","targetHints":{"allow":["GET"]}}],"collection":[{"href":"https:\/\/blogs.correiobraziliense.com.br\/trilhasonora\/wp-json\/wp\/v2\/posts"}],"about":[{"href":"https:\/\/blogs.correiobraziliense.com.br\/trilhasonora\/wp-json\/wp\/v2\/types\/post"}],"author":[{"embeddable":true,"href":"https:\/\/blogs.correiobraziliense.com.br\/trilhasonora\/wp-json\/wp\/v2\/users\/84"}],"replies":[{"embeddable":true,"href":"https:\/\/blogs.correiobraziliense.com.br\/trilhasonora\/wp-json\/wp\/v2\/comments?post=2506"}],"version-history":[{"count":1,"href":"https:\/\/blogs.correiobraziliense.com.br\/trilhasonora\/wp-json\/wp\/v2\/posts\/2506\/revisions"}],"predecessor-version":[{"id":2513,"href":"https:\/\/blogs.correiobraziliense.com.br\/trilhasonora\/wp-json\/wp\/v2\/posts\/2506\/revisions\/2513"}],"wp:featuredmedia":[{"embeddable":true,"href":"https:\/\/blogs.correiobraziliense.com.br\/trilhasonora\/wp-json\/wp\/v2\/media\/2507"}],"wp:attachment":[{"href":"https:\/\/blogs.correiobraziliense.com.br\/trilhasonora\/wp-json\/wp\/v2\/media?parent=2506"}],"wp:term":[{"taxonomy":"category","embeddable":true,"href":"https:\/\/blogs.correiobraziliense.com.br\/trilhasonora\/wp-json\/wp\/v2\/categories?post=2506"},{"taxonomy":"post_tag","embeddable":true,"href":"https:\/\/blogs.correiobraziliense.com.br\/trilhasonora\/wp-json\/wp\/v2\/tags?post=2506"}],"curies":[{"name":"wp","href":"https:\/\/api.w.org\/{rel}","templated":true}]}}