{"id":2485,"date":"2022-11-25T07:28:58","date_gmt":"2022-11-25T10:28:58","guid":{"rendered":"https:\/\/blogs.correiobraziliense.com.br\/trilhasonora\/?p=2485"},"modified":"2022-11-25T07:39:16","modified_gmt":"2022-11-25T10:39:16","slug":"quinteto-violada-comanda-a-programacao-do-fim-de-semana","status":"publish","type":"post","link":"https:\/\/blogs.correiobraziliense.com.br\/trilhasonora\/quinteto-violada-comanda-a-programacao-do-fim-de-semana\/","title":{"rendered":"Quinteto Violada comanda a programa\u00e7\u00e3o do fim de semana"},"content":{"rendered":"<p>O show comemorativo dos 50 anos do Quinteto Violado hoje (25\/11) e amanh\u00e3 (26), no Clube do Choro \u00e9 a atra\u00e7\u00e3o principal na agenda musical deste fim de semana em Bras\u00edlia. Outro destaque \u00e9 a apresenta\u00e7\u00e3o de Indiana Nomma em <em>Divas do Jazz 2<\/em>, amanh\u00e3 (26), no Infinu Comunidade Criativa.<\/p>\n<p><strong>Makossa + Criolina &#8212;<\/strong> Festa como parte da programa\u00e7\u00e3o relativa \u00e0 Copa do Mundo, o Budx BSB recebe hoje (25) evento promovida pela Makossa e o coletivo Criolina, com show de Marina Sena, Black Alien e bloco Divinas Tetas, na Arena BRB Man\u00e9 Garrincha. O ingresso custa R$ 120, \u00e0 venda no site Sympla. N\u00e3o recomendado para menores de 18 anos.<\/p>\n<p><strong>Sextas musicais &#8212; O<\/strong> violonista Jaime Ernest Dias leva seu trabalho autoral para o palco da Casa Thomas Jefferson Hall (entrequadra 706\/906 Sul), hoje (25), \u00e0s 20h. Ele vai tocar choro, valsa, bai\u00e3o e frevo, acompanhado por Oswaldo Amorim (contrabaixo), S\u00e9rgio Morais (flauta) e Eriv\u00e9lton Silva (bateria). O acesso \u00e9 gratuito. Classifica\u00e7\u00e3o indicativa livre.<\/p>\n<p><strong>Tour Livre &#8212;<\/strong> A cantora Wanessa Camargo faz show hoje (25), \u00e0 meia-noite, na boate Victoria Haus (Setor de Oficinas Norte). Abertura da casa \u00e9 \u00e0s 21h. Ingresso R$ 45, \u00e0 venda no local. N\u00e3o recomendado para menores de 18 anos.<\/p>\n<figure id=\"attachment_2492\" aria-describedby=\"caption-attachment-2492\" style=\"width: 1280px\" class=\"wp-caption aligncenter\"><img loading=\"lazy\" decoding=\"async\" class=\"size-full wp-image-2492\" src=\"https:\/\/blogs.correiobraziliense.com.br\/trilhasonora\/wp-content\/uploads\/sites\/39\/2022\/11\/Daniel-Baker.jpeg\" alt=\"\" width=\"1280\" height=\"800\" srcset=\"https:\/\/blogs.correiobraziliense.com.br\/trilhasonora\/wp-content\/uploads\/sites\/39\/2022\/11\/Daniel-Baker.jpeg 1280w, https:\/\/blogs.correiobraziliense.com.br\/trilhasonora\/wp-content\/uploads\/sites\/39\/2022\/11\/Daniel-Baker-300x188.jpeg 300w, https:\/\/blogs.correiobraziliense.com.br\/trilhasonora\/wp-content\/uploads\/sites\/39\/2022\/11\/Daniel-Baker-768x480.jpeg 768w, https:\/\/blogs.correiobraziliense.com.br\/trilhasonora\/wp-content\/uploads\/sites\/39\/2022\/11\/Daniel-Baker-1024x640.jpeg 1024w, https:\/\/blogs.correiobraziliense.com.br\/trilhasonora\/wp-content\/uploads\/sites\/39\/2022\/11\/Daniel-Baker-800x500.jpeg 800w, https:\/\/blogs.correiobraziliense.com.br\/trilhasonora\/wp-content\/uploads\/sites\/39\/2022\/11\/Daniel-Baker-550x344.jpeg 550w, https:\/\/blogs.correiobraziliense.com.br\/trilhasonora\/wp-content\/uploads\/sites\/39\/2022\/11\/Daniel-Baker-230x144.jpeg 230w\" sizes=\"auto, (max-width: 1280px) 100vw, 1280px\" \/><figcaption id=\"caption-attachment-2492\" class=\"wp-caption-text\">Daniel Baker. Cr\u00e9dito: Carolina Georgia\/Divulga\u00e7\u00e3o<\/figcaption><\/figure>\n<p><strong>Esta\u00e7\u00e3o do Choro &#8212;<\/strong> Roda de choro com a participa\u00e7\u00e3o de Rafael Bandol, Daniel Baker, Vinicius Vianna, Pedro Molusco e Gabriel Carneiro ocorre hoje (25), a partir das 20h, no teatro do Sesc, na 504 Sul. Ingresso a R$ 20. Classifica\u00e7\u00e3o indicativa livre.<\/p>\n<p><strong>Blues da coragem &#8212;<\/strong> Cantor, compositor e produtor Walter Muganga faz show hoje (25), para lan\u00e7ar o single Blues da Coragem, no Galp\u00e3o 17 (SIA, \u00c1rea Especial G, Conjunto A). A programa\u00e7\u00e3o com a apresenta\u00e7\u00e3o de outros m\u00fasicos tem in\u00edcio \u00e0s 16h. N\u00e3o recomendado para menores de 18 anos. Ingressos no local.<\/p>\n<p><strong>Tempo &#8212; 50 Anos do Quinteto Violado &#8212;<\/strong> Em turn\u00ea com o show comemorativo dos 50 anos, o Quinteto Violado se apesenta hoje (25) e amanh\u00e3 (26), \u00e0s 21h, no Espa\u00e7o Cultural do Choro (Eixo Mundial). O grupo, com dire\u00e7\u00e3o geral de Pedro Francisco de Suza e dire\u00e7\u00e3o musical de Dudu Alves, passeia por repert\u00f3rio que inclui cl\u00e1ssicos como <em>Cavalo Marinho<\/em>, <em>Rio Capibaribe<\/em> e <em>Ofert\u00f3rio<\/em>, al\u00e9m da releitura de <em>Asa Branca<\/em> (Luiz Gonzaga) e <em>Disparada<\/em> (Geraldo Vandr\u00e9). Ingressos \u00e0 venda no local. Classifica\u00e7\u00e3o indicativa livre.<\/p>\n<figure id=\"attachment_2493\" aria-describedby=\"caption-attachment-2493\" style=\"width: 800px\" class=\"wp-caption aligncenter\"><img loading=\"lazy\" decoding=\"async\" class=\"size-full wp-image-2493\" src=\"https:\/\/blogs.correiobraziliense.com.br\/trilhasonora\/wp-content\/uploads\/sites\/39\/2022\/11\/Espet\u00e1culo-Vinicius-Foto-de-Yasmin-Velloso-20.jpg\" alt=\"\" width=\"800\" height=\"534\" srcset=\"https:\/\/blogs.correiobraziliense.com.br\/trilhasonora\/wp-content\/uploads\/sites\/39\/2022\/11\/Espet\u00e1culo-Vinicius-Foto-de-Yasmin-Velloso-20.jpg 800w, https:\/\/blogs.correiobraziliense.com.br\/trilhasonora\/wp-content\/uploads\/sites\/39\/2022\/11\/Espet\u00e1culo-Vinicius-Foto-de-Yasmin-Velloso-20-300x200.jpg 300w, https:\/\/blogs.correiobraziliense.com.br\/trilhasonora\/wp-content\/uploads\/sites\/39\/2022\/11\/Espet\u00e1culo-Vinicius-Foto-de-Yasmin-Velloso-20-768x513.jpg 768w, https:\/\/blogs.correiobraziliense.com.br\/trilhasonora\/wp-content\/uploads\/sites\/39\/2022\/11\/Espet\u00e1culo-Vinicius-Foto-de-Yasmin-Velloso-20-550x367.jpg 550w, https:\/\/blogs.correiobraziliense.com.br\/trilhasonora\/wp-content\/uploads\/sites\/39\/2022\/11\/Espet\u00e1culo-Vinicius-Foto-de-Yasmin-Velloso-20-230x154.jpg 230w\" sizes=\"auto, (max-width: 800px) 100vw, 800px\" \/><figcaption id=\"caption-attachment-2493\" class=\"wp-caption-text\">Cr\u00e9dito: Yasmin Velloso\/Divulga\u00e7\u00e3o<\/figcaption><\/figure>\n<p><strong>Vinicius &#8212;<\/strong> O musical que focaliza a vida e a obra de Vinicius de Moraes, dirigido por Abaet\u00ea Queiroz, est\u00e1 de volta ao Teatro Mapati (707 Norte, Bloco K, Casa 13), com apresenta\u00e7\u00f5es hoje (25) e amanh\u00e3 (26), \u00e0s 19h. Do roteiro est\u00e3o presentes cl\u00e1ssicos do Poetinha e de Tom Jobim como <em>\u00c1gua de beber<\/em>, <em>Chega de saudade<\/em> e <em>Garota de Ipanema<\/em>. Ingresso a R$ 100. N\u00e3o recomendado para menores de 18 anos.<\/p>\n<figure id=\"attachment_2491\" aria-describedby=\"caption-attachment-2491\" style=\"width: 882px\" class=\"wp-caption aligncenter\"><img loading=\"lazy\" decoding=\"async\" class=\"size-full wp-image-2491\" src=\"https:\/\/blogs.correiobraziliense.com.br\/trilhasonora\/wp-content\/uploads\/sites\/39\/2022\/11\/denisar.jpg\" alt=\"\" width=\"882\" height=\"635\" srcset=\"https:\/\/blogs.correiobraziliense.com.br\/trilhasonora\/wp-content\/uploads\/sites\/39\/2022\/11\/denisar.jpg 882w, https:\/\/blogs.correiobraziliense.com.br\/trilhasonora\/wp-content\/uploads\/sites\/39\/2022\/11\/denisar-300x216.jpg 300w, https:\/\/blogs.correiobraziliense.com.br\/trilhasonora\/wp-content\/uploads\/sites\/39\/2022\/11\/denisar-768x553.jpg 768w, https:\/\/blogs.correiobraziliense.com.br\/trilhasonora\/wp-content\/uploads\/sites\/39\/2022\/11\/denisar-800x576.jpg 800w, https:\/\/blogs.correiobraziliense.com.br\/trilhasonora\/wp-content\/uploads\/sites\/39\/2022\/11\/denisar-550x396.jpg 550w, https:\/\/blogs.correiobraziliense.com.br\/trilhasonora\/wp-content\/uploads\/sites\/39\/2022\/11\/denisar-230x166.jpg 230w\" sizes=\"auto, (max-width: 882px) 100vw, 882px\" \/><figcaption id=\"caption-attachment-2491\" class=\"wp-caption-text\">Denisar Carvalho. Cr\u00e9dito: Arquivo pessoal<\/figcaption><\/figure>\n<p><strong>M\u00fasica em Conjunto &#8212;<\/strong> A programa\u00e7\u00e3o tem in\u00edcio hoje (25), \u00e0s 19h, com show do cantor e multi-instrumentista Denisar Carvalho. S\u00e1bado (26), \u00e0s 13h, se apresenta o instrumentista Bleyvs e \u00e0s 16h30, a banda N\u00e1ia do Soul. No domingo (27), tem o Baile do Magnata, comandado poe Paulo Manata; e \u00e0s 15h30, show de Brena Lee e Milenne K, cantando MPB e soul music. A entrada \u00e9 franca. Classifica\u00e7\u00e3o indicativa livre.<\/p>\n<figure id=\"attachment_2488\" aria-describedby=\"caption-attachment-2488\" style=\"width: 800px\" class=\"wp-caption aligncenter\"><img loading=\"lazy\" decoding=\"async\" class=\"wp-image-2488 size-full\" src=\"https:\/\/blogs.correiobraziliense.com.br\/trilhasonora\/wp-content\/uploads\/sites\/39\/2022\/11\/WhatsApp-Image-2022-11-22-at-15.18.23.jpeg\" alt=\"\" width=\"800\" height=\"552\" srcset=\"https:\/\/blogs.correiobraziliense.com.br\/trilhasonora\/wp-content\/uploads\/sites\/39\/2022\/11\/WhatsApp-Image-2022-11-22-at-15.18.23.jpeg 800w, https:\/\/blogs.correiobraziliense.com.br\/trilhasonora\/wp-content\/uploads\/sites\/39\/2022\/11\/WhatsApp-Image-2022-11-22-at-15.18.23-300x207.jpeg 300w, https:\/\/blogs.correiobraziliense.com.br\/trilhasonora\/wp-content\/uploads\/sites\/39\/2022\/11\/WhatsApp-Image-2022-11-22-at-15.18.23-768x530.jpeg 768w, https:\/\/blogs.correiobraziliense.com.br\/trilhasonora\/wp-content\/uploads\/sites\/39\/2022\/11\/WhatsApp-Image-2022-11-22-at-15.18.23-550x380.jpeg 550w, https:\/\/blogs.correiobraziliense.com.br\/trilhasonora\/wp-content\/uploads\/sites\/39\/2022\/11\/WhatsApp-Image-2022-11-22-at-15.18.23-230x159.jpeg 230w\" sizes=\"auto, (max-width: 800px) 100vw, 800px\" \/><figcaption id=\"caption-attachment-2488\" class=\"wp-caption-text\">Cr\u00e9dito: Guillermo Planel\/Divulga\u00e7\u00e3o<\/figcaption><\/figure>\n<p><strong>Divas do Jazz 2 &#8212;<\/strong> Indiana Nomma, cantora que iniciou a carreira em Bras\u00edlia e radicada no Rio de Janeiro desde a d\u00e9cada passada, retorna \u00e0 cidade para apresentar o espet\u00e1culo Divas do Jazz 2, no qual revive cl\u00e1ssicos de Aretha Franklin, Billie Holiday, Ella Fitzgerald e Sarah Vaughan. Ela tem a companhia de Daniel Baker (teclado), Oswaldo Amorim (baixo) e Amaro Vaz (bateria). A apresenta\u00e7\u00e3o \u00e9 amanh\u00e3 (26), \u00e0s 22h, no Infinu Comunidade Criativa. Ingressos entre R$ 50 e R$ 100. N\u00e3o recomendado para menores de 18 anos.<\/p>\n<p>&nbsp;<\/p>\n","protected":false},"excerpt":{"rendered":"<p>O show comemorativo dos 50 anos do Quinteto Violado hoje (25\/11) e amanh\u00e3 (26), no Clube do Choro \u00e9 a atra\u00e7\u00e3o principal na agenda musical deste fim de semana em Bras\u00edlia. Outro destaque \u00e9 a apresenta\u00e7\u00e3o de Indiana Nomma em Divas do Jazz 2, amanh\u00e3 (26), no Infinu Comunidade Criativa. Makossa + Criolina &#8212; Festa como parte da programa\u00e7\u00e3o relativa [&hellip;]<\/p>\n","protected":false},"author":84,"featured_media":2487,"comment_status":"open","ping_status":"open","sticky":false,"template":"","format":"standard","meta":{"footnotes":""},"categories":[113],"tags":[],"class_list":["post-2485","post","type-post","status-publish","format-standard","has-post-thumbnail","hentry","category-materia"],"_links":{"self":[{"href":"https:\/\/blogs.correiobraziliense.com.br\/trilhasonora\/wp-json\/wp\/v2\/posts\/2485","targetHints":{"allow":["GET"]}}],"collection":[{"href":"https:\/\/blogs.correiobraziliense.com.br\/trilhasonora\/wp-json\/wp\/v2\/posts"}],"about":[{"href":"https:\/\/blogs.correiobraziliense.com.br\/trilhasonora\/wp-json\/wp\/v2\/types\/post"}],"author":[{"embeddable":true,"href":"https:\/\/blogs.correiobraziliense.com.br\/trilhasonora\/wp-json\/wp\/v2\/users\/84"}],"replies":[{"embeddable":true,"href":"https:\/\/blogs.correiobraziliense.com.br\/trilhasonora\/wp-json\/wp\/v2\/comments?post=2485"}],"version-history":[{"count":4,"href":"https:\/\/blogs.correiobraziliense.com.br\/trilhasonora\/wp-json\/wp\/v2\/posts\/2485\/revisions"}],"predecessor-version":[{"id":2494,"href":"https:\/\/blogs.correiobraziliense.com.br\/trilhasonora\/wp-json\/wp\/v2\/posts\/2485\/revisions\/2494"}],"wp:featuredmedia":[{"embeddable":true,"href":"https:\/\/blogs.correiobraziliense.com.br\/trilhasonora\/wp-json\/wp\/v2\/media\/2487"}],"wp:attachment":[{"href":"https:\/\/blogs.correiobraziliense.com.br\/trilhasonora\/wp-json\/wp\/v2\/media?parent=2485"}],"wp:term":[{"taxonomy":"category","embeddable":true,"href":"https:\/\/blogs.correiobraziliense.com.br\/trilhasonora\/wp-json\/wp\/v2\/categories?post=2485"},{"taxonomy":"post_tag","embeddable":true,"href":"https:\/\/blogs.correiobraziliense.com.br\/trilhasonora\/wp-json\/wp\/v2\/tags?post=2485"}],"curies":[{"name":"wp","href":"https:\/\/api.w.org\/{rel}","templated":true}]}}