{"id":2465,"date":"2022-11-11T06:17:33","date_gmt":"2022-11-11T09:17:33","guid":{"rendered":"https:\/\/blogs.correiobraziliense.com.br\/trilhasonora\/?p=2465"},"modified":"2022-11-10T22:44:58","modified_gmt":"2022-11-11T01:44:58","slug":"2465-2","status":"publish","type":"post","link":"https:\/\/blogs.correiobraziliense.com.br\/trilhasonora\/2465-2\/","title":{"rendered":"Confira a programa\u00e7\u00e3o cultural de 11 a 13 de novembro"},"content":{"rendered":"<p><em>Cor<\/em>, o show de Anavit\u00f3ria, amanh\u00e3 (12), no Centro de Conven\u00e7\u00f5es Ulysses Guimar\u00e3es \u00e9 a principal atra\u00e7\u00e3o na \u00e1rea musical neste fim de semana em Bras\u00edlia. Mas espet\u00e1culos de estilos diversos se espalham por v\u00e1rios palcos da cidade &#8212; alguns, inclusive, com acesso gratuito. Fa\u00e7a sua escolha!<\/p>\n<figure id=\"attachment_2469\" aria-describedby=\"caption-attachment-2469\" style=\"width: 800px\" class=\"wp-caption aligncenter\"><img loading=\"lazy\" decoding=\"async\" class=\"size-full wp-image-2469\" src=\"https:\/\/blogs.correiobraziliense.com.br\/trilhasonora\/wp-content\/uploads\/sites\/39\/2022\/11\/PabloVares1-Foto-RodrigoDiCastro.jpeg\" alt=\"\" width=\"800\" height=\"513\" srcset=\"https:\/\/blogs.correiobraziliense.com.br\/trilhasonora\/wp-content\/uploads\/sites\/39\/2022\/11\/PabloVares1-Foto-RodrigoDiCastro.jpeg 800w, https:\/\/blogs.correiobraziliense.com.br\/trilhasonora\/wp-content\/uploads\/sites\/39\/2022\/11\/PabloVares1-Foto-RodrigoDiCastro-300x192.jpeg 300w, https:\/\/blogs.correiobraziliense.com.br\/trilhasonora\/wp-content\/uploads\/sites\/39\/2022\/11\/PabloVares1-Foto-RodrigoDiCastro-768x492.jpeg 768w, https:\/\/blogs.correiobraziliense.com.br\/trilhasonora\/wp-content\/uploads\/sites\/39\/2022\/11\/PabloVares1-Foto-RodrigoDiCastro-550x353.jpeg 550w, https:\/\/blogs.correiobraziliense.com.br\/trilhasonora\/wp-content\/uploads\/sites\/39\/2022\/11\/PabloVares1-Foto-RodrigoDiCastro-230x147.jpeg 230w\" sizes=\"auto, (max-width: 800px) 100vw, 800px\" \/><figcaption id=\"caption-attachment-2469\" class=\"wp-caption-text\">Pablo Vares. Cr\u00e9dito: Rodrigo Di Castro\/Divulga\u00e7\u00e3o<\/figcaption><\/figure>\n<p><strong>Inexorable &#8212;<\/strong> O violonista uruguaio Pablo Vares faz show instrumental, tendo como foco a m\u00fasica flamenco, hoje (11), \u00e0s 20h30, no Clube de Choro (Eixo Monumental). Ingresso \u00e0 venda no local. Classifica\u00e7\u00e3o indicativa livre.<\/p>\n<figure id=\"attachment_2466\" aria-describedby=\"caption-attachment-2466\" style=\"width: 800px\" class=\"wp-caption aligncenter\"><img loading=\"lazy\" decoding=\"async\" class=\"size-full wp-image-2466\" src=\"https:\/\/blogs.correiobraziliense.com.br\/trilhasonora\/wp-content\/uploads\/sites\/39\/2022\/11\/unnamed-1.jpg\" alt=\"\" width=\"800\" height=\"599\" srcset=\"https:\/\/blogs.correiobraziliense.com.br\/trilhasonora\/wp-content\/uploads\/sites\/39\/2022\/11\/unnamed-1.jpg 800w, https:\/\/blogs.correiobraziliense.com.br\/trilhasonora\/wp-content\/uploads\/sites\/39\/2022\/11\/unnamed-1-300x225.jpg 300w, https:\/\/blogs.correiobraziliense.com.br\/trilhasonora\/wp-content\/uploads\/sites\/39\/2022\/11\/unnamed-1-768x575.jpg 768w, https:\/\/blogs.correiobraziliense.com.br\/trilhasonora\/wp-content\/uploads\/sites\/39\/2022\/11\/unnamed-1-550x412.jpg 550w, https:\/\/blogs.correiobraziliense.com.br\/trilhasonora\/wp-content\/uploads\/sites\/39\/2022\/11\/unnamed-1-230x172.jpg 230w\" sizes=\"auto, (max-width: 800px) 100vw, 800px\" \/><figcaption id=\"caption-attachment-2466\" class=\"wp-caption-text\">Maestro Jorge Antunes. Cr\u00e9dito: Casa Thomas Jefferson\/Divulga\u00e7\u00e3o<\/figcaption><\/figure>\n<p><strong>Lan\u00e7amento de \u00e1lbum &#8212;<\/strong> O pianista e maestro Jorge Antunes lan\u00e7a \u00e1lbum duplo de composi\u00e7\u00f5es autorais e tem\u00e1tica pol\u00edtico-social hoje (11), \u00e0s 20h, na Casa Thomas Jefferson Hall (entrequadra 706\/906 Sul). Ele tem a companhia do grupo Cordas Dedilhadas. O acesso \u00e9 gratuito. Classifica\u00e7\u00e3o indicativa livre.<\/p>\n<figure id=\"attachment_2470\" aria-describedby=\"caption-attachment-2470\" style=\"width: 800px\" class=\"wp-caption aligncenter\"><img loading=\"lazy\" decoding=\"async\" class=\"size-full wp-image-2470\" src=\"https:\/\/blogs.correiobraziliense.com.br\/trilhasonora\/wp-content\/uploads\/sites\/39\/2022\/11\/revendo-amigis.jpg\" alt=\"\" width=\"800\" height=\"400\" srcset=\"https:\/\/blogs.correiobraziliense.com.br\/trilhasonora\/wp-content\/uploads\/sites\/39\/2022\/11\/revendo-amigis.jpg 800w, https:\/\/blogs.correiobraziliense.com.br\/trilhasonora\/wp-content\/uploads\/sites\/39\/2022\/11\/revendo-amigis-300x150.jpg 300w, https:\/\/blogs.correiobraziliense.com.br\/trilhasonora\/wp-content\/uploads\/sites\/39\/2022\/11\/revendo-amigis-768x384.jpg 768w, https:\/\/blogs.correiobraziliense.com.br\/trilhasonora\/wp-content\/uploads\/sites\/39\/2022\/11\/revendo-amigis-550x275.jpg 550w, https:\/\/blogs.correiobraziliense.com.br\/trilhasonora\/wp-content\/uploads\/sites\/39\/2022\/11\/revendo-amigis-230x115.jpg 230w\" sizes=\"auto, (max-width: 800px) 100vw, 800px\" \/><figcaption id=\"caption-attachment-2470\" class=\"wp-caption-text\">Cr\u00e9dito: Val\u00e9ria Carvalho\/Divulga\u00e7\u00e3o<\/figcaption><\/figure>\n<p><strong>Revendo amigos &#8212;<\/strong> Manass\u00e9s de Souza, Cacau Alencar e Zelito Passos estar\u00e3o juntos hoje (11), \u00e0s 20h30, no palco do Feiti\u00e7o das Artes (306 Norte) no show <em>Revendo Amigos<\/em>. Eles interpretam m\u00fasicas de Luiz Gonzaga, Fagner, Belchior e outros compositores nordestinos. O ingresso custa R$ 25. Classifica\u00e7\u00e3o indicativa livre.<\/p>\n<p><strong>Soul Beat Festival &#8212;<\/strong> Hoje (11), \u00e0s 22h, Djonga + Sant se apresentam, no Soul Beat Festival, na Ascade (Setorde Clubes Sul). Ingresso a partir de R$ 75. N\u00e3o recomendado para menores de 18 anos.<\/p>\n<p><strong>Cor &#8212;<\/strong> As cantoras e compositoras tocantinenses Ana Caetano e Vit\u00f3ria Falc\u00e3o, que formam a dupla Anavit\u00f3ria, s\u00e3o a atra\u00e7\u00e3o de hoje (11), \u00e0s 21h, no audit\u00f3rio master do Centro de Conven\u00e7\u00f5es Ulysses Guimar\u00e3es(Eixo Monumental). Elas est\u00e3o em turn\u00ea para lan\u00e7ar o \u00e1lbum hom\u00f4nimo.\u00a0Ingresso a partir de R$ 70 (meia). Classifica\u00e7\u00e3o indicativa livre.<\/p>\n<figure id=\"attachment_2468\" aria-describedby=\"caption-attachment-2468\" style=\"width: 878px\" class=\"wp-caption aligncenter\"><img loading=\"lazy\" decoding=\"async\" class=\"size-full wp-image-2468\" src=\"https:\/\/blogs.correiobraziliense.com.br\/trilhasonora\/wp-content\/uploads\/sites\/39\/2022\/11\/image-003.png\" alt=\"\" width=\"878\" height=\"880\" srcset=\"https:\/\/blogs.correiobraziliense.com.br\/trilhasonora\/wp-content\/uploads\/sites\/39\/2022\/11\/image-003.png 878w, https:\/\/blogs.correiobraziliense.com.br\/trilhasonora\/wp-content\/uploads\/sites\/39\/2022\/11\/image-003-150x150.png 150w, https:\/\/blogs.correiobraziliense.com.br\/trilhasonora\/wp-content\/uploads\/sites\/39\/2022\/11\/image-003-300x300.png 300w, https:\/\/blogs.correiobraziliense.com.br\/trilhasonora\/wp-content\/uploads\/sites\/39\/2022\/11\/image-003-768x770.png 768w, https:\/\/blogs.correiobraziliense.com.br\/trilhasonora\/wp-content\/uploads\/sites\/39\/2022\/11\/image-003-800x802.png 800w, https:\/\/blogs.correiobraziliense.com.br\/trilhasonora\/wp-content\/uploads\/sites\/39\/2022\/11\/image-003-550x551.png 550w, https:\/\/blogs.correiobraziliense.com.br\/trilhasonora\/wp-content\/uploads\/sites\/39\/2022\/11\/image-003-230x231.png 230w\" sizes=\"auto, (max-width: 878px) 100vw, 878px\" \/><figcaption id=\"caption-attachment-2468\" class=\"wp-caption-text\">Cr\u00e9dito: Arquivo pessoal<\/figcaption><\/figure>\n<p><strong>M\u00fasicas inesquec\u00edveis &#8212;<\/strong> A Orquestra Arte Jovem, a Banda Jovem e Corpo Coreogr\u00e1fico do projeto Musical Arte Jovem s\u00e3o protagonistas do espet\u00e1culo <em>M\u00fasicas Inesquec\u00edveis<\/em> amanh\u00e3 (12), \u00e0s 20h, no Teatro da Caixa (Setor Banc\u00e1rio Sul). No repert\u00f3rio can\u00e7\u00f5es de Luiz Gonzaga, Dominguinhos, Chit\u00e3ozinho &amp; Xoror\u00f3, Michael Jackson, Beatles, Queen e Coldplay. A entrada \u00e9 franca. Classifica\u00e7\u00e3o indicativa livre.<\/p>\n<p><strong>Rock no Naval &#8212;<\/strong> A cantora Anna Maz, vencedora do <em>Canta Comigo<\/em>, programa da TV Record, revisita cl\u00e1ssicos do rock amanh\u00e3 (12), \u00e0s 18h, no Clube Naval (Setor de Clubes Sul). O ingresso custa R$ 120. Classifica\u00e7\u00e3o indicativa livre.<\/p>\n<p><strong>Do samba ao rock &#8212;<\/strong> O projeto M\u00fasica em Conjunto promove show de Clarissa Brasil (MPB e samba), amanh\u00e3 (12), \u00e0s 13h e de Fernanda Monteiro (samba e choro); da Banda Magnata (rock), \u00e0s 13h e de Alessandro Carvalho (pop-rock), \u00e0s 16h30 de domingo (13), no Jardim Urbano, terceiro piso do Conjunto Nacional. Acesso gratuito.<\/p>\n<p><strong>Saia Rodada &#8212;<\/strong> O forr\u00f3 toma conta do Bothanic (Setor de Clubes Sul) amanh\u00e3 (12), a partir das 16h. A principal ata\u00e7\u00e3o \u00e9 o o Saia Rodada, grupo do Rio Grande do Norte, que faz o maior sucesso no Nordeste. Ingresso a partir de R$ 90. N\u00e3o recomendado para menores de 18 anos.<\/p>\n","protected":false},"excerpt":{"rendered":"<p>Cor, o show de Anavit\u00f3ria, amanh\u00e3 (12), no Centro de Conven\u00e7\u00f5es Ulysses Guimar\u00e3es \u00e9 a principal atra\u00e7\u00e3o na \u00e1rea musical neste fim de semana em Bras\u00edlia. Mas espet\u00e1culos de estilos diversos se espalham por v\u00e1rios palcos da cidade &#8212; alguns, inclusive, com acesso gratuito. Fa\u00e7a sua escolha! Inexorable &#8212; O violonista uruguaio Pablo Vares faz show instrumental, tendo como foco [&hellip;]<\/p>\n","protected":false},"author":84,"featured_media":2467,"comment_status":"open","ping_status":"open","sticky":false,"template":"","format":"standard","meta":{"footnotes":""},"categories":[113],"tags":[],"class_list":["post-2465","post","type-post","status-publish","format-standard","has-post-thumbnail","hentry","category-materia"],"_links":{"self":[{"href":"https:\/\/blogs.correiobraziliense.com.br\/trilhasonora\/wp-json\/wp\/v2\/posts\/2465","targetHints":{"allow":["GET"]}}],"collection":[{"href":"https:\/\/blogs.correiobraziliense.com.br\/trilhasonora\/wp-json\/wp\/v2\/posts"}],"about":[{"href":"https:\/\/blogs.correiobraziliense.com.br\/trilhasonora\/wp-json\/wp\/v2\/types\/post"}],"author":[{"embeddable":true,"href":"https:\/\/blogs.correiobraziliense.com.br\/trilhasonora\/wp-json\/wp\/v2\/users\/84"}],"replies":[{"embeddable":true,"href":"https:\/\/blogs.correiobraziliense.com.br\/trilhasonora\/wp-json\/wp\/v2\/comments?post=2465"}],"version-history":[{"count":2,"href":"https:\/\/blogs.correiobraziliense.com.br\/trilhasonora\/wp-json\/wp\/v2\/posts\/2465\/revisions"}],"predecessor-version":[{"id":2472,"href":"https:\/\/blogs.correiobraziliense.com.br\/trilhasonora\/wp-json\/wp\/v2\/posts\/2465\/revisions\/2472"}],"wp:featuredmedia":[{"embeddable":true,"href":"https:\/\/blogs.correiobraziliense.com.br\/trilhasonora\/wp-json\/wp\/v2\/media\/2467"}],"wp:attachment":[{"href":"https:\/\/blogs.correiobraziliense.com.br\/trilhasonora\/wp-json\/wp\/v2\/media?parent=2465"}],"wp:term":[{"taxonomy":"category","embeddable":true,"href":"https:\/\/blogs.correiobraziliense.com.br\/trilhasonora\/wp-json\/wp\/v2\/categories?post=2465"},{"taxonomy":"post_tag","embeddable":true,"href":"https:\/\/blogs.correiobraziliense.com.br\/trilhasonora\/wp-json\/wp\/v2\/tags?post=2465"}],"curies":[{"name":"wp","href":"https:\/\/api.w.org\/{rel}","templated":true}]}}