{"id":242,"date":"2018-01-26T10:36:12","date_gmt":"2018-01-26T12:36:12","guid":{"rendered":"https:\/\/blogs.correiobraziliense.com.br\/trilhasonora\/?p=242"},"modified":"2018-01-26T10:36:12","modified_gmt":"2018-01-26T12:36:12","slug":"confira-os-proximos-shows-de-brasilia-na-coluna-sons-da-noite","status":"publish","type":"post","link":"https:\/\/blogs.correiobraziliense.com.br\/trilhasonora\/confira-os-proximos-shows-de-brasilia-na-coluna-sons-da-noite\/","title":{"rendered":"Confira os pr\u00f3ximos shows de Bras\u00edlia na coluna Sons da Noite"},"content":{"rendered":"<h3>Leia a Coluna Sons da Noite publicada em 26 de janeiro no Divirta-se Mais!<\/h3>\n<p><strong>Encontros instigantes<\/strong><\/p>\n<p>Um panorama da cena independente da MPB contempor\u00e2nea ser\u00e1 oferecido pelo Festival Experia, que, na segunda edi\u00e7\u00e3o, ocupa o palco do Teatro da Caixa logo ap\u00f3s o carnaval. O evento promover\u00e1 encontros in\u00e9ditos de artistas de estilos diversos, em shows com promessa de performances instigantes. A programa\u00e7\u00e3o \u00e9 a seguinte: As Bahias e a Cozinha Mineira (foto) e BNeg\u00e3o (dia 15 de fevereiro), Curumim e Russo Passapusso (dia 16), P\u00e9lico e Filipe Catto (dia 17, \u00e0s 17h) , Juliana Perdig\u00e3o e os Kurva e Tulipa Ruiz (dia 17, \u00e0s 20h) e M\u00e1rcia Castro e Otto (dia 18). N\u00e3o recomendado para menores de 12 anos.<\/p>\n<p><strong>Eu recomendo<\/strong><br \/>\nCantora brasiliense radicada no Rio de Janeiro h\u00e1 quatro anos, Deborah Vasconcellos recentemente participou do The Voice Brasil. De volta \u00e0 cidade, ela faz show segunda e ter\u00e7a-feira, \u00e0s 21h, no Espa\u00e7o Cultural do Choro. Acompanhada por Rafael dos Anjos (viol\u00e3o e dire\u00e7\u00e3o musical), Pedro Vasconcellos (cavaquinho e bandolim) e Felipe Viegas (percuteria), ela canta m\u00fasicas do CD de estreia, lan\u00e7ado em 2014, e do EP que tem a participa\u00e7\u00e3o de Diogo Nogueira. N\u00e3o recomendado para menores de 14 anos.<\/p>\n<p><strong>Vers\u00e3o infantil<\/strong><br \/>\nBeatles para crian\u00e7as \u2014 A bagun\u00e7a continua \u00e9 o espet\u00e1culo que, h\u00e1 dois anos, faz o maior sucesso entre a molecada em todo o pa\u00eds. Nos dias 3 e 4, retorna a Bras\u00edlia para apresenta\u00e7\u00e3o no Teatro Unip (913 Sul), com repert\u00f3rio renovado, que traz os cl\u00e1ssicos Obladi oblada, Octopus garden, She loves you e Sargent Peppers Lonely Hearts Club Band. Classifica\u00e7\u00e3o indicativa livre.<\/p>\n<p><strong>Feij\u00e3o &amp; folia<\/strong><br \/>\nO cantor Guga Camafeu e o grupo Coisa Nossa s\u00e3o as atra\u00e7\u00f5es musicais da Feijuca do Iate, em 3 de fevereiro. Os ingressos para s\u00f3cios e convidados j\u00e1 est\u00e3o \u00e0 venda na secretaria do tradicional clube brasiliense. Classifica\u00e7\u00e3o indicativa livre.<\/p>\n<p><strong>Galo foli\u00e3o<\/strong><br \/>\nBruno Dourado (InNatura) e Lu\u00eds Maur\u00edcio (Natiruts) est\u00e3o \u00e0 frente da bateria \u2014 formada por engenheiros, advogados, arquitetos e servidores p\u00fablicos \u2014 que comanda o desfile do Galo Cego, em 3 de fevereiro. Pelo oitavo ano, o bloco sai no Setor Banc\u00e1rio Sul, a partir das 13h, ap\u00f3s a concentra\u00e7\u00e3o em frente ao Outo Calaf. Classifica\u00e7\u00e3o indicativa livre.<\/p>\n<p><strong>Cerrado reggae<\/strong><br \/>\nA edi\u00e7\u00e3o de ver\u00e3o do Reggae o Cerrado vai se espalhar pelo Arena Futebol Clube, em 2 de fevereiro. H\u00e9lio Bentes, vocalista do grupo carioca Ponto de Equil\u00edbrio, \u00e9 o destaque do festival, que conta ainda com Marina Peralta, Dudu Aire e a banda Jah Live. N\u00e3o recomendado para menores de 18 anos.<\/p>\n<p><strong>Trilhas antol\u00f3gicas<\/strong><br \/>\nOs 90 anos do compositor Ennio Moricone, autor de trilhas sonoras antol\u00f3gicas para o cinema, ser\u00e3o celebrados com uma retrospectiva de sua obra, no Centro Cultural Banco do Brasil, de 30 de janeiro a 25 de fevereiro. O p\u00fablico ouvir\u00e1 m\u00fasicas compostas pelo mestre italiano em filmes como Teorema, Por um punhado de d\u00f3lares e Cinema paradiso. N\u00e3o recomendado para menores de 12 anos.<\/p>\n<p><strong>Do Buena Vista<\/strong><br \/>\nO cantor e m\u00fasico cubano Felix Baloy (foto), integrante da atual forma\u00e7\u00e3o do Buena Vista Social Club e do Afro-Cuban All Stars, faz show no Feiti\u00e7o Mineiro (306 Norte), no pr\u00f3ximo dia 1\u00ba, acompanhado pelo grupo Sabor de Cuba. M\u00fasicas dos \u00e1lbuns Baila mi son, Un poquito de f\u00e9 e Un solo amor, lan\u00e7ados por ele, est\u00e3o no repert\u00f3rio. N\u00e3o recomendado para menores de 18 anos.<\/p>\n","protected":false},"excerpt":{"rendered":"<p>Leia a Coluna Sons da Noite publicada em 26 de janeiro no Divirta-se Mais!<\/p>\n","protected":false},"author":84,"featured_media":243,"comment_status":"open","ping_status":"open","sticky":false,"template":"","format":"standard","meta":{"footnotes":""},"categories":[49],"tags":[26,31,44],"class_list":["post-242","post","type-post","status-publish","format-standard","has-post-thumbnail","hentry","category-sons-da-noite","tag-brasilia","tag-shows","tag-sons-da-noite"],"_links":{"self":[{"href":"https:\/\/blogs.correiobraziliense.com.br\/trilhasonora\/wp-json\/wp\/v2\/posts\/242","targetHints":{"allow":["GET"]}}],"collection":[{"href":"https:\/\/blogs.correiobraziliense.com.br\/trilhasonora\/wp-json\/wp\/v2\/posts"}],"about":[{"href":"https:\/\/blogs.correiobraziliense.com.br\/trilhasonora\/wp-json\/wp\/v2\/types\/post"}],"author":[{"embeddable":true,"href":"https:\/\/blogs.correiobraziliense.com.br\/trilhasonora\/wp-json\/wp\/v2\/users\/84"}],"replies":[{"embeddable":true,"href":"https:\/\/blogs.correiobraziliense.com.br\/trilhasonora\/wp-json\/wp\/v2\/comments?post=242"}],"version-history":[{"count":1,"href":"https:\/\/blogs.correiobraziliense.com.br\/trilhasonora\/wp-json\/wp\/v2\/posts\/242\/revisions"}],"predecessor-version":[{"id":244,"href":"https:\/\/blogs.correiobraziliense.com.br\/trilhasonora\/wp-json\/wp\/v2\/posts\/242\/revisions\/244"}],"wp:featuredmedia":[{"embeddable":true,"href":"https:\/\/blogs.correiobraziliense.com.br\/trilhasonora\/wp-json\/wp\/v2\/media\/243"}],"wp:attachment":[{"href":"https:\/\/blogs.correiobraziliense.com.br\/trilhasonora\/wp-json\/wp\/v2\/media?parent=242"}],"wp:term":[{"taxonomy":"category","embeddable":true,"href":"https:\/\/blogs.correiobraziliense.com.br\/trilhasonora\/wp-json\/wp\/v2\/categories?post=242"},{"taxonomy":"post_tag","embeddable":true,"href":"https:\/\/blogs.correiobraziliense.com.br\/trilhasonora\/wp-json\/wp\/v2\/tags?post=242"}],"curies":[{"name":"wp","href":"https:\/\/api.w.org\/{rel}","templated":true}]}}