{"id":2417,"date":"2022-10-07T06:22:25","date_gmt":"2022-10-07T09:22:25","guid":{"rendered":"https:\/\/blogs.correiobraziliense.com.br\/trilhasonora\/?p=2417"},"modified":"2022-10-06T23:34:16","modified_gmt":"2022-10-07T02:34:16","slug":"caetano-veloso-e-artistas-locais-sao-os-destaques-do-fim-de-semana","status":"publish","type":"post","link":"https:\/\/blogs.correiobraziliense.com.br\/trilhasonora\/caetano-veloso-e-artistas-locais-sao-os-destaques-do-fim-de-semana\/","title":{"rendered":"Caetano Veloso e artistas locais s\u00e3o os destaques do fim de semana"},"content":{"rendered":"<p><em>Meu coco<\/em>, o show de Caetano Veloso, hoje (7\/10), no Centro de Conven\u00e7\u00f5es Ulysses Guimar\u00e3es, \u00e9 o principal destaque da programa\u00e7\u00e3o musical deste fim de semana em Bras\u00edlia. Artistas locais tamb\u00e9m marcam presen\u00e7a em outros palcos da cidade.<\/p>\n<p><strong>Meu coco &#8212;<\/strong> De volta \u00e0 cidade, Caetano Veloso ocupa o palco do audit\u00f3rio master do Centro de Conven\u00e7\u00f5es Ulysses Guimar\u00e3es (Eixo Monumental) com o show <em>Meu coco<\/em>, apresentado no mesmo local em junho \u00faltimo. Acompanhado por uma super banda, o cantor e compositor baiano vai interpretar can\u00e7\u00f5es do \u00e1lbum hom\u00f4nimo e cl\u00e1ssicos de sua obra. Ingressos a partir de R$ 250.<\/p>\n<blockquote>\n<figure id=\"attachment_2419\" aria-describedby=\"caption-attachment-2419\" style=\"width: 800px\" class=\"wp-caption aligncenter\"><img loading=\"lazy\" decoding=\"async\" class=\"wp-image-2419 size-full\" src=\"https:\/\/blogs.correiobraziliense.com.br\/trilhasonora\/wp-content\/uploads\/sites\/39\/2022\/10\/unnamed.jpg\" alt=\"\" width=\"800\" height=\"551\" srcset=\"https:\/\/blogs.correiobraziliense.com.br\/trilhasonora\/wp-content\/uploads\/sites\/39\/2022\/10\/unnamed.jpg 800w, https:\/\/blogs.correiobraziliense.com.br\/trilhasonora\/wp-content\/uploads\/sites\/39\/2022\/10\/unnamed-300x207.jpg 300w, https:\/\/blogs.correiobraziliense.com.br\/trilhasonora\/wp-content\/uploads\/sites\/39\/2022\/10\/unnamed-768x529.jpg 768w, https:\/\/blogs.correiobraziliense.com.br\/trilhasonora\/wp-content\/uploads\/sites\/39\/2022\/10\/unnamed-550x379.jpg 550w, https:\/\/blogs.correiobraziliense.com.br\/trilhasonora\/wp-content\/uploads\/sites\/39\/2022\/10\/unnamed-230x158.jpg 230w\" sizes=\"auto, (max-width: 800px) 100vw, 800px\" \/><figcaption id=\"caption-attachment-2419\" class=\"wp-caption-text\">Cr\u00e9dito: Casa Thomas Jefferson\/Divulga\u00e7\u00e3o. Elenice<\/figcaption><\/figure><\/blockquote>\n<p><strong>Sextas Musicais &#8212;<\/strong> Um dos nomes de maior destaque da hist\u00f3ria da m\u00fasica brasiliense, a pianista, compositora e arranjadora Elenice Maranesi recebe homenagem hoje (7), \u00e0s 20h, na Casa Thomas Jefferson Hall (entrequadra 706\/906 Sul). Do concerto, pelo projeto Sextas Musicais, sob a dire\u00e7\u00e3o do maestro Dayvison Miranda, participam a flautista Madelon Guimar\u00e3es, as pianistas Ana C\u00e2ndida Gobbi e Iara Gomes, os baixistas Anderson Santos e Oswaldo Amorim, o violonista Paulo Andr\u00e9 Tavares, os percussionistas Elias Caires e Paulo Maeques, o grupo de Vento em Popa e o Coral de Bras\u00edlia. Entrada gratuita.<\/p>\n<p><strong>Inclina\u00e7\u00f5es musicais &#8212;<\/strong> A cantora Luciana Amaral \u00e9 respons\u00e1vel pelo show da abertura do projeto <em>Inclina\u00e7\u00f5es musicais<\/em> hoje (7), \u00e0s 19h30, no restaurante Fazendola (311 Norte,Bloco D). Acompanhada pelo violonista e guitarrista Charles Roberto, ela vai passear por um repert\u00f3rio que inclui cl\u00e1ssicos da obra de Rita Lee, Lulu Santos, Amy Winehouse, Michael Jackson, Stevie Wonder e Beatles. O couvert art\u00edstico \u00e9 de R$10.<\/p>\n<p><strong>Hits roqueiros &#8212;<\/strong> A banda Rock Beats, liderada pela vocalista Daniela Firme, se apresenta hoje (7), \u00e0s 19h, no Jardim Urbano (terceiro piso do Conjunto Nacional). O grupo leva ao p\u00fablico hits da Legi\u00e3o Urbana, Paralamas do Sucesso, Capital Inicial, Biquini Cavad\u00e3o, Engenheiros do Hawaii e Raimundos. O acesso \u00e9 gratuito.<\/p>\n<figure id=\"attachment_2420\" aria-describedby=\"caption-attachment-2420\" style=\"width: 2407px\" class=\"wp-caption aligncenter\"><img loading=\"lazy\" decoding=\"async\" class=\"size-full wp-image-2420\" src=\"https:\/\/blogs.correiobraziliense.com.br\/trilhasonora\/wp-content\/uploads\/sites\/39\/2022\/10\/MayaraDourado4-Foto-FilipeFreitas.jpg\" alt=\"\" width=\"2407\" height=\"1881\" srcset=\"https:\/\/blogs.correiobraziliense.com.br\/trilhasonora\/wp-content\/uploads\/sites\/39\/2022\/10\/MayaraDourado4-Foto-FilipeFreitas.jpg 2407w, https:\/\/blogs.correiobraziliense.com.br\/trilhasonora\/wp-content\/uploads\/sites\/39\/2022\/10\/MayaraDourado4-Foto-FilipeFreitas-300x234.jpg 300w, https:\/\/blogs.correiobraziliense.com.br\/trilhasonora\/wp-content\/uploads\/sites\/39\/2022\/10\/MayaraDourado4-Foto-FilipeFreitas-768x600.jpg 768w, https:\/\/blogs.correiobraziliense.com.br\/trilhasonora\/wp-content\/uploads\/sites\/39\/2022\/10\/MayaraDourado4-Foto-FilipeFreitas-1024x800.jpg 1024w, https:\/\/blogs.correiobraziliense.com.br\/trilhasonora\/wp-content\/uploads\/sites\/39\/2022\/10\/MayaraDourado4-Foto-FilipeFreitas-1440x1125.jpg 1440w, https:\/\/blogs.correiobraziliense.com.br\/trilhasonora\/wp-content\/uploads\/sites\/39\/2022\/10\/MayaraDourado4-Foto-FilipeFreitas-800x625.jpg 800w, https:\/\/blogs.correiobraziliense.com.br\/trilhasonora\/wp-content\/uploads\/sites\/39\/2022\/10\/MayaraDourado4-Foto-FilipeFreitas-550x430.jpg 550w, https:\/\/blogs.correiobraziliense.com.br\/trilhasonora\/wp-content\/uploads\/sites\/39\/2022\/10\/MayaraDourado4-Foto-FilipeFreitas-230x180.jpg 230w\" sizes=\"auto, (max-width: 2407px) 100vw, 2407px\" \/><figcaption id=\"caption-attachment-2420\" class=\"wp-caption-text\">Mayara Dourado. cr\u00e9dito: Filipe Freitas\/Divulga\u00e7\u00e3o<\/figcaption><\/figure>\n<p><strong>Noite cigana &#8212;<\/strong> Mayara Dourado \u00e9 protagonista do espet\u00e1culo <em>Uma noite cigana<\/em>, amanh\u00e3 (8), \u00e0s 21h, no Espa\u00e7o Cultural do Choro (Eixo Monumental). A cantora vai interpretar vers\u00f5es da m\u00fasica flamenca, acompanhada pelo violonista Fred Paesle e a percussionista Bety Vini. H\u00e1 a participa\u00e7\u00e3o do grupo de dan\u00e7a Imani Tribe. Ingressos \u00e0 venda no local.<\/p>\n<p><strong>Face Musical &#8212;<\/strong> O projeto Face Musical, comandado pelo cavaquinista M\u00e1rcio Marinho e o bandolinista Victor Angeleas, recebe domingo (9), \u00e0s 16h, no Teatro Garagem do Sesc (913 Sul), a cantora, compositora e violonista Rosa Passos, que vai interpretar cl\u00e1ssicos da obra de mestres da MPB e composi\u00e7\u00f5es autorais. A entrada \u00e9 franca.<\/p>\n<p><strong>Buraco do Tatu &#8212;<\/strong> A Birosca do Conic promove domingo (9), a partir das 16h, uma roda de samba. Sambistas brasilienses de v\u00e1rios grupos participam do evento. O ingresso custa R$ 20.<\/p>\n","protected":false},"excerpt":{"rendered":"<p>Meu coco, o show de Caetano Veloso, hoje (7\/10), no Centro de Conven\u00e7\u00f5es Ulysses Guimar\u00e3es, \u00e9 o principal destaque da programa\u00e7\u00e3o musical deste fim de semana em Bras\u00edlia. Artistas locais tamb\u00e9m marcam presen\u00e7a em outros palcos da cidade. Meu coco &#8212; De volta \u00e0 cidade, Caetano Veloso ocupa o palco do audit\u00f3rio master do Centro de Conven\u00e7\u00f5es Ulysses Guimar\u00e3es (Eixo [&hellip;]<\/p>\n","protected":false},"author":84,"featured_media":2418,"comment_status":"open","ping_status":"open","sticky":false,"template":"","format":"standard","meta":{"footnotes":""},"categories":[113],"tags":[],"class_list":["post-2417","post","type-post","status-publish","format-standard","has-post-thumbnail","hentry","category-materia"],"_links":{"self":[{"href":"https:\/\/blogs.correiobraziliense.com.br\/trilhasonora\/wp-json\/wp\/v2\/posts\/2417","targetHints":{"allow":["GET"]}}],"collection":[{"href":"https:\/\/blogs.correiobraziliense.com.br\/trilhasonora\/wp-json\/wp\/v2\/posts"}],"about":[{"href":"https:\/\/blogs.correiobraziliense.com.br\/trilhasonora\/wp-json\/wp\/v2\/types\/post"}],"author":[{"embeddable":true,"href":"https:\/\/blogs.correiobraziliense.com.br\/trilhasonora\/wp-json\/wp\/v2\/users\/84"}],"replies":[{"embeddable":true,"href":"https:\/\/blogs.correiobraziliense.com.br\/trilhasonora\/wp-json\/wp\/v2\/comments?post=2417"}],"version-history":[{"count":1,"href":"https:\/\/blogs.correiobraziliense.com.br\/trilhasonora\/wp-json\/wp\/v2\/posts\/2417\/revisions"}],"predecessor-version":[{"id":2421,"href":"https:\/\/blogs.correiobraziliense.com.br\/trilhasonora\/wp-json\/wp\/v2\/posts\/2417\/revisions\/2421"}],"wp:featuredmedia":[{"embeddable":true,"href":"https:\/\/blogs.correiobraziliense.com.br\/trilhasonora\/wp-json\/wp\/v2\/media\/2418"}],"wp:attachment":[{"href":"https:\/\/blogs.correiobraziliense.com.br\/trilhasonora\/wp-json\/wp\/v2\/media?parent=2417"}],"wp:term":[{"taxonomy":"category","embeddable":true,"href":"https:\/\/blogs.correiobraziliense.com.br\/trilhasonora\/wp-json\/wp\/v2\/categories?post=2417"},{"taxonomy":"post_tag","embeddable":true,"href":"https:\/\/blogs.correiobraziliense.com.br\/trilhasonora\/wp-json\/wp\/v2\/tags?post=2417"}],"curies":[{"name":"wp","href":"https:\/\/api.w.org\/{rel}","templated":true}]}}