{"id":2412,"date":"2022-09-30T06:50:03","date_gmt":"2022-09-30T09:50:03","guid":{"rendered":"https:\/\/blogs.correiobraziliense.com.br\/trilhasonora\/?p=2412"},"modified":"2022-09-29T22:56:02","modified_gmt":"2022-09-30T01:56:02","slug":"samba-urgente-e-o-destaque-do-fim-de-semana-na-capital","status":"publish","type":"post","link":"https:\/\/blogs.correiobraziliense.com.br\/trilhasonora\/samba-urgente-e-o-destaque-do-fim-de-semana-na-capital\/","title":{"rendered":"Samba Urgente \u00e9 o destaque do fim de semana na capital"},"content":{"rendered":"<p>A diversidade r\u00edtmica d\u00e1 o tom na programa\u00e7\u00e3o musical do fim de semana, em que os shows s\u00e3o protagonizados por artistas brasilienses. Confira os destaques do blog <strong>Trilha Sonora<\/strong>.<\/p>\n<p><strong>Samba da Esperan\u00e7a &#8212;<\/strong> \u00c0s v\u00e9speras da elei\u00e7\u00e3o, o coletivo Samba Urgente comanda uma grande roda hoje (30\/9), a partir das 22h, no Externa Club (Centro Comercial Amazonas\/ Setor Comercial Sul). Entre os participantes est\u00e3o a cantora Teresa Lopes e os cantores Breno Alves e Marcelo Sena. Ingresso: R$ 50 (mais taxa de R$ 5).<\/p>\n<figure id=\"attachment_2414\" aria-describedby=\"caption-attachment-2414\" style=\"width: 800px\" class=\"wp-caption aligncenter\"><img loading=\"lazy\" decoding=\"async\" class=\"size-full wp-image-2414\" src=\"https:\/\/blogs.correiobraziliense.com.br\/trilhasonora\/wp-content\/uploads\/sites\/39\/2022\/09\/RodrigoBezerra9-Foto-Tha\u00edsMallon.jpg\" alt=\"\" width=\"800\" height=\"596\" srcset=\"https:\/\/blogs.correiobraziliense.com.br\/trilhasonora\/wp-content\/uploads\/sites\/39\/2022\/09\/RodrigoBezerra9-Foto-Tha\u00edsMallon.jpg 800w, https:\/\/blogs.correiobraziliense.com.br\/trilhasonora\/wp-content\/uploads\/sites\/39\/2022\/09\/RodrigoBezerra9-Foto-Tha\u00edsMallon-300x224.jpg 300w, https:\/\/blogs.correiobraziliense.com.br\/trilhasonora\/wp-content\/uploads\/sites\/39\/2022\/09\/RodrigoBezerra9-Foto-Tha\u00edsMallon-768x572.jpg 768w, https:\/\/blogs.correiobraziliense.com.br\/trilhasonora\/wp-content\/uploads\/sites\/39\/2022\/09\/RodrigoBezerra9-Foto-Tha\u00edsMallon-550x410.jpg 550w, https:\/\/blogs.correiobraziliense.com.br\/trilhasonora\/wp-content\/uploads\/sites\/39\/2022\/09\/RodrigoBezerra9-Foto-Tha\u00edsMallon-230x171.jpg 230w\" sizes=\"auto, (max-width: 800px) 100vw, 800px\" \/><figcaption id=\"caption-attachment-2414\" class=\"wp-caption-text\">Rodrigo Bezerra. Cr\u00e9dito: Tha\u00eds Mallon\/Divulga\u00e7\u00e3o<\/figcaption><\/figure>\n<p><strong>Tempestade solar &#8212;<\/strong> O cantor e guitarrista Rodrigo Bezerra faz show hoje (30), \u00e0s 21h, no Espa\u00e7o Cultural do Choro (Eixo Monumental) para lan\u00e7ar o \u00e1lbum de composi\u00e7\u00f5es autorais e algumas regrava\u00e7\u00f5es. Ele tem a companhia do tecladista Felipe Viegas e do baterista Andr\u00e9 Braz. Ingresso \u00e0 venda no local.<\/p>\n<p><img loading=\"lazy\" decoding=\"async\" class=\"aligncenter size-full wp-image-2413\" src=\"https:\/\/blogs.correiobraziliense.com.br\/trilhasonora\/wp-content\/uploads\/sites\/39\/2022\/09\/Celia-e-Rosana-Feiti\u00e7o-v.2-Set22.png\" alt=\"\" width=\"539\" height=\"315\" srcset=\"https:\/\/blogs.correiobraziliense.com.br\/trilhasonora\/wp-content\/uploads\/sites\/39\/2022\/09\/Celia-e-Rosana-Feiti\u00e7o-v.2-Set22.png 539w, https:\/\/blogs.correiobraziliense.com.br\/trilhasonora\/wp-content\/uploads\/sites\/39\/2022\/09\/Celia-e-Rosana-Feiti\u00e7o-v.2-Set22-300x175.png 300w, https:\/\/blogs.correiobraziliense.com.br\/trilhasonora\/wp-content\/uploads\/sites\/39\/2022\/09\/Celia-e-Rosana-Feiti\u00e7o-v.2-Set22-230x134.png 230w\" sizes=\"auto, (max-width: 539px) 100vw, 539px\" \/><\/p>\n<p><strong>Encontro in\u00e9dito &#8212;<\/strong> As cantoras C\u00e9lia Rabelo e Rosana Brown t\u00eam um encontro in\u00e9dito hoje (30), \u00e0s 20h30, em show no Feiti\u00e7o das Artes (306 Norte). Acompanhadas por Beto Cardoso (guitarra), Marcus Ben (contrabaixo), Elias Augusto (teclados) e Willian Baruh (bateria), elas v\u00e3o interpretar composi\u00e7\u00f5es de F\u00e1bio Jr., Diogo Nogueira, Anitta, Ludmilla e Ra\u00e7a Negra.O couvert art\u00edstico \u00e9 de R$ 35. Informa\u00e7\u00f5es e reserva de mesa pelo telefone 3448-1680.<\/p>\n<p><strong>Som de Primavera &#8212;<\/strong> A cantora Andrea Tierno e o violonista Charles Riberto s\u00e3o as atra\u00e7\u00f5es do show de encerramento do projeto <em>Som de Primavera<\/em>, produzido por Sonia Alves, no bar e restaurante Fazendola (311 Norte, Bloco D), hoje (30), \u00e0s 19h. Eles interpretam can\u00e7\u00f5es do repert\u00f3rio de Milton Nascimento, Maria Beth\u00e2nia, Joyce Moreno e Zizi Possi. O couvert art\u00edstico \u00e9 de R$ 10.<\/p>\n<p><strong>Infinitos Encontros &#8212;<\/strong> Hoje (30), \u00e0s 20h, a cantora, compositora paranaense e pianista Julie Wein faz live streaming do show <em>Infinitos encontros<\/em>, pelo projeto <em>Sextas Musicais<\/em> da Casa Thomas Jefferson Hall, em p\u00fablico presencial, mas com transmiss\u00e3o ao vivo pelo YouTube. O repert\u00f3rio traz cl\u00e1ssicos da obra de mestres da MPB como Tom Jobim, Vinicius de Moraes, Chico Buarque, Milton Nascimento e Francis Hime, gravados por ela em CD.<\/p>\n","protected":false},"excerpt":{"rendered":"<p>A diversidade r\u00edtmica d\u00e1 o tom na programa\u00e7\u00e3o musical do fim de semana, em que os shows s\u00e3o protagonizados por artistas brasilienses. Confira os destaques do blog Trilha Sonora. Samba da Esperan\u00e7a &#8212; \u00c0s v\u00e9speras da elei\u00e7\u00e3o, o coletivo Samba Urgente comanda uma grande roda hoje (30\/9), a partir das 22h, no Externa Club (Centro Comercial Amazonas\/ Setor Comercial Sul). [&hellip;]<\/p>\n","protected":false},"author":84,"featured_media":1061,"comment_status":"open","ping_status":"open","sticky":false,"template":"","format":"standard","meta":{"footnotes":""},"categories":[113],"tags":[],"class_list":["post-2412","post","type-post","status-publish","format-standard","has-post-thumbnail","hentry","category-materia"],"_links":{"self":[{"href":"https:\/\/blogs.correiobraziliense.com.br\/trilhasonora\/wp-json\/wp\/v2\/posts\/2412","targetHints":{"allow":["GET"]}}],"collection":[{"href":"https:\/\/blogs.correiobraziliense.com.br\/trilhasonora\/wp-json\/wp\/v2\/posts"}],"about":[{"href":"https:\/\/blogs.correiobraziliense.com.br\/trilhasonora\/wp-json\/wp\/v2\/types\/post"}],"author":[{"embeddable":true,"href":"https:\/\/blogs.correiobraziliense.com.br\/trilhasonora\/wp-json\/wp\/v2\/users\/84"}],"replies":[{"embeddable":true,"href":"https:\/\/blogs.correiobraziliense.com.br\/trilhasonora\/wp-json\/wp\/v2\/comments?post=2412"}],"version-history":[{"count":1,"href":"https:\/\/blogs.correiobraziliense.com.br\/trilhasonora\/wp-json\/wp\/v2\/posts\/2412\/revisions"}],"predecessor-version":[{"id":2415,"href":"https:\/\/blogs.correiobraziliense.com.br\/trilhasonora\/wp-json\/wp\/v2\/posts\/2412\/revisions\/2415"}],"wp:featuredmedia":[{"embeddable":true,"href":"https:\/\/blogs.correiobraziliense.com.br\/trilhasonora\/wp-json\/wp\/v2\/media\/1061"}],"wp:attachment":[{"href":"https:\/\/blogs.correiobraziliense.com.br\/trilhasonora\/wp-json\/wp\/v2\/media?parent=2412"}],"wp:term":[{"taxonomy":"category","embeddable":true,"href":"https:\/\/blogs.correiobraziliense.com.br\/trilhasonora\/wp-json\/wp\/v2\/categories?post=2412"},{"taxonomy":"post_tag","embeddable":true,"href":"https:\/\/blogs.correiobraziliense.com.br\/trilhasonora\/wp-json\/wp\/v2\/tags?post=2412"}],"curies":[{"name":"wp","href":"https:\/\/api.w.org\/{rel}","templated":true}]}}