{"id":2390,"date":"2022-09-16T09:53:09","date_gmt":"2022-09-16T12:53:09","guid":{"rendered":"https:\/\/blogs.correiobraziliense.com.br\/trilhasonora\/?p=2390"},"modified":"2022-09-16T12:06:40","modified_gmt":"2022-09-16T15:06:40","slug":"fim-de-semana-de-festivais-em-brasilia","status":"publish","type":"post","link":"https:\/\/blogs.correiobraziliense.com.br\/trilhasonora\/fim-de-semana-de-festivais-em-brasilia\/","title":{"rendered":"Fim de semana de festivais em Bras\u00edlia"},"content":{"rendered":"<p>Tr\u00eas festivais, o Plural &#8212; M\u00fasica e Diversidade, o Soul Bras\u00edlia e o Yalod\u00ea, s\u00e3o destaques na programa\u00e7\u00e3o musical do fim de semana na cidade, que traz tamb\u00e9m shows em outros palcos do Distrito Federal. O blog <strong>Trilha Sonora<\/strong> o convida a seguir o roteiro.<\/p>\n<figure id=\"attachment_2397\" aria-describedby=\"caption-attachment-2397\" style=\"width: 800px\" class=\"wp-caption aligncenter\"><img loading=\"lazy\" decoding=\"async\" class=\"size-full wp-image-2397\" src=\"https:\/\/blogs.correiobraziliense.com.br\/trilhasonora\/wp-content\/uploads\/sites\/39\/2022\/09\/novas-vozes.jpg\" alt=\"\" width=\"800\" height=\"568\" srcset=\"https:\/\/blogs.correiobraziliense.com.br\/trilhasonora\/wp-content\/uploads\/sites\/39\/2022\/09\/novas-vozes.jpg 800w, https:\/\/blogs.correiobraziliense.com.br\/trilhasonora\/wp-content\/uploads\/sites\/39\/2022\/09\/novas-vozes-300x213.jpg 300w, https:\/\/blogs.correiobraziliense.com.br\/trilhasonora\/wp-content\/uploads\/sites\/39\/2022\/09\/novas-vozes-768x545.jpg 768w, https:\/\/blogs.correiobraziliense.com.br\/trilhasonora\/wp-content\/uploads\/sites\/39\/2022\/09\/novas-vozes-550x391.jpg 550w, https:\/\/blogs.correiobraziliense.com.br\/trilhasonora\/wp-content\/uploads\/sites\/39\/2022\/09\/novas-vozes-230x163.jpg 230w\" sizes=\"auto, (max-width: 800px) 100vw, 800px\" \/><figcaption id=\"caption-attachment-2397\" class=\"wp-caption-text\">Novas Vozes de Bras\u00edlia. Cr\u00e9dito: Fred Brasiliense\/Divulga\u00e7\u00e3o<\/figcaption><\/figure>\n<p><strong>Novas Vozes de Bras\u00edlia &#8212; Para Saudar o Samba &#8212;<\/strong> O grupo formado por Ana Studart, Antonio Oliner, Edi Freitas, Paranhos, Pat\u00edcia Duboc, Silvinha Villela, Helena Mestrinho, Sandra Pelli Pelli, L\u00f3dia Liscio, Karin Richter, \u00c9rica Souza, Cris Castro e Janete G\u00f3es faz show hoje (16), \u00e0s 21h, na \u00e1rea externa do Clube do Choro. M\u00e1rcia Tauil \u00e9 convidada especial.<\/p>\n<p><strong>Falando de amor &#8212;<\/strong> Dhi Ribeiro e Gisele Gama s\u00e3o protagonistas do Yalod\u00ea espet\u00e1culo po\u00e9tico-musical <em>Falando de amor<\/em>, amanh\u00e3 (17), \u00e0s 19h, no Espa\u00e7o Cultural Renato Russo, na 508 Sul. A iniciativa do Instituto Brasileiro de Alto Desempenho tem como proposta a valoriza\u00e7\u00e3o da cultura e convida o espectador a imergir em bons sentimentos e refletir sobre a resili\u00eancia. Quem comparecer ganhar\u00e1 exemplar do livro <em>Falando de amor<\/em>, de Gisele Gama. A entrada \u00e9 franca.<\/p>\n<figure id=\"attachment_2395\" aria-describedby=\"caption-attachment-2395\" style=\"width: 643px\" class=\"wp-caption aligncenter\"><img loading=\"lazy\" decoding=\"async\" class=\"size-full wp-image-2395\" src=\"https:\/\/blogs.correiobraziliense.com.br\/trilhasonora\/wp-content\/uploads\/sites\/39\/2022\/09\/IMG-20220727-WA0038.jpg\" alt=\"\" width=\"643\" height=\"643\" srcset=\"https:\/\/blogs.correiobraziliense.com.br\/trilhasonora\/wp-content\/uploads\/sites\/39\/2022\/09\/IMG-20220727-WA0038.jpg 643w, https:\/\/blogs.correiobraziliense.com.br\/trilhasonora\/wp-content\/uploads\/sites\/39\/2022\/09\/IMG-20220727-WA0038-150x150.jpg 150w, https:\/\/blogs.correiobraziliense.com.br\/trilhasonora\/wp-content\/uploads\/sites\/39\/2022\/09\/IMG-20220727-WA0038-300x300.jpg 300w, https:\/\/blogs.correiobraziliense.com.br\/trilhasonora\/wp-content\/uploads\/sites\/39\/2022\/09\/IMG-20220727-WA0038-550x550.jpg 550w, https:\/\/blogs.correiobraziliense.com.br\/trilhasonora\/wp-content\/uploads\/sites\/39\/2022\/09\/IMG-20220727-WA0038-230x230.jpg 230w\" sizes=\"auto, (max-width: 643px) 100vw, 643px\" \/><figcaption id=\"caption-attachment-2395\" class=\"wp-caption-text\">Myriam Greco. Cr\u00e9dito: Arquivo pessoal<\/figcaption><\/figure>\n<p><strong>Sons da Primavera &#8212;\u00a0<\/strong>Myriam Greco apresenta o show <em>Sons da Primavera<\/em>, cantando cl\u00e1ssicos e da MPB e da Bossa Nova hoje (16), \u00e0s 20h, no Fazendola Bar &amp; Gastronomia (311 Norte Bloco D). O violonista R\u00e9gis Torre a acompanha ao viol\u00e3o. O couvert art\u00edstico \u00e9 de R$10.<\/p>\n<figure id=\"attachment_2391\" aria-describedby=\"caption-attachment-2391\" style=\"width: 800px\" class=\"wp-caption aligncenter\"><img loading=\"lazy\" decoding=\"async\" class=\"size-full wp-image-2391\" src=\"https:\/\/blogs.correiobraziliense.com.br\/trilhasonora\/wp-content\/uploads\/sites\/39\/2022\/09\/unnamed.jpg\" alt=\"\" width=\"800\" height=\"398\" srcset=\"https:\/\/blogs.correiobraziliense.com.br\/trilhasonora\/wp-content\/uploads\/sites\/39\/2022\/09\/unnamed.jpg 800w, https:\/\/blogs.correiobraziliense.com.br\/trilhasonora\/wp-content\/uploads\/sites\/39\/2022\/09\/unnamed-300x149.jpg 300w, https:\/\/blogs.correiobraziliense.com.br\/trilhasonora\/wp-content\/uploads\/sites\/39\/2022\/09\/unnamed-768x382.jpg 768w, https:\/\/blogs.correiobraziliense.com.br\/trilhasonora\/wp-content\/uploads\/sites\/39\/2022\/09\/unnamed-550x274.jpg 550w, https:\/\/blogs.correiobraziliense.com.br\/trilhasonora\/wp-content\/uploads\/sites\/39\/2022\/09\/unnamed-230x114.jpg 230w\" sizes=\"auto, (max-width: 800px) 100vw, 800px\" \/><figcaption id=\"caption-attachment-2391\" class=\"wp-caption-text\">Bruno Rejan Trio. Cr\u00e9dito: Casa Thomas Jefferson\/Divulga\u00e7\u00e3o<\/figcaption><\/figure>\n<p><strong>Brazilian Jazz &#8212;<\/strong> O Bruno Rejan Trio leva o seu Brazilian Jazz para Casa Thomas Jefferson Hall (entrequadra 706\/906 Sul) hoje (16), \u00e0s 20h. No show pelo projeto Sextas Musicais, o grupo toca composi\u00e7\u00f5es autorais e cl\u00e1ssicos de Chico Buarque e Caetano Veloso. A entrada \u00e9 franca.<\/p>\n<p><strong>No Cear\u00e1 \u00e9 Assim &#8212;<\/strong> Nilson Lima, Paulo Pe\u00e7anha, Silvino Filho e Jo\u00e3o Marinho s\u00e3o cantores cearense que que sobem ao palco do Feiti\u00e7o das Artes (306 Norte) amanh\u00e3 (17), \u00e0s 20h30, para apresentar o show <em>No Cear\u00e1 \u00e9 assim<\/em>. Acompanhados pelo percussionista Jorge Macarr\u00e3o, eles v\u00e3o interpretar can\u00e7\u00f5es compostas por Evaldo Gouveia, Raimundo Fagner, Belchior e Ednardo Fausto Nilo. O ingresso custa R$ 30.<\/p>\n<figure id=\"attachment_2392\" aria-describedby=\"caption-attachment-2392\" style=\"width: 800px\" class=\"wp-caption aligncenter\"><img loading=\"lazy\" decoding=\"async\" class=\"size-full wp-image-2392\" src=\"https:\/\/blogs.correiobraziliense.com.br\/trilhasonora\/wp-content\/uploads\/sites\/39\/2022\/09\/linn-wallace-domingues.jpg\" alt=\"\" width=\"800\" height=\"375\" srcset=\"https:\/\/blogs.correiobraziliense.com.br\/trilhasonora\/wp-content\/uploads\/sites\/39\/2022\/09\/linn-wallace-domingues.jpg 800w, https:\/\/blogs.correiobraziliense.com.br\/trilhasonora\/wp-content\/uploads\/sites\/39\/2022\/09\/linn-wallace-domingues-300x141.jpg 300w, https:\/\/blogs.correiobraziliense.com.br\/trilhasonora\/wp-content\/uploads\/sites\/39\/2022\/09\/linn-wallace-domingues-768x360.jpg 768w, https:\/\/blogs.correiobraziliense.com.br\/trilhasonora\/wp-content\/uploads\/sites\/39\/2022\/09\/linn-wallace-domingues-550x258.jpg 550w, https:\/\/blogs.correiobraziliense.com.br\/trilhasonora\/wp-content\/uploads\/sites\/39\/2022\/09\/linn-wallace-domingues-230x108.jpg 230w\" sizes=\"auto, (max-width: 800px) 100vw, 800px\" \/><figcaption id=\"caption-attachment-2392\" class=\"wp-caption-text\">Linn da Quebrada. Cr\u00e9dito: Wallace Domingues\/Divulga\u00e7\u00e3o<\/figcaption><\/figure>\n<p><strong>Plural &#8212; M\u00fasica e Diversidade &#8212;<\/strong> No Eixo Cultural Ibero-Americano ocorre amanh\u00e3 (17) e domingo (18) o projeto Plural &#8212; M\u00fasica e Diversidade com uma extensa programa\u00e7\u00e3o. Destaque para os shows de Fernando Jacob, Maria e Vento, Medra, Let\u00edcia Fialho, Thabata Loren, Mulamba, Alice Caymmi, Get\u00falio Abelha e Majur, amanh\u00e3, a partir das 16h30; e os de Linn da Quebrada, MC Dricka, Potiguara Bardo, Mascucetas, Puta Rom\u00e2ntica, Saran\u00ed, Flor Furac\u00e3o, Forr\u00f3 Jazz Cerrado, As\u00fa, Aurora V\u00eanus e Bando Risco Torto, domingo, com in\u00edcio \u00e0s 16h. O ingresso custa R$ 50.<\/p>\n<figure id=\"attachment_2394\" aria-describedby=\"caption-attachment-2394\" style=\"width: 800px\" class=\"wp-caption aligncenter\"><img loading=\"lazy\" decoding=\"async\" class=\"size-full wp-image-2394\" src=\"https:\/\/blogs.correiobraziliense.com.br\/trilhasonora\/wp-content\/uploads\/sites\/39\/2022\/09\/43816050312092022_zeeba-siciliano-1240x540.png\" alt=\"\" width=\"800\" height=\"348\" srcset=\"https:\/\/blogs.correiobraziliense.com.br\/trilhasonora\/wp-content\/uploads\/sites\/39\/2022\/09\/43816050312092022_zeeba-siciliano-1240x540.png 800w, https:\/\/blogs.correiobraziliense.com.br\/trilhasonora\/wp-content\/uploads\/sites\/39\/2022\/09\/43816050312092022_zeeba-siciliano-1240x540-300x131.png 300w, https:\/\/blogs.correiobraziliense.com.br\/trilhasonora\/wp-content\/uploads\/sites\/39\/2022\/09\/43816050312092022_zeeba-siciliano-1240x540-768x334.png 768w, https:\/\/blogs.correiobraziliense.com.br\/trilhasonora\/wp-content\/uploads\/sites\/39\/2022\/09\/43816050312092022_zeeba-siciliano-1240x540-550x239.png 550w, https:\/\/blogs.correiobraziliense.com.br\/trilhasonora\/wp-content\/uploads\/sites\/39\/2022\/09\/43816050312092022_zeeba-siciliano-1240x540-230x100.png 230w\" sizes=\"auto, (max-width: 800px) 100vw, 800px\" \/><figcaption id=\"caption-attachment-2394\" class=\"wp-caption-text\">Zeeba. Cr\u00e9dito: Sic\u00edlia\/Divulga\u00e7\u00e3o<\/figcaption><\/figure>\n<p><strong>Soul Bras\u00edlia &#8212;<\/strong> Transforma\u00e7\u00e3o cultural, por meio da plataforma que une m\u00fasica e atitude, \u00e9 o objetivo do Soul Bras\u00edlia Festival que ocorre amanh\u00e3 (17) e domingo (18), das 16h \u00e0s 23h, na \u00e1rea da Torre de TV. No primeiro dia apresenta-se a Orquestra Sinf\u00f4nica do Teatro Nacional, sob a reg\u00eancia do maestro Cl\u00e1udio Conhen, com a participa\u00e7\u00e3o dos guitarristas Haroldinho Mattos, Marcelo Barbosa, Dillo Ara\u00fajo e Ticho Laven\u00e9re; al\u00e9m do duo formado por Sunflower e Zeeba e do bloco Eduardo e M\u00f4nica e convidados.\u00a0 A programa\u00e7\u00e3o de domingo re\u00fane Surf Sessions, S\u00e9rgio Guis\u00e9, Paulo Ver\u00edssimo, Lucas Carlos, Menestrel, Cynthia, Froid, Samba Urgente, Carol Rodrigues, os DJs Mafra com Denner, e o coletivo Aparelinho, integrado pelos DJs Barata, Ops e Pez\u00e3o. Acesso gratuito.<\/p>\n<p><strong>Festival Yalod\u00ea &#8212;<\/strong> Treze cantoras negras de v\u00e1rias regi\u00f5es do pa\u00eds v\u00e3o ocupar o palco instalado na \u00e1rea externa do Museu Nacional da Rep\u00fablica, na Esplanada dos Minist\u00e9rios, para participar neste fim de semana do Festival Yalod\u00ea. Amanh\u00e3 (17), a partir das 19h, se apresentam Naju (DF), Cris Pereira (DF), Bia Nogueira (MG), Indiana Nomma (RJ), Margaridas (DF), Mayra Andrade (Cabo Verde) e DJ Kashuu (DF). No domingo, a partir das 20h, fazem show Afronta MC (ES), Margareth Meneses e Nessa (BA), Teresa Lopes e Fabiana Cozza. As DJs Naju e Janna tamb\u00e9m tomam parte da programa\u00e7\u00e3o. O acesso \u00e9 gratuito.<\/p>\n<figure id=\"attachment_2396\" aria-describedby=\"caption-attachment-2396\" style=\"width: 964px\" class=\"wp-caption aligncenter\"><img loading=\"lazy\" decoding=\"async\" class=\"size-full wp-image-2396\" src=\"https:\/\/blogs.correiobraziliense.com.br\/trilhasonora\/wp-content\/uploads\/sites\/39\/2022\/09\/Amor-Maior.png\" alt=\"\" width=\"964\" height=\"708\" srcset=\"https:\/\/blogs.correiobraziliense.com.br\/trilhasonora\/wp-content\/uploads\/sites\/39\/2022\/09\/Amor-Maior.png 964w, https:\/\/blogs.correiobraziliense.com.br\/trilhasonora\/wp-content\/uploads\/sites\/39\/2022\/09\/Amor-Maior-300x220.png 300w, https:\/\/blogs.correiobraziliense.com.br\/trilhasonora\/wp-content\/uploads\/sites\/39\/2022\/09\/Amor-Maior-768x564.png 768w, https:\/\/blogs.correiobraziliense.com.br\/trilhasonora\/wp-content\/uploads\/sites\/39\/2022\/09\/Amor-Maior-800x588.png 800w, https:\/\/blogs.correiobraziliense.com.br\/trilhasonora\/wp-content\/uploads\/sites\/39\/2022\/09\/Amor-Maior-550x404.png 550w, https:\/\/blogs.correiobraziliense.com.br\/trilhasonora\/wp-content\/uploads\/sites\/39\/2022\/09\/Amor-Maior-230x169.png 230w\" sizes=\"auto, (max-width: 964px) 100vw, 964px\" \/><figcaption id=\"caption-attachment-2396\" class=\"wp-caption-text\">Grupo Amor Maior. Cr\u00e9dito: Arquivo pessoal<\/figcaption><\/figure>\n<p><strong>Samba no Jardim Urbano &#8212;<\/strong> Vai rolarar samba neste fim de semana no Jardim Urbano, no terceiro piso do Conjunto Nacional. Amanh\u00e3 (17), a partir das 13h, se apresentam o grupo Amor Maior, Rog\u00ea Nascimento e Gustavo Correia; e domingo (18), no mesmo hor\u00e1rio, Clube do Samba e Cris Alves e banda. Acesso gratuito.<\/p>\n<figure id=\"attachment_2398\" aria-describedby=\"caption-attachment-2398\" style=\"width: 800px\" class=\"wp-caption aligncenter\"><img loading=\"lazy\" decoding=\"async\" class=\"size-full wp-image-2398\" src=\"https:\/\/blogs.correiobraziliense.com.br\/trilhasonora\/wp-content\/uploads\/sites\/39\/2022\/09\/Baratas-em-nova-forma\u00e7\u00e3o.jpeg\" alt=\"\" width=\"800\" height=\"642\" srcset=\"https:\/\/blogs.correiobraziliense.com.br\/trilhasonora\/wp-content\/uploads\/sites\/39\/2022\/09\/Baratas-em-nova-forma\u00e7\u00e3o.jpeg 800w, https:\/\/blogs.correiobraziliense.com.br\/trilhasonora\/wp-content\/uploads\/sites\/39\/2022\/09\/Baratas-em-nova-forma\u00e7\u00e3o-300x241.jpeg 300w, https:\/\/blogs.correiobraziliense.com.br\/trilhasonora\/wp-content\/uploads\/sites\/39\/2022\/09\/Baratas-em-nova-forma\u00e7\u00e3o-768x616.jpeg 768w, https:\/\/blogs.correiobraziliense.com.br\/trilhasonora\/wp-content\/uploads\/sites\/39\/2022\/09\/Baratas-em-nova-forma\u00e7\u00e3o-550x441.jpeg 550w, https:\/\/blogs.correiobraziliense.com.br\/trilhasonora\/wp-content\/uploads\/sites\/39\/2022\/09\/Baratas-em-nova-forma\u00e7\u00e3o-230x185.jpeg 230w\" sizes=\"auto, (max-width: 800px) 100vw, 800px\" \/><figcaption id=\"caption-attachment-2398\" class=\"wp-caption-text\">Baratas de Chernobyl. Cr\u00e9dito: Arquivo pessoal<\/figcaption><\/figure>\n<p><strong>Show de inaugura\u00e7\u00e3o &#8212;<\/strong> Com projeto Rock Cei ser\u00e1 inaugurada amanh\u00e3 (17) a Associa\u00e7\u00e3o de Artes e Cultura de Ceil\u00e2ndia (AACUC), na EQNN 1\/3. A partir das 14h se apresentam Jap\u00e3o (Voela 17), Baratas de Chernobyl, Rayet, Sintoma, Terceiro Poder, C\u00e1lida Ess\u00eancia e Tita 040. Acesso gratuito.<\/p>\n<p><strong>Sant\u00e9 Sol &amp; Som &#8212;<\/strong>\u00a0O Sant\u00e9 Lago (pr\u00f3ximo \u00e0 Ponte JK) comemora dois anos com o show do grupo O Bando, pelo projeto Sant\u00e9 Sol &amp; Som. O couvert art\u00edstico \u00e9 de R$ 25.<\/p>\n<p><strong>Grandes instrumentistas &#8212;<\/strong> Diego Figueiredo, guitarrista de carreira internacional com mais de 20 discos lan\u00e7ado, e Derico Sciotti, ex-integrante do sexteto do Programa do J\u00f4, tocam MPB e jazz em show hoje (16), \u00e0s 20h30, no Espa\u00e7o Cultural do Choro (Eixo Monumental). Ingessos \u00e0 venda no local.<\/p>\n","protected":false},"excerpt":{"rendered":"<p>Tr\u00eas festivais, o Plural &#8212; M\u00fasica e Diversidade, o Soul Bras\u00edlia e o Yalod\u00ea, s\u00e3o destaques na programa\u00e7\u00e3o musical do fim de semana na cidade, que traz tamb\u00e9m shows em outros palcos do Distrito Federal. O blog Trilha Sonora o convida a seguir o roteiro. Novas Vozes de Bras\u00edlia &#8212; Para Saudar o Samba &#8212; O grupo formado por Ana [&hellip;]<\/p>\n","protected":false},"author":84,"featured_media":2393,"comment_status":"open","ping_status":"open","sticky":false,"template":"","format":"standard","meta":{"footnotes":""},"categories":[113],"tags":[26,56,291,257,136,292],"class_list":["post-2390","post","type-post","status-publish","format-standard","has-post-thumbnail","hentry","category-materia","tag-brasilia","tag-festival","tag-festival-plural","tag-fim-de-semana","tag-programacao","tag-yalode"],"_links":{"self":[{"href":"https:\/\/blogs.correiobraziliense.com.br\/trilhasonora\/wp-json\/wp\/v2\/posts\/2390","targetHints":{"allow":["GET"]}}],"collection":[{"href":"https:\/\/blogs.correiobraziliense.com.br\/trilhasonora\/wp-json\/wp\/v2\/posts"}],"about":[{"href":"https:\/\/blogs.correiobraziliense.com.br\/trilhasonora\/wp-json\/wp\/v2\/types\/post"}],"author":[{"embeddable":true,"href":"https:\/\/blogs.correiobraziliense.com.br\/trilhasonora\/wp-json\/wp\/v2\/users\/84"}],"replies":[{"embeddable":true,"href":"https:\/\/blogs.correiobraziliense.com.br\/trilhasonora\/wp-json\/wp\/v2\/comments?post=2390"}],"version-history":[{"count":2,"href":"https:\/\/blogs.correiobraziliense.com.br\/trilhasonora\/wp-json\/wp\/v2\/posts\/2390\/revisions"}],"predecessor-version":[{"id":2400,"href":"https:\/\/blogs.correiobraziliense.com.br\/trilhasonora\/wp-json\/wp\/v2\/posts\/2390\/revisions\/2400"}],"wp:featuredmedia":[{"embeddable":true,"href":"https:\/\/blogs.correiobraziliense.com.br\/trilhasonora\/wp-json\/wp\/v2\/media\/2393"}],"wp:attachment":[{"href":"https:\/\/blogs.correiobraziliense.com.br\/trilhasonora\/wp-json\/wp\/v2\/media?parent=2390"}],"wp:term":[{"taxonomy":"category","embeddable":true,"href":"https:\/\/blogs.correiobraziliense.com.br\/trilhasonora\/wp-json\/wp\/v2\/categories?post=2390"},{"taxonomy":"post_tag","embeddable":true,"href":"https:\/\/blogs.correiobraziliense.com.br\/trilhasonora\/wp-json\/wp\/v2\/tags?post=2390"}],"curies":[{"name":"wp","href":"https:\/\/api.w.org\/{rel}","templated":true}]}}