{"id":2382,"date":"2022-09-09T09:16:48","date_gmt":"2022-09-09T12:16:48","guid":{"rendered":"https:\/\/blogs.correiobraziliense.com.br\/trilhasonora\/?p=2382"},"modified":"2022-09-09T09:47:06","modified_gmt":"2022-09-09T12:47:06","slug":"encontro-do-violao-brasileiro-e-o-destaque-do-fim-de-semana","status":"publish","type":"post","link":"https:\/\/blogs.correiobraziliense.com.br\/trilhasonora\/encontro-do-violao-brasileiro-e-o-destaque-do-fim-de-semana\/","title":{"rendered":"Encontro do Viol\u00e3o Brasileiro \u00e9 o destaque do fim de semana"},"content":{"rendered":"<p>O Encontro do Viol\u00e3o Brasileiro que ocorre domingo (11\/9) no Centro Cultural Banco do Brasil ser\u00e1 a principal atra\u00e7\u00e3o musical deste fim de semana em Bras\u00edlia, que trar\u00e1 em destaque na programa\u00e7\u00e3o o show do cantor e compositor capixaba Silva, o Bras\u00edlia on Concert e o projeto Viola em canto de mulher.<\/p>\n<p><strong>Homenagem a Dori Caymmi &#8212;<\/strong> Leonel Laterza homenageia Dori Caymmi em <em>Delicadeza<\/em>, show que apresenta hoje (9), \u00e0s 20h, na \u00e1rea externa do Clube do Choro (Eixo Monumental). Acompanhado por big band , com dire\u00e7\u00e3o de Pedro Vasconcellos, o cantor vai interpretar can\u00e7\u00f5es como <em>Alegre menina<\/em>, <em>Desenredo<\/em>, <em>Estrela da terra<\/em> e <em>Mercado de siri<\/em>. O ingresso custa R$ 25.<\/p>\n<p><strong>Cl\u00e1ssicos da MPB &#8212;<\/strong> C\u00e9lia Rabelo canta cl\u00e1ssicos da MPB em apresenta\u00e7\u00e3o hoje (9), \u00e0s 22h30, na Taberna Luzitana (412 Sul). O couvert art\u00edstico \u00e9 de R$ 20.<\/p>\n<p><strong>Tributo a Noel Rosa &#8212;<\/strong> O projeto<em> Sexta Musical<\/em> da Casa Thomas Jefferson Hall (entrequadra 706\/906 Sul) recebe hoje (9), \u00e0s 20h, o musical <em>No tempo de Noel<\/em> com a Cia Teatral Hablado, de Gilson Montblanc, com dire\u00e7\u00e3o de Rai Melode. A entrada \u00e9 franca.<\/p>\n<p><iframe loading=\"lazy\" title=\"Jefferson Moraes  - T\u00f4 Mal (EP Quem N\u00e3o Chora Faz Bico)\" width=\"1440\" height=\"810\" src=\"https:\/\/www.youtube.com\/embed\/FFiKTJLx3jk?feature=oembed\" frameborder=\"0\" allow=\"accelerometer; autoplay; clipboard-write; encrypted-media; gyroscope; picture-in-picture; web-share\" referrerpolicy=\"strict-origin-when-cross-origin\" allowfullscreen><\/iframe><\/p>\n<p><strong>Show em boate &#8212;<\/strong> Com show de Jefferson Moraes, a Universidade Cozinha Bar (Setor Comercial Norte (em frente ao Liberty Mall) inaugura hoje (9), \u00e0s 22h, a boate UniClub. O ingresso custa R$ 50 &#8212; primeiro lote.<\/p>\n<p><strong>Som dos anos 1970 &#8212;<\/strong> <em>O Konjunto na Superf\u00edcie do Planeta<\/em> \u00e9 o nome do espet\u00e1culo que a banda Marssal apresenta hoje (9), \u00e0s 20h, na Cervejaria Corina (Setor de Oficinaas Norte, Quadra 1, Conjunto B). No repert\u00f3rio, m\u00fasicas de Caetano Veloso, Gilberto Gil, Mutantes e Elton John. A dire\u00e7\u00e3o musical \u00e9 de M\u00e1rio Pazcheco. A entrada \u00e9 franca.<\/p>\n<p><strong>Homenagem a Jorge Benjor &#8212;<\/strong> Alex Silva canta cl\u00e1ssicos de Jorge Benjor em show hoje (9), \u00e0s 19h30, na Fazendola (311 Norte, Bloco D). Acompanhado por banda, ele revisita cl\u00e1ssicos como <em>Fio Maravilha<\/em>, <em>Ive Brussel<\/em>, <em>Jorge da Capad\u00f3cia<\/em> e <em>Xica da Silva<\/em>. O couvert art\u00edstico \u00e9 de R$ 10. Reserva de mesa pelo telefone 3349-0169.<\/p>\n<figure id=\"attachment_432\" aria-describedby=\"caption-attachment-432\" style=\"width: 800px\" class=\"wp-caption aligncenter\"><img loading=\"lazy\" decoding=\"async\" class=\"size-full wp-image-432\" src=\"https:\/\/blogs.correiobraziliense.com.br\/trilhasonora\/wp-content\/uploads\/sites\/39\/2018\/07\/CBNFOT100720180935-1.jpg\" alt=\"\" width=\"800\" height=\"533\" srcset=\"https:\/\/blogs.correiobraziliense.com.br\/trilhasonora\/wp-content\/uploads\/sites\/39\/2018\/07\/CBNFOT100720180935-1.jpg 800w, https:\/\/blogs.correiobraziliense.com.br\/trilhasonora\/wp-content\/uploads\/sites\/39\/2018\/07\/CBNFOT100720180935-1-300x200.jpg 300w, https:\/\/blogs.correiobraziliense.com.br\/trilhasonora\/wp-content\/uploads\/sites\/39\/2018\/07\/CBNFOT100720180935-1-768x512.jpg 768w, https:\/\/blogs.correiobraziliense.com.br\/trilhasonora\/wp-content\/uploads\/sites\/39\/2018\/07\/CBNFOT100720180935-1-550x366.jpg 550w, https:\/\/blogs.correiobraziliense.com.br\/trilhasonora\/wp-content\/uploads\/sites\/39\/2018\/07\/CBNFOT100720180935-1-230x153.jpg 230w\" sizes=\"auto, (max-width: 800px) 100vw, 800px\" \/><figcaption id=\"caption-attachment-432\" class=\"wp-caption-text\">Cr\u00e9dito: Wilmore Oliveira\/Divulga\u00e7\u00e3o. Cantor Silva<\/figcaption><\/figure>\n<p><strong>Silva no Spaten &#8212;<\/strong> O cantor e compositor capixaba Silva \u00e9 a atra\u00e7\u00e3o da abertura do Spaten Garten, no rooftop do Bras\u00edlia Shopping, hoje (9), \u00e0s 21h. Haver\u00e1 ainda a apresenta\u00e7\u00e3o do DJ Dudu Moreira. Os ingressos come\u00e7aram a ser vendidos por R$ 45.<\/p>\n<p><strong>Lan\u00e7amento de \u00e1lbum &#8212;<\/strong> A cantora e atriz italiana Tosca Donati lan\u00e7a \u00e1lbum <em>Morabeza,\u00a0<\/em>em que faz duetos com Ivan Lins, Arnaldo Antunes, Lenine e C\u00e9sar Mendes, hoje (9), \u00e0s 20h, no teatro do Bras\u00edlia Shopping. Acesso gratuito.<\/p>\n<p><strong>Bras\u00edlia in Concert &#8212;<\/strong> A cantora l\u00edrica Renata Dourado e o violinista Isaac Francisco protagonizam o <em>Bras\u00edlia in Concert<\/em> hoje (9) e amanh\u00e3 (10), \u00e0s 20h, na Igreja Nossa Senhora de Guadalupe (entrequadra 311\/312 Sul). Acompanhados por orquestra de c\u00e2mara, eles interpretam cl\u00e1ssicos do repert\u00f3rio de Maria Callas, Andrea Bocelli e Luciano Pavarotti, entre outros grandes nomes da m\u00fasica internacional. O ingresso custa R$ 50 (meia-entrada).<\/p>\n<p><strong>Viola em canto de mulher &#8212;<\/strong> Hoje (9) e amanh\u00e3 (10), \u00e0s 20h, a Pra\u00e7a do Padre Roque, no N\u00facleo Bandeirante, recebe o espet\u00e1culo <em>Viola em canto de Mulher<\/em>, que conta com a participa\u00e7\u00e3o de Karen Parreira, L\u00facia Lyra, Carol Carneiro, Irm\u00e3s Freitas e o Grupo Viola Flor (hoje, 9); Dayane Reis, P\u00e2mella Viola e Karoline, Flor Morena, Gaby Vila e Juliana Andrade (amanh\u00e3, 10). O acesso \u00e9 gratuito.<\/p>\n<p><strong>Tributo a Vander Lee &#8212;<\/strong> Marcos Catarina presta tributo ao irm\u00e3o Vander Lee amanh\u00e3 (10), \u00e0s 20h, no Clube do Choro (Eixo Monumental). No show de voz e viol\u00e3o, ele canta hits como <em>Esperando avi\u00f5es<\/em>, <em>Onde Deus possa me ouvir<\/em> e <em>Rom\u00e2nticos<\/em>. Ingressos no local.<\/p>\n<p><strong>M\u00fasica em Conjunto &#8212;<\/strong> Saraiva (MPB), Forasteiros (rock) e Usina 22 (pop rock) se apresentam amanh\u00e3 (10), das 13 \u00e0s 19h no projeto M\u00fasica em Conjunto. Rubinho Gabba (rock ac\u00fastico) e Banda Magnata s\u00e3o as atra\u00e7\u00f5es de domingo (11), das 13h \u00e0s 16h30. O projeto ocorre no Jardim Urbano, no terceiro piso do Conjunto Nacional. Acesso gratuito.<\/p>\n<p><strong>Encontro do Viol\u00e3o Brasileiro &#8212;<\/strong> Thiago Delgado, Toninho Horta, Paul\u00e3o 7 Cordas, Danoel Santiago, Ulisses Rocha e Ju\u00e7ara Dantas se apresentam domingo (11), a partir das 16h, no quintal do Centro Cultural Banco do Brasil (Setor de Clubes Sul). Os ingressos gratuitos devem ser retirados no <a href=\"https:\/\/ccbb.com.br\/brasilia\/programacao\/violao-brasileiro\/\">site oficial.<\/a><\/p>\n<p><strong>Samba T\u00e1 A\u00ed &#8212;<\/strong> O grupo 7 na Roda comandar\u00e1 o projeto <em>Samba t\u00e1 a\u00ed<\/em> domingo (11), a partir das 16h, na Pra\u00e7a Padre Roque, no N\u00facleo Bandeirante. Haver\u00e1 participa\u00e7\u00e3o das cantoras Ana Reis e Cris Pereira. Acesso gratuito.<\/p>\n<p><strong>Roda de samba &#8212;<\/strong> Karla Sangaleti comanda a roda de choro na companhia de Vinicius Vianna (viol\u00e3o), Nelsinho Serra (cavaquinho) e J\u00fanior Viegas (pandeiro) amanh\u00e3 (10), a partir do meio dia, no Pinella (408 Norte). Informa\u00e7\u00f5es: 3347-8334.<\/p>\n","protected":false},"excerpt":{"rendered":"<p>O Encontro do Viol\u00e3o Brasileiro que ocorre domingo (11\/9) no Centro Cultural Banco do Brasil ser\u00e1 a principal atra\u00e7\u00e3o musical deste fim de semana em Bras\u00edlia, que trar\u00e1 em destaque na programa\u00e7\u00e3o o show do cantor e compositor capixaba Silva, o Bras\u00edlia on Concert e o projeto Viola em canto de mulher. Homenagem a Dori Caymmi &#8212; Leonel Laterza homenageia [&hellip;]<\/p>\n","protected":false},"author":84,"featured_media":2383,"comment_status":"open","ping_status":"open","sticky":false,"template":"","format":"standard","meta":{"footnotes":""},"categories":[27],"tags":[26,289,256,257,21,290],"class_list":["post-2382","post","type-post","status-publish","format-standard","has-post-thumbnail","hentry","category-coluna-sons-da-noite","tag-brasilia","tag-encontro-dos-violoes","tag-eventos","tag-fim-de-semana","tag-show","tag-silva"],"_links":{"self":[{"href":"https:\/\/blogs.correiobraziliense.com.br\/trilhasonora\/wp-json\/wp\/v2\/posts\/2382","targetHints":{"allow":["GET"]}}],"collection":[{"href":"https:\/\/blogs.correiobraziliense.com.br\/trilhasonora\/wp-json\/wp\/v2\/posts"}],"about":[{"href":"https:\/\/blogs.correiobraziliense.com.br\/trilhasonora\/wp-json\/wp\/v2\/types\/post"}],"author":[{"embeddable":true,"href":"https:\/\/blogs.correiobraziliense.com.br\/trilhasonora\/wp-json\/wp\/v2\/users\/84"}],"replies":[{"embeddable":true,"href":"https:\/\/blogs.correiobraziliense.com.br\/trilhasonora\/wp-json\/wp\/v2\/comments?post=2382"}],"version-history":[{"count":4,"href":"https:\/\/blogs.correiobraziliense.com.br\/trilhasonora\/wp-json\/wp\/v2\/posts\/2382\/revisions"}],"predecessor-version":[{"id":2387,"href":"https:\/\/blogs.correiobraziliense.com.br\/trilhasonora\/wp-json\/wp\/v2\/posts\/2382\/revisions\/2387"}],"wp:featuredmedia":[{"embeddable":true,"href":"https:\/\/blogs.correiobraziliense.com.br\/trilhasonora\/wp-json\/wp\/v2\/media\/2383"}],"wp:attachment":[{"href":"https:\/\/blogs.correiobraziliense.com.br\/trilhasonora\/wp-json\/wp\/v2\/media?parent=2382"}],"wp:term":[{"taxonomy":"category","embeddable":true,"href":"https:\/\/blogs.correiobraziliense.com.br\/trilhasonora\/wp-json\/wp\/v2\/categories?post=2382"},{"taxonomy":"post_tag","embeddable":true,"href":"https:\/\/blogs.correiobraziliense.com.br\/trilhasonora\/wp-json\/wp\/v2\/tags?post=2382"}],"curies":[{"name":"wp","href":"https:\/\/api.w.org\/{rel}","templated":true}]}}