{"id":236,"date":"2018-01-24T15:39:01","date_gmt":"2018-01-24T17:39:01","guid":{"rendered":"https:\/\/blogs.correiobraziliense.com.br\/trilhasonora\/?p=236"},"modified":"2018-01-25T18:34:14","modified_gmt":"2018-01-25T20:34:14","slug":"cor-do-som-lanca-single-nesta-sexta-e-da-inicio","status":"publish","type":"post","link":"https:\/\/blogs.correiobraziliense.com.br\/trilhasonora\/cor-do-som-lanca-single-nesta-sexta-e-da-inicio\/","title":{"rendered":"A cor do som d\u00e1 in\u00edcio \u00e0s comemora\u00e7\u00f5es dos 40 anos do grupo com novo single"},"content":{"rendered":"<h3>A cor do som foi refer\u00eancia do pop nacional entre os anos 1970 e 1980. O single conta com a participa\u00e7\u00e3o de Djavan.<\/h3>\n<p><em>Alvo certo<\/em> \u00e9 o single que chega sexta-feira \u00e0s plataformas digitais, dando in\u00edcio \u00e0s comemora\u00e7\u00f5es dos 40 anos de A Cor do Som. A banda foi a principal refer\u00eancia na cena pop nacional entre o final da d\u00e9cada de 1970 e meados os anos 1980, antecipando a explos\u00e3o BRock. Na grava\u00e7\u00e3o da m\u00fasica de Andr\u00e9 Carvalho e Dadi Carvalho, o grupo contou com a participa\u00e7\u00e3o de Djavan.<\/p>\n<p>Em breve, por meio da distribuidora Altofafalante, ser\u00e1 lan\u00e7ado em mais de 20 plataformas o \u00e1lbum <em>A Cor do Som &#8212; 40 anos<\/em>, produ\u00e7\u00e3o de Ricardo Feghali, com participa\u00e7\u00f5es especiais de Gilberto Gil, Lulu Santos, Samuel Rosa, Paulinho Moska, Fl\u00e1vio Venturini, 14 Bis e Roupa Nova, al\u00e9m da banda brasiliense Natiruts.<\/p>\n<figure id=\"attachment_237\" aria-describedby=\"caption-attachment-237\" style=\"width: 1024px\" class=\"wp-caption aligncenter\"><img loading=\"lazy\" decoding=\"async\" class=\"size-large wp-image-237\" src=\"https:\/\/blogs.correiobraziliense.com.br\/trilhasonora\/wp-content\/uploads\/sites\/39\/2018\/01\/A-Cor-do-Som-Pr\u00eamio-Sharp-1024x555.jpg\" alt=\"A Cor do Som- Pr\u00eamio Sharp\" width=\"1024\" height=\"555\" srcset=\"https:\/\/blogs.correiobraziliense.com.br\/trilhasonora\/wp-content\/uploads\/sites\/39\/2018\/01\/A-Cor-do-Som-Pr\u00eamio-Sharp-1024x555.jpg 1024w, https:\/\/blogs.correiobraziliense.com.br\/trilhasonora\/wp-content\/uploads\/sites\/39\/2018\/01\/A-Cor-do-Som-Pr\u00eamio-Sharp-300x163.jpg 300w, https:\/\/blogs.correiobraziliense.com.br\/trilhasonora\/wp-content\/uploads\/sites\/39\/2018\/01\/A-Cor-do-Som-Pr\u00eamio-Sharp-768x416.jpg 768w, https:\/\/blogs.correiobraziliense.com.br\/trilhasonora\/wp-content\/uploads\/sites\/39\/2018\/01\/A-Cor-do-Som-Pr\u00eamio-Sharp-550x298.jpg 550w, https:\/\/blogs.correiobraziliense.com.br\/trilhasonora\/wp-content\/uploads\/sites\/39\/2018\/01\/A-Cor-do-Som-Pr\u00eamio-Sharp-230x125.jpg 230w, https:\/\/blogs.correiobraziliense.com.br\/trilhasonora\/wp-content\/uploads\/sites\/39\/2018\/01\/A-Cor-do-Som-Pr\u00eamio-Sharp.jpg 1200w\" sizes=\"auto, (max-width: 1024px) 100vw, 1024px\" \/><figcaption id=\"caption-attachment-237\" class=\"wp-caption-text\">A Cor do Som recebendo Pr\u00eamio Sharp 1997 de &#8216;Melhor grupo de m\u00fasica popular&#8217;<\/figcaption><\/figure>\n<p>A Cor do Som &#8212; o nome foi dado por Caetano Veloso &#8212; surgiu em 1977, tendo forma\u00e7\u00e3o Dadi Carvalho (ex-Novos Baianos e Banda do Z\u00e9 Pretinho), M\u00fa Carvalho (ex-Banda do Z\u00e9 Pretinho), Armandinho Macedo (Trio El\u00e9trico Armandinho, Dod\u00f4 &amp; Osmar) e Gustavo Schroeter (ex-A Bolha). A partir do segundo disco, o <em>Ao Vivo em Montreux<\/em>, o percussionista Ary Dias, passou a fazer parte do grupo. Todos est\u00e3o novamente juntos nesse retorno.<\/p>\n<p>Com um tipo de som em que funde elementos de ritmos regionais brasileiros, rock e m\u00fasica cl\u00e1ssica, a banda contabiliza 12 t\u00edtulos em sua discografia. O mais recente \u00e9 o <em>A Cor do Som Ac\u00fastico<\/em>, lan\u00e7ado pela Sony Music em 2005. Entre os sucessos que lan\u00e7aram destacam-se: <em>Abri a porta<\/em>, <em>Beleza pura<\/em>, <em>Dentro da minha cabe\u00e7a<\/em>, <em>Menino Deus<\/em>, <em>Suingue menina<\/em> e <em>Zanzibar<\/em>.<\/p>\n<p>A banda fez v\u00e1rios shows em Bras\u00edlia, ao longo da carreira; e certamente vai voltar \u00e0 cidade ap\u00f3s lan\u00e7ar o CD e o LP, na sequ\u00eancia da nova turn\u00ea nacional. Os f\u00e3s n\u00e3o perdem por aguardar.<\/p>\n","protected":false},"excerpt":{"rendered":"<p>A cor do som foi refer\u00eancia do pop nacional entre os anos 1970 e 1980. O single conta com a participa\u00e7\u00e3o de Djavan. <\/p>\n","protected":false},"author":84,"featured_media":238,"comment_status":"open","ping_status":"open","sticky":false,"template":"","format":"standard","meta":{"footnotes":""},"categories":[2],"tags":[77,78],"class_list":["post-236","post","type-post","status-publish","format-standard","has-post-thumbnail","hentry","category-musica","tag-a-cor-do-som","tag-single"],"_links":{"self":[{"href":"https:\/\/blogs.correiobraziliense.com.br\/trilhasonora\/wp-json\/wp\/v2\/posts\/236","targetHints":{"allow":["GET"]}}],"collection":[{"href":"https:\/\/blogs.correiobraziliense.com.br\/trilhasonora\/wp-json\/wp\/v2\/posts"}],"about":[{"href":"https:\/\/blogs.correiobraziliense.com.br\/trilhasonora\/wp-json\/wp\/v2\/types\/post"}],"author":[{"embeddable":true,"href":"https:\/\/blogs.correiobraziliense.com.br\/trilhasonora\/wp-json\/wp\/v2\/users\/84"}],"replies":[{"embeddable":true,"href":"https:\/\/blogs.correiobraziliense.com.br\/trilhasonora\/wp-json\/wp\/v2\/comments?post=236"}],"version-history":[{"count":3,"href":"https:\/\/blogs.correiobraziliense.com.br\/trilhasonora\/wp-json\/wp\/v2\/posts\/236\/revisions"}],"predecessor-version":[{"id":241,"href":"https:\/\/blogs.correiobraziliense.com.br\/trilhasonora\/wp-json\/wp\/v2\/posts\/236\/revisions\/241"}],"wp:featuredmedia":[{"embeddable":true,"href":"https:\/\/blogs.correiobraziliense.com.br\/trilhasonora\/wp-json\/wp\/v2\/media\/238"}],"wp:attachment":[{"href":"https:\/\/blogs.correiobraziliense.com.br\/trilhasonora\/wp-json\/wp\/v2\/media?parent=236"}],"wp:term":[{"taxonomy":"category","embeddable":true,"href":"https:\/\/blogs.correiobraziliense.com.br\/trilhasonora\/wp-json\/wp\/v2\/categories?post=236"},{"taxonomy":"post_tag","embeddable":true,"href":"https:\/\/blogs.correiobraziliense.com.br\/trilhasonora\/wp-json\/wp\/v2\/tags?post=236"}],"curies":[{"name":"wp","href":"https:\/\/api.w.org\/{rel}","templated":true}]}}