{"id":2253,"date":"2022-06-24T06:48:11","date_gmt":"2022-06-24T09:48:11","guid":{"rendered":"https:\/\/blogs.correiobraziliense.com.br\/trilhasonora\/?p=2253"},"modified":"2022-06-24T09:42:26","modified_gmt":"2022-06-24T12:42:26","slug":"celebracao-ao-dia-do-orgulho-lgbtqia-marca-o-fim-de-semana","status":"publish","type":"post","link":"https:\/\/blogs.correiobraziliense.com.br\/trilhasonora\/celebracao-ao-dia-do-orgulho-lgbtqia-marca-o-fim-de-semana\/","title":{"rendered":"Celebra\u00e7\u00e3o ao Dia do Orgulho LGBTQIA+ marca o fim de semana"},"content":{"rendered":"<p>Num fim de semana em que tem in\u00edcio, antecipadamente, a celebra\u00e7\u00e3o do Dia do Orgulho LGBTQIA+ a diversidade est\u00e1 em destaque na programa\u00e7\u00e3o musical com shows de estilos variados, que v\u00e3o ocupar espa\u00e7os abertos e casas noturnas do Distrito Federal.<\/p>\n<p><strong>Sextas Musicais &#8212;<\/strong> Em recital de violino e piano, hoje (24\/6), \u00e0s 20h, na Casa Thomas Jefferson Hall (entrequadra 706\/906 Sul), Luciana Caixeta e Fab\u00edola Pinheiro prestam tributo a Jos\u00e9 Ant\u00f4nio Rezende de Almeida Prado (1943-2010), considerado um dos maiores compositores brasileiros. Do programa fazem parte a balada <em>B&#8217;nai B&#8217;Brith<\/em>, <em>Sonata para violino e piano<\/em> e<em> Noturno n\u00ba 13<\/em>. A entrada \u00e9 franca.<\/p>\n<figure id=\"attachment_2262\" aria-describedby=\"caption-attachment-2262\" style=\"width: 576px\" class=\"wp-caption aligncenter\"><img loading=\"lazy\" decoding=\"async\" class=\"size-full wp-image-2262\" src=\"https:\/\/blogs.correiobraziliense.com.br\/trilhasonora\/wp-content\/uploads\/sites\/39\/2022\/06\/Cabrera-e-Di-3.jpeg\" alt=\"\" width=\"576\" height=\"551\" srcset=\"https:\/\/blogs.correiobraziliense.com.br\/trilhasonora\/wp-content\/uploads\/sites\/39\/2022\/06\/Cabrera-e-Di-3.jpeg 576w, https:\/\/blogs.correiobraziliense.com.br\/trilhasonora\/wp-content\/uploads\/sites\/39\/2022\/06\/Cabrera-e-Di-3-300x287.jpeg 300w, https:\/\/blogs.correiobraziliense.com.br\/trilhasonora\/wp-content\/uploads\/sites\/39\/2022\/06\/Cabrera-e-Di-3-550x526.jpeg 550w, https:\/\/blogs.correiobraziliense.com.br\/trilhasonora\/wp-content\/uploads\/sites\/39\/2022\/06\/Cabrera-e-Di-3-230x220.jpeg 230w\" sizes=\"auto, (max-width: 576px) 100vw, 576px\" \/><figcaption id=\"caption-attachment-2262\" class=\"wp-caption-text\">Diana Mota e Jos\u00e9 Cabrera. Cr\u00e9dito: Arquivo pessoal<\/figcaption><\/figure>\n<p><strong>Samba e outras bossas &#8212;<\/strong> A cantora e flautista Diana Mota e o pianista Jos\u00e9 Cabrera fazem o show <em>Samba e outras bossas<\/em> amanh\u00e3 (25), \u00e0s 20h, na Fazendola Cozinha e Bar (311 Norte, Bloco D). No repert\u00f3rio, cl\u00e1ssicos da obra de Dorival Caymmi, Tom Jobim e outros mestres da MPB. O couvert art\u00f3stico \u00e9 de R$ 10. Reserva de mesa pelo telefone: 3349-0169.<\/p>\n<figure id=\"attachment_2257\" aria-describedby=\"caption-attachment-2257\" style=\"width: 800px\" class=\"wp-caption aligncenter\"><img loading=\"lazy\" decoding=\"async\" class=\"size-full wp-image-2257\" src=\"https:\/\/blogs.correiobraziliense.com.br\/trilhasonora\/wp-content\/uploads\/sites\/39\/2022\/06\/COLDPLAY_\u00a9Helena-Mello-34.jpg\" alt=\"\" width=\"800\" height=\"533\" srcset=\"https:\/\/blogs.correiobraziliense.com.br\/trilhasonora\/wp-content\/uploads\/sites\/39\/2022\/06\/COLDPLAY_\u00a9Helena-Mello-34.jpg 800w, https:\/\/blogs.correiobraziliense.com.br\/trilhasonora\/wp-content\/uploads\/sites\/39\/2022\/06\/COLDPLAY_\u00a9Helena-Mello-34-300x200.jpg 300w, https:\/\/blogs.correiobraziliense.com.br\/trilhasonora\/wp-content\/uploads\/sites\/39\/2022\/06\/COLDPLAY_\u00a9Helena-Mello-34-768x512.jpg 768w, https:\/\/blogs.correiobraziliense.com.br\/trilhasonora\/wp-content\/uploads\/sites\/39\/2022\/06\/COLDPLAY_\u00a9Helena-Mello-34-550x366.jpg 550w, https:\/\/blogs.correiobraziliense.com.br\/trilhasonora\/wp-content\/uploads\/sites\/39\/2022\/06\/COLDPLAY_\u00a9Helena-Mello-34-230x153.jpg 230w\" sizes=\"auto, (max-width: 800px) 100vw, 800px\" \/><figcaption id=\"caption-attachment-2257\" class=\"wp-caption-text\">Espet\u00e1culo em homenagem ao Coldplay. Cr\u00e9dito: Helena Mello\/Divulga\u00e7\u00e3o<\/figcaption><\/figure>\n<p><strong>Tr\u00eas musicais &#8212;<\/strong> O audit\u00f3rio master do Centro de Conven\u00e7\u00f5es Ulysses Guimar\u00e3es recebe neste s\u00e1bado (25), em diferentes hor\u00e1rios, tr\u00eas musicais de origem internacional. \u00c0s 15h, o p\u00fablico poder\u00e1 assistir <em>Rei Le\u00e3o in Concert<\/em>, que narra a hist\u00f3ria do jovem le\u00e3o Simba, com ingresso a R$ 45 (meia-entrada). Em seguida, \u00e0s 19h, em <em>Amazing Tenors<\/em> os vocalista Henrique Morrtshon, Murilo Trajano e Paulo Paolilo homenageiam Andrea Bocelli, interpretando sucessos da m\u00fasica italiana como <em>Canto della terra<\/em>, <em>Cinema Paradiso<\/em> e <em>Com te partir\u00f2<\/em>. Ingresso: R$ 65 (meia-entrada). J\u00e1 \u00e0s 22h, a atra\u00e7\u00e3o \u00e9 <em>Coldplay Experience Tribute<\/em>, espet\u00e1culo que homenageia a banda norte-americana Coldplay, com apresenta\u00e7\u00e3o do vocalista Thiago Gon\u00e7alves. O ingresso custa R$ 55 (meia-entrada).<\/p>\n<figure id=\"attachment_2261\" aria-describedby=\"caption-attachment-2261\" style=\"width: 800px\" class=\"wp-caption aligncenter\"><img loading=\"lazy\" decoding=\"async\" class=\"size-full wp-image-2261\" src=\"https:\/\/blogs.correiobraziliense.com.br\/trilhasonora\/wp-content\/uploads\/sites\/39\/2022\/06\/Carol-Nogueira.jpg\" alt=\"\" width=\"800\" height=\"533\" srcset=\"https:\/\/blogs.correiobraziliense.com.br\/trilhasonora\/wp-content\/uploads\/sites\/39\/2022\/06\/Carol-Nogueira.jpg 800w, https:\/\/blogs.correiobraziliense.com.br\/trilhasonora\/wp-content\/uploads\/sites\/39\/2022\/06\/Carol-Nogueira-300x200.jpg 300w, https:\/\/blogs.correiobraziliense.com.br\/trilhasonora\/wp-content\/uploads\/sites\/39\/2022\/06\/Carol-Nogueira-768x512.jpg 768w, https:\/\/blogs.correiobraziliense.com.br\/trilhasonora\/wp-content\/uploads\/sites\/39\/2022\/06\/Carol-Nogueira-550x366.jpg 550w, https:\/\/blogs.correiobraziliense.com.br\/trilhasonora\/wp-content\/uploads\/sites\/39\/2022\/06\/Carol-Nogueira-230x153.jpg 230w\" sizes=\"auto, (max-width: 800px) 100vw, 800px\" \/><figcaption id=\"caption-attachment-2261\" class=\"wp-caption-text\">Carol Nogueira. Cr\u00e9dito: Conjunto Nacional\/Divulga\u00e7\u00e3o<\/figcaption><\/figure>\n<p><strong>Viva S\u00e3o Jo\u00e3o &#8212;<\/strong> A trilha sonora das festas ser\u00e1 ouvida hoje (24) no Jardim Urbano, no terceiro piso do Conjunto Nacional, a partir das 18h30, na apresenta\u00e7\u00e3o do trio formado por Salom\u00e3o di P\u00e1dua (vocal), Agilson Alc\u00e2ntara (viol\u00e3o) e Carlos Pial (percuss\u00e3o). Amanh\u00e3 (25) quem d\u00e1 o tom a partir do meio-dia \u00e9 o samba, com o show de Carol Nogueira. O acesso \u00e9 gratuito.<\/p>\n<figure id=\"attachment_2255\" aria-describedby=\"caption-attachment-2255\" style=\"width: 800px\" class=\"wp-caption aligncenter\"><img loading=\"lazy\" decoding=\"async\" class=\"size-full wp-image-2255\" src=\"https:\/\/blogs.correiobraziliense.com.br\/trilhasonora\/wp-content\/uploads\/sites\/39\/2022\/06\/Aguaceiro02_cr\u00e9dito_Gabriel_Ikeda.jpg\" alt=\"\" width=\"800\" height=\"533\" srcset=\"https:\/\/blogs.correiobraziliense.com.br\/trilhasonora\/wp-content\/uploads\/sites\/39\/2022\/06\/Aguaceiro02_cr\u00e9dito_Gabriel_Ikeda.jpg 800w, https:\/\/blogs.correiobraziliense.com.br\/trilhasonora\/wp-content\/uploads\/sites\/39\/2022\/06\/Aguaceiro02_cr\u00e9dito_Gabriel_Ikeda-300x200.jpg 300w, https:\/\/blogs.correiobraziliense.com.br\/trilhasonora\/wp-content\/uploads\/sites\/39\/2022\/06\/Aguaceiro02_cr\u00e9dito_Gabriel_Ikeda-768x512.jpg 768w, https:\/\/blogs.correiobraziliense.com.br\/trilhasonora\/wp-content\/uploads\/sites\/39\/2022\/06\/Aguaceiro02_cr\u00e9dito_Gabriel_Ikeda-550x366.jpg 550w, https:\/\/blogs.correiobraziliense.com.br\/trilhasonora\/wp-content\/uploads\/sites\/39\/2022\/06\/Aguaceiro02_cr\u00e9dito_Gabriel_Ikeda-230x153.jpg 230w\" sizes=\"auto, (max-width: 800px) 100vw, 800px\" \/><figcaption id=\"caption-attachment-2255\" class=\"wp-caption-text\">Banda Aguaceiro. Cr\u00e9dito: Gabriel Ikeda\/Divulga\u00e7\u00e3o<\/figcaption><\/figure>\n<p><strong>Picnick Festival &#8212;<\/strong> Artistas consagrados da MPB como Pato Fu, Karina Buhr, Letrux, Luedji Luna e Rog\u00e9ro Skylab e brasilienses, entre eles Pedro Alex, Akhi Huna e Aguaceiro s\u00e3o atra\u00e7\u00f5es da parte musical da comemora\u00e7\u00e3o dos 10 anos do Picknick, que ocorre amanh\u00e3 (25) e domingo (26), a partir das 13h, na Pra\u00e7a Portugal, pr\u00f3ximo \u00e0 Embaixada dos Estados Unidos. Solicita-se a doa\u00e7\u00e3o de um quilo de alimento n\u00e3o perec\u00edvel para entrar.<\/p>\n<figure id=\"attachment_2256\" aria-describedby=\"caption-attachment-2256\" style=\"width: 800px\" class=\"wp-caption aligncenter\"><img loading=\"lazy\" decoding=\"async\" class=\"size-full wp-image-2256\" src=\"https:\/\/blogs.correiobraziliense.com.br\/trilhasonora\/wp-content\/uploads\/sites\/39\/2022\/06\/Capivara-Brass-Band-Foto-2-Tel\u00faria-Produ\u00e7\u00f5es.jpg\" alt=\"\" width=\"800\" height=\"572\" srcset=\"https:\/\/blogs.correiobraziliense.com.br\/trilhasonora\/wp-content\/uploads\/sites\/39\/2022\/06\/Capivara-Brass-Band-Foto-2-Tel\u00faria-Produ\u00e7\u00f5es.jpg 800w, https:\/\/blogs.correiobraziliense.com.br\/trilhasonora\/wp-content\/uploads\/sites\/39\/2022\/06\/Capivara-Brass-Band-Foto-2-Tel\u00faria-Produ\u00e7\u00f5es-300x215.jpg 300w, https:\/\/blogs.correiobraziliense.com.br\/trilhasonora\/wp-content\/uploads\/sites\/39\/2022\/06\/Capivara-Brass-Band-Foto-2-Tel\u00faria-Produ\u00e7\u00f5es-768x549.jpg 768w, https:\/\/blogs.correiobraziliense.com.br\/trilhasonora\/wp-content\/uploads\/sites\/39\/2022\/06\/Capivara-Brass-Band-Foto-2-Tel\u00faria-Produ\u00e7\u00f5es-550x393.jpg 550w, https:\/\/blogs.correiobraziliense.com.br\/trilhasonora\/wp-content\/uploads\/sites\/39\/2022\/06\/Capivara-Brass-Band-Foto-2-Tel\u00faria-Produ\u00e7\u00f5es-230x164.jpg 230w\" sizes=\"auto, (max-width: 800px) 100vw, 800px\" \/><figcaption id=\"caption-attachment-2256\" class=\"wp-caption-text\">Capivara Brass Band. Cr\u00e9dito: Tel\u00faria Produ\u00e7\u00f5es\/Divulga\u00e7\u00e3o<\/figcaption><\/figure>\n<p><strong>Festival de Jazz &#8212;<\/strong> O Lago Oeste promove o primeiro Festival de Jazz, na Ch\u00e1cara Cantinho do C\u00e9u, hoje (24) a partir das 19h, com shows dos grupos Capivara Brass Band, Trope\u00e7\u00e1lia e Violeta Groove. Amanh\u00e3 (25), com in\u00edcio \u00e0s 21h, haver\u00e1 a participa\u00e7\u00e3o do saxofonista L\u00edvio Almeida, que far\u00e1 um tributo a John Coltrone e do grupo Bart\u00f4 Blues Band. O ingfesso custa R$ 50 (um dia) e R$ 90 (passaporte para os dois dias).<\/p>\n<figure id=\"attachment_2259\" aria-describedby=\"caption-attachment-2259\" style=\"width: 800px\" class=\"wp-caption aligncenter\"><img loading=\"lazy\" decoding=\"async\" class=\"size-full wp-image-2259\" src=\"https:\/\/blogs.correiobraziliense.com.br\/trilhasonora\/wp-content\/uploads\/sites\/39\/2022\/06\/Anna-Moura-Foto-de-Nath\u00e1lia-Calvet.jpeg\" alt=\"\" width=\"800\" height=\"600\" srcset=\"https:\/\/blogs.correiobraziliense.com.br\/trilhasonora\/wp-content\/uploads\/sites\/39\/2022\/06\/Anna-Moura-Foto-de-Nath\u00e1lia-Calvet.jpeg 800w, https:\/\/blogs.correiobraziliense.com.br\/trilhasonora\/wp-content\/uploads\/sites\/39\/2022\/06\/Anna-Moura-Foto-de-Nath\u00e1lia-Calvet-300x225.jpeg 300w, https:\/\/blogs.correiobraziliense.com.br\/trilhasonora\/wp-content\/uploads\/sites\/39\/2022\/06\/Anna-Moura-Foto-de-Nath\u00e1lia-Calvet-768x576.jpeg 768w, https:\/\/blogs.correiobraziliense.com.br\/trilhasonora\/wp-content\/uploads\/sites\/39\/2022\/06\/Anna-Moura-Foto-de-Nath\u00e1lia-Calvet-550x413.jpeg 550w, https:\/\/blogs.correiobraziliense.com.br\/trilhasonora\/wp-content\/uploads\/sites\/39\/2022\/06\/Anna-Moura-Foto-de-Nath\u00e1lia-Calvet-230x173.jpeg 230w\" sizes=\"auto, (max-width: 800px) 100vw, 800px\" \/><figcaption id=\"caption-attachment-2259\" class=\"wp-caption-text\">Anna Moura. Cr\u00e9dito: Nath\u00e1lia Calvet\/Divulga\u00e7\u00e3o<\/figcaption><\/figure>\n<p><strong>Orgulho LGBTQIA+ &#8212;<\/strong> A celebra\u00e7\u00e3o do m\u00eas do Orgulho LGBTQIA+ vai ocupar por 24 horas entre as 16h de hoje (24) e 16h de amanh\u00e3 (25) &#8211;ininterruptamente &#8212; o Eixo Cultural Ibero-Americano (antiga Funarte), no Eixo Monumental. Shows de Ana B\u00e9a, Anna Moura, As\u00f9, Trio Rebu e grupo Saia Bamba est\u00e3o em destaque na programa\u00e7\u00e3o. O acesso \u00e9 gratuito.<\/p>\n<figure id=\"attachment_2254\" aria-describedby=\"caption-attachment-2254\" style=\"width: 800px\" class=\"wp-caption aligncenter\"><img loading=\"lazy\" decoding=\"async\" class=\"size-full wp-image-2254\" src=\"https:\/\/blogs.correiobraziliense.com.br\/trilhasonora\/wp-content\/uploads\/sites\/39\/2022\/06\/quarteto.jpg\" alt=\"\" width=\"800\" height=\"533\" srcset=\"https:\/\/blogs.correiobraziliense.com.br\/trilhasonora\/wp-content\/uploads\/sites\/39\/2022\/06\/quarteto.jpg 800w, https:\/\/blogs.correiobraziliense.com.br\/trilhasonora\/wp-content\/uploads\/sites\/39\/2022\/06\/quarteto-300x200.jpg 300w, https:\/\/blogs.correiobraziliense.com.br\/trilhasonora\/wp-content\/uploads\/sites\/39\/2022\/06\/quarteto-768x512.jpg 768w, https:\/\/blogs.correiobraziliense.com.br\/trilhasonora\/wp-content\/uploads\/sites\/39\/2022\/06\/quarteto-550x366.jpg 550w, https:\/\/blogs.correiobraziliense.com.br\/trilhasonora\/wp-content\/uploads\/sites\/39\/2022\/06\/quarteto-230x153.jpg 230w\" sizes=\"auto, (max-width: 800px) 100vw, 800px\" \/><figcaption id=\"caption-attachment-2254\" class=\"wp-caption-text\">Cr\u00e9dito: Arquivo pessoal<\/figcaption><\/figure>\n<p><strong>Feijoada com samba &#8212;<\/strong> Os m\u00fasicos Val\u00e9rio Xavier (voz e cavaquinho), Breno Alves (voz e pandeiro), Guto Martins (percuss\u00e3o) e Dudu 7 Cordas (viol\u00e3o) comandam a roda de choro regada a feijoada que o Caf\u00e9 Musical do Clube do Choro promove amanh\u00e3 (25), a partir do meio-dia. Em tempo de festa uunina, o grupo vai tocar tamb\u00e9m bai\u00e3o, forr\u00f3 e m\u00fasicas juninas. O couvert art\u00edstico \u00e9 de R$ 15 e faeijoada custa R$ 44,90. Informa\u00e7\u00f5es: 99527-4664.<\/p>\n<figure id=\"attachment_2258\" aria-describedby=\"caption-attachment-2258\" style=\"width: 543px\" class=\"wp-caption aligncenter\"><img loading=\"lazy\" decoding=\"async\" class=\"size-full wp-image-2258\" src=\"https:\/\/blogs.correiobraziliense.com.br\/trilhasonora\/wp-content\/uploads\/sites\/39\/2022\/06\/musicos.png\" alt=\"\" width=\"543\" height=\"436\" srcset=\"https:\/\/blogs.correiobraziliense.com.br\/trilhasonora\/wp-content\/uploads\/sites\/39\/2022\/06\/musicos.png 543w, https:\/\/blogs.correiobraziliense.com.br\/trilhasonora\/wp-content\/uploads\/sites\/39\/2022\/06\/musicos-300x241.png 300w, https:\/\/blogs.correiobraziliense.com.br\/trilhasonora\/wp-content\/uploads\/sites\/39\/2022\/06\/musicos-230x185.png 230w\" sizes=\"auto, (max-width: 543px) 100vw, 543px\" \/><figcaption id=\"caption-attachment-2258\" class=\"wp-caption-text\">Cr\u00e9dito: \u00c9 o Tchan\/Divulga\u00e7\u00e3o<\/figcaption><\/figure>\n<p><strong>\u00c9 o Tchan &#8212;<\/strong> O grupo baiano \u00c9 o Tchan est\u00e1 de volta a Brazl\u00e2ndia para apresenta\u00e7\u00e3o amanh\u00e3 (25), a partir das 22h, na Pra\u00e7a do La\u00e7o (Setor Norte). Compadre Washington e Beto Jamaica v\u00e3o cantor sucessos como<em> Segure o tchan<\/em>, <em>Na boquinha da garrafa<\/em> e <em>Dan\u00e7a da cordinha<\/em>. O acesso \u00e9 gratuito.<\/p>\n<figure id=\"attachment_2265\" aria-describedby=\"caption-attachment-2265\" style=\"width: 826px\" class=\"wp-caption aligncenter\"><img loading=\"lazy\" decoding=\"async\" class=\"size-full wp-image-2265\" src=\"https:\/\/blogs.correiobraziliense.com.br\/trilhasonora\/wp-content\/uploads\/sites\/39\/2022\/06\/scalene.jpg\" alt=\"\" width=\"826\" height=\"542\" srcset=\"https:\/\/blogs.correiobraziliense.com.br\/trilhasonora\/wp-content\/uploads\/sites\/39\/2022\/06\/scalene.jpg 826w, https:\/\/blogs.correiobraziliense.com.br\/trilhasonora\/wp-content\/uploads\/sites\/39\/2022\/06\/scalene-300x197.jpg 300w, https:\/\/blogs.correiobraziliense.com.br\/trilhasonora\/wp-content\/uploads\/sites\/39\/2022\/06\/scalene-768x504.jpg 768w, https:\/\/blogs.correiobraziliense.com.br\/trilhasonora\/wp-content\/uploads\/sites\/39\/2022\/06\/scalene-800x525.jpg 800w, https:\/\/blogs.correiobraziliense.com.br\/trilhasonora\/wp-content\/uploads\/sites\/39\/2022\/06\/scalene-550x361.jpg 550w, https:\/\/blogs.correiobraziliense.com.br\/trilhasonora\/wp-content\/uploads\/sites\/39\/2022\/06\/scalene-230x151.jpg 230w\" sizes=\"auto, (max-width: 826px) 100vw, 826px\" \/><figcaption id=\"caption-attachment-2265\" class=\"wp-caption-text\">Scalene. Cr\u00e9dito: Tate Wasabi\/Divulga\u00e7\u00e3o<\/figcaption><\/figure>\n<p><strong>Festival de Rock &#8212;<\/strong>\u00a0A banda brasiliense Scalene \u00e9 uma das atra\u00e7\u00f5es do Festival de Rock Iberico-Americano que ocupa de hoje (24) a domingo (26) a Concha Ac\u00fastica (orla norte do Lago Parano\u00e1), com shows a partir das 18h. Os outros participantes s\u00e3o as bandas Far From Alasca (RN), Dead Fisch (SP) e Aurora Rubra (Go). Os ingressos gratuitos poder ser retirados pels plataforma Sympla. Classifica\u00e7\u00e3o indicativa livre.<\/p>\n<figure id=\"attachment_2266\" aria-describedby=\"caption-attachment-2266\" style=\"width: 800px\" class=\"wp-caption aligncenter\"><img loading=\"lazy\" decoding=\"async\" class=\"size-full wp-image-2266\" src=\"https:\/\/blogs.correiobraziliense.com.br\/trilhasonora\/wp-content\/uploads\/sites\/39\/2022\/06\/RAPadura-Foto-Paola-Vianna.jpg\" alt=\"\" width=\"800\" height=\"533\" srcset=\"https:\/\/blogs.correiobraziliense.com.br\/trilhasonora\/wp-content\/uploads\/sites\/39\/2022\/06\/RAPadura-Foto-Paola-Vianna.jpg 800w, https:\/\/blogs.correiobraziliense.com.br\/trilhasonora\/wp-content\/uploads\/sites\/39\/2022\/06\/RAPadura-Foto-Paola-Vianna-300x200.jpg 300w, https:\/\/blogs.correiobraziliense.com.br\/trilhasonora\/wp-content\/uploads\/sites\/39\/2022\/06\/RAPadura-Foto-Paola-Vianna-768x512.jpg 768w, https:\/\/blogs.correiobraziliense.com.br\/trilhasonora\/wp-content\/uploads\/sites\/39\/2022\/06\/RAPadura-Foto-Paola-Vianna-550x366.jpg 550w, https:\/\/blogs.correiobraziliense.com.br\/trilhasonora\/wp-content\/uploads\/sites\/39\/2022\/06\/RAPadura-Foto-Paola-Vianna-230x153.jpg 230w\" sizes=\"auto, (max-width: 800px) 100vw, 800px\" \/><figcaption id=\"caption-attachment-2266\" class=\"wp-caption-text\">RAPadura. Cr\u00e9dito: Paola Vianna\/Divulga\u00e7\u00e3o<\/figcaption><\/figure>\n<p><strong>Feira Cultural de Ceil\u00e2ndia &#8212;<\/strong> A Casa do Cantador acolhe amanh\u00e3 (25) e domingo (26), a partir das 15h, a 8\u00aa Feira Cultural de Ceil\u00e2ndia. A parte musical traz v\u00e1rios shows de artistas locais e nacionais. Os destaques s\u00e3o os pernambucanos Adiel Lima e os brasilienses Rapadura Xique Chique, Marcelo Caf\u00e9, Jap\u00e3o (do coletivo Viela 27) e o grupo Paraibola. A entrada \u00e9 franca.<\/p>\n","protected":false},"excerpt":{"rendered":"<p>Num fim de semana em que tem in\u00edcio, antecipadamente, a celebra\u00e7\u00e3o do Dia do Orgulho LGBTQIA+ a diversidade est\u00e1 em destaque na programa\u00e7\u00e3o musical com shows de estilos variados, que v\u00e3o ocupar espa\u00e7os abertos e casas noturnas do Distrito Federal. Sextas Musicais &#8212; Em recital de violino e piano, hoje (24\/6), \u00e0s 20h, na Casa Thomas Jefferson Hall (entrequadra 706\/906 [&hellip;]<\/p>\n","protected":false},"author":84,"featured_media":2260,"comment_status":"open","ping_status":"open","sticky":false,"template":"","format":"standard","meta":{"footnotes":""},"categories":[113],"tags":[26,286,56,36,287,31],"class_list":["post-2253","post","type-post","status-publish","format-standard","has-post-thumbnail","hentry","category-materia","tag-brasilia","tag-e-o-tchan","tag-festival","tag-musica","tag-orgulho-lgbtqia","tag-shows"],"_links":{"self":[{"href":"https:\/\/blogs.correiobraziliense.com.br\/trilhasonora\/wp-json\/wp\/v2\/posts\/2253","targetHints":{"allow":["GET"]}}],"collection":[{"href":"https:\/\/blogs.correiobraziliense.com.br\/trilhasonora\/wp-json\/wp\/v2\/posts"}],"about":[{"href":"https:\/\/blogs.correiobraziliense.com.br\/trilhasonora\/wp-json\/wp\/v2\/types\/post"}],"author":[{"embeddable":true,"href":"https:\/\/blogs.correiobraziliense.com.br\/trilhasonora\/wp-json\/wp\/v2\/users\/84"}],"replies":[{"embeddable":true,"href":"https:\/\/blogs.correiobraziliense.com.br\/trilhasonora\/wp-json\/wp\/v2\/comments?post=2253"}],"version-history":[{"count":3,"href":"https:\/\/blogs.correiobraziliense.com.br\/trilhasonora\/wp-json\/wp\/v2\/posts\/2253\/revisions"}],"predecessor-version":[{"id":2267,"href":"https:\/\/blogs.correiobraziliense.com.br\/trilhasonora\/wp-json\/wp\/v2\/posts\/2253\/revisions\/2267"}],"wp:featuredmedia":[{"embeddable":true,"href":"https:\/\/blogs.correiobraziliense.com.br\/trilhasonora\/wp-json\/wp\/v2\/media\/2260"}],"wp:attachment":[{"href":"https:\/\/blogs.correiobraziliense.com.br\/trilhasonora\/wp-json\/wp\/v2\/media?parent=2253"}],"wp:term":[{"taxonomy":"category","embeddable":true,"href":"https:\/\/blogs.correiobraziliense.com.br\/trilhasonora\/wp-json\/wp\/v2\/categories?post=2253"},{"taxonomy":"post_tag","embeddable":true,"href":"https:\/\/blogs.correiobraziliense.com.br\/trilhasonora\/wp-json\/wp\/v2\/tags?post=2253"}],"curies":[{"name":"wp","href":"https:\/\/api.w.org\/{rel}","templated":true}]}}