{"id":210,"date":"2018-01-03T14:03:27","date_gmt":"2018-01-03T16:03:27","guid":{"rendered":"https:\/\/blogs.correiobraziliense.com.br\/trilhasonora\/?p=210"},"modified":"2018-01-03T16:18:05","modified_gmt":"2018-01-03T18:18:05","slug":"caravanas-turne-chico-buarque","status":"publish","type":"post","link":"https:\/\/blogs.correiobraziliense.com.br\/trilhasonora\/caravanas-turne-chico-buarque\/","title":{"rendered":"Caravanas, turn\u00ea de Chico Buarque, deve passar por Bras\u00edlia no primeiro semestre de 2018"},"content":{"rendered":"<h3>O cantor e compositor Chico Buarque cumpre temporada a partir de amanh\u00e3 no Rio de Janeiro com a turn\u00ea <em>Caravanas<\/em>. O show deve chegar a Bras\u00edlia ainda neste semestre.<\/h3>\n<p><em>Caravanas<\/em>, de Chico Buarque, eleito pela cr\u00edtica como o disco do ano em 2017, d\u00e1 nome tamb\u00e9m ao show que o cantor e compositor carioca que, depois de estrear em Belo Horizonte, cumpre temporada a partir de amanh\u00e3 no Rio de Janeiro; e em mar\u00e7o segue para S\u00e3o Paulo. Ainda n\u00e3o h\u00e1 datas marcadas para outras capitais, mas tudo leva a crer que o espet\u00e1culo chegue a Bras\u00edlia ainda neste semestre.<\/p>\n<p>Foram un\u00e2nimes os elogios que <em>Caravanas<\/em> recebeu ao ser apresentado na capital mineira, onde lotou por cinco noites o Pal\u00e1cio das Artes. Do roteiro \u00e0 sonoridade, passando pela escolha das m\u00fasicas, tudo foi destacado. As nove faixas do \u00e1lbum hom\u00f4nimo est\u00e3o presentes no repert\u00f3rio e dialogam com as outras 10 can\u00e7\u00f5es selecionadas.<\/p>\n<p><em>Minha embaixada chegou<\/em>, de Assis Valente (compositor baiano,nascido em Santo Amaro da Purifica\u00e7\u00e3o, portanto conterr\u00e2neo e Caetano Veloso) ouvida na abertura e no encerramento \u00e9 a \u00fanica n\u00e3o autoral. Trecho da letra diz: &#8220;Minha embaixada chegou, deixa meu povo passar\/ Meu povo pede licen\u00e7a, pra na batucada desacatar&#8230;&#8221;<\/p>\n<figure id=\"attachment_215\" aria-describedby=\"caption-attachment-215\" style=\"width: 1024px\" class=\"wp-caption aligncenter\"><img loading=\"lazy\" decoding=\"async\" class=\"size-large wp-image-215\" src=\"https:\/\/blogs.correiobraziliense.com.br\/trilhasonora\/wp-content\/uploads\/sites\/39\/2018\/01\/Chico-Buarque-Caravnas-2-1024x555.jpg\" alt=\"Chico Buarque\" width=\"1024\" height=\"555\" srcset=\"https:\/\/blogs.correiobraziliense.com.br\/trilhasonora\/wp-content\/uploads\/sites\/39\/2018\/01\/Chico-Buarque-Caravnas-2-1024x555.jpg 1024w, https:\/\/blogs.correiobraziliense.com.br\/trilhasonora\/wp-content\/uploads\/sites\/39\/2018\/01\/Chico-Buarque-Caravnas-2-300x163.jpg 300w, https:\/\/blogs.correiobraziliense.com.br\/trilhasonora\/wp-content\/uploads\/sites\/39\/2018\/01\/Chico-Buarque-Caravnas-2-768x416.jpg 768w, https:\/\/blogs.correiobraziliense.com.br\/trilhasonora\/wp-content\/uploads\/sites\/39\/2018\/01\/Chico-Buarque-Caravnas-2-550x298.jpg 550w, https:\/\/blogs.correiobraziliense.com.br\/trilhasonora\/wp-content\/uploads\/sites\/39\/2018\/01\/Chico-Buarque-Caravnas-2-230x125.jpg 230w, https:\/\/blogs.correiobraziliense.com.br\/trilhasonora\/wp-content\/uploads\/sites\/39\/2018\/01\/Chico-Buarque-Caravnas-2.jpg 1200w\" sizes=\"auto, (max-width: 1024px) 100vw, 1024px\" \/><figcaption id=\"caption-attachment-215\" class=\"wp-caption-text\">Foto: Leo Aversa<\/figcaption><\/figure>\n<p>Do <em>Caravanas<\/em>, al\u00e9m da can\u00e7\u00e3o que d\u00e1 t\u00edtulo ao show, Chico canta, por exemplo, <em>Casualmente<\/em> (parceria com o contrabaixista cearense-brasiliense Jorge Helder), <em>Desaforos<\/em>, <em>Massarandupi\u00f3<\/em> (que fez com o neto Chico Brown); <em>Tua cantiga<\/em> e <em>Blues pra Bia<\/em>.<\/p>\n<p>Chico revisita cl\u00e1ssicos de sua obra, entre os quais <em>Mambembe<\/em>, <em>Partido alto<\/em>, <em>A volta do malandro<\/em>, <em>Todo sentimento<\/em>, <em>Gota d&#8217;\u00e1gua<\/em> e <em>Futuros amantes<\/em>; al\u00e9m de e <em>Sabi\u00e1<\/em> e <em>Retrato em branco e preto<\/em>. As duas \u00faltimas, parcerias com Tom Jobim, nunca estiveram presentes em espet\u00e1culos oficiais do artista.<\/p>\n<h2>Repert\u00f3rio do show Caravanas, de Chico Buarque<\/h2>\n<p>1)MINHA EMBAIXADA CHEGOU (Assis Valente &#8211; 1934)\/MAMBEMBE (Chico \u2013 1972)<br \/>\n2)PARTIDO ALTO (Chico \u2013 1972)<br \/>\n3)IOLANDA (Pablo Milan\u00e9s \u2013 vers\u00e3o de Chico \u2013 1984)<br \/>\n4)CASUALMENTE (Jorge Helder \/ Chico \u2013 2017)<br \/>\n5)A MO\u00c7A DO SONHO (Edu Lobo \/ Chico \u2013 2001)<br \/>\n6)RETRATO EM BRANCO E PRETO (Tom Jobim \/ Chico \u2013 1968)<br \/>\n7)DESAFOROS (Chico \u2013 2017)<br \/>\n8)INJURIADO (Chico \u2013 1998)<br \/>\n9)DUETO (Chico\u00a0 \u2013 1979)<br \/>\n10)A VOLTA DO MALANDRO (Chico\u00a0 \u2013 1985)<br \/>\n11)HOMENAGEM AO MALANDRO (Chico\u00a0 \u2013 1977\/1978)<br \/>\n12)PALAVRA DE MULHER (Chico \u2013 1985)<br \/>\n13)AS VITRINES (Chico \u2013 1981)<br \/>\n14)JOGO DE BOLA (Chico \u2013 2017)<br \/>\n15)MASSARANDUPI\u00d3 (Chico Brown \/ Chico Buarque \u2013 2017)<br \/>\n16)OUTROS SONHOS (Chico \u2013 2006)<br \/>\n17)BLUES PRA BIA (Chico \u2013 2017)<br \/>\n18)A HIST\u00d3RIA DE LILY BRAUN (Edu Lobo \/ Chico \u2013 1982)<br \/>\n19)A BELA E A FERA (Edu Lobo \/ Chico \u2013 1982)<br \/>\n20)TODO 0 SENTIMENTO (Cristov\u00e3o Bastos \/ Chico \u2013 1987)<br \/>\n21)TUA CANTIGA (Cristov\u00e3o Bastos \/ Chico \u2013 2017)<br \/>\n22)SABI\u00c1 (Tom Jobim \/ Chico \u2013 1968)<br \/>\n23)GRANDE HOTEL (Wilson das Neves \/ Chico \u2013 1997)<br \/>\n24)GOTA D\u2019\u00c1GUA (Chico \u2013 1975)<br \/>\n25)AS CARAVANAS (Chico \u2013 2017)<br \/>\n26)ESTA\u00c7\u00c3O DERRADEIRA (Chico \u2013 1987)<br \/>\n27)MINHA EMBAIXADA CHEGOU (Assis Valente &#8211; 1934)<\/p>\n","protected":false},"excerpt":{"rendered":"<p>O cantor e compositor Chico Buarque cumpre temporada a partir de amanh\u00e3 no Rio de Janeiro com a turn\u00ea Caravanas. O show deve chegar a Bras\u00edlia ainda neste semestre.<\/p>\n","protected":false},"author":84,"featured_media":211,"comment_status":"open","ping_status":"open","sticky":false,"template":"","format":"standard","meta":{"footnotes":""},"categories":[2],"tags":[23,25,21],"class_list":["post-210","post","type-post","status-publish","format-standard","has-post-thumbnail","hentry","category-musica","tag-caravanas","tag-chico-buarque","tag-show"],"_links":{"self":[{"href":"https:\/\/blogs.correiobraziliense.com.br\/trilhasonora\/wp-json\/wp\/v2\/posts\/210","targetHints":{"allow":["GET"]}}],"collection":[{"href":"https:\/\/blogs.correiobraziliense.com.br\/trilhasonora\/wp-json\/wp\/v2\/posts"}],"about":[{"href":"https:\/\/blogs.correiobraziliense.com.br\/trilhasonora\/wp-json\/wp\/v2\/types\/post"}],"author":[{"embeddable":true,"href":"https:\/\/blogs.correiobraziliense.com.br\/trilhasonora\/wp-json\/wp\/v2\/users\/84"}],"replies":[{"embeddable":true,"href":"https:\/\/blogs.correiobraziliense.com.br\/trilhasonora\/wp-json\/wp\/v2\/comments?post=210"}],"version-history":[{"count":4,"href":"https:\/\/blogs.correiobraziliense.com.br\/trilhasonora\/wp-json\/wp\/v2\/posts\/210\/revisions"}],"predecessor-version":[{"id":217,"href":"https:\/\/blogs.correiobraziliense.com.br\/trilhasonora\/wp-json\/wp\/v2\/posts\/210\/revisions\/217"}],"wp:featuredmedia":[{"embeddable":true,"href":"https:\/\/blogs.correiobraziliense.com.br\/trilhasonora\/wp-json\/wp\/v2\/media\/211"}],"wp:attachment":[{"href":"https:\/\/blogs.correiobraziliense.com.br\/trilhasonora\/wp-json\/wp\/v2\/media?parent=210"}],"wp:term":[{"taxonomy":"category","embeddable":true,"href":"https:\/\/blogs.correiobraziliense.com.br\/trilhasonora\/wp-json\/wp\/v2\/categories?post=210"},{"taxonomy":"post_tag","embeddable":true,"href":"https:\/\/blogs.correiobraziliense.com.br\/trilhasonora\/wp-json\/wp\/v2\/tags?post=210"}],"curies":[{"name":"wp","href":"https:\/\/api.w.org\/{rel}","templated":true}]}}