{"id":2079,"date":"2022-03-07T22:19:23","date_gmt":"2022-03-08T01:19:23","guid":{"rendered":"https:\/\/blogs.correiobraziliense.com.br\/trilhasonora\/?p=2079"},"modified":"2022-03-08T00:22:02","modified_gmt":"2022-03-08T03:22:02","slug":"barquinho-renovado-publico-infantil-ganha-versao-em-video-de-classico-da-bossa-nova","status":"publish","type":"post","link":"https:\/\/blogs.correiobraziliense.com.br\/trilhasonora\/barquinho-renovado-publico-infantil-ganha-versao-em-video-de-classico-da-bossa-nova\/","title":{"rendered":"Barquinho renovado: P\u00fablico infantil ganha vers\u00e3o em v\u00eddeo de cl\u00e1ssico da Bossa Nova"},"content":{"rendered":"<p><em>O Barquinho<\/em>, composi\u00e7\u00e3o de Roberto Menescal e Ronaldo B\u00f4scoli, um dos mais celebrados cl\u00e1ssicos da Bossa Nova, ganhou nova vers\u00e3o. Faixa do \u00e1lbum<em> Bossinha legal<\/em>, voltado para o p\u00fablico infantil, lan\u00e7ado pela Deck nas plataformas digitais, em outubro de 2021, a can\u00e7\u00e3o transformou-se num v\u00eddeo de anima\u00e7\u00e3o, criado pelas irm\u00e3s Bruna e \u00c9rica, brasileiras radicadas em Vancouver, no Canad\u00e1. Elas s\u00e3o filhas de Giselle Kfuri, empres\u00e1ria e produtora de Menescal h\u00e1 mais de 20 anos.<\/p>\n<p>No v\u00eddeo, j\u00e1 dispon\u00edvel no YouTube, o famoso barquinho desliza pelo mar de afeto de Menescal. Ele e a neta Maria J\u00falia &#8212; fonte de inspira\u00e7\u00e3o do projeto &#8212; passeiam por um universo imagin\u00e1rio em que a cor azul \u00e9 predominante. &#8220;O clipe ficou uma del\u00edcia. \u00c9 emocionante estarmos em fam\u00edlia neste trabalho. A fam\u00edlia da arte, da m\u00fasica e do desenho. Eu nunca imaginei que na minha idade (84 anos) iria ver essa renova\u00e7\u00e3o de <em>O Barquinho<\/em>, composta h\u00e1 seis d\u00e9cadas&#8221;, comenta o compositor, violonista, arranjador e produtor.<\/p>\n<p><em>O Barquinho<\/em>, que na nova vers\u00e3o \u00e9 ouvido nas vozes de Roberto Menescal, Maria J\u00falia e a m\u00e3e dela Georgina Bonow, anteriormente foi gravada por, entre outros, por renomados artistas brasileiros como Tom Jobim, Jo\u00e3o Gilberto, Tim Maia, Elis Regina, Nara Le\u00e3o, Leila Pinheiro; pela cantora japonesa Lisa Ono, o flautista belga Toots Thielmans e o guitarrista ingl\u00eas Andy Summer, ex-The Police, entre outros.<\/p>\n<p><iframe loading=\"lazy\" title=\"O Barquinho - Tia G\u00ea e Roberto Menescal\" width=\"1440\" height=\"810\" src=\"https:\/\/www.youtube.com\/embed\/i5M8VGHIWqs?feature=oembed\" frameborder=\"0\" allow=\"accelerometer; autoplay; clipboard-write; encrypted-media; gyroscope; picture-in-picture; web-share\" referrerpolicy=\"strict-origin-when-cross-origin\" allowfullscreen><\/iframe><\/p>\n","protected":false},"excerpt":{"rendered":"<p>O Barquinho, composi\u00e7\u00e3o de Roberto Menescal e Ronaldo B\u00f4scoli, um dos mais celebrados cl\u00e1ssicos da Bossa Nova, ganhou nova vers\u00e3o. Faixa do \u00e1lbum Bossinha legal, voltado para o p\u00fablico infantil, lan\u00e7ado pela Deck nas plataformas digitais, em outubro de 2021, a can\u00e7\u00e3o transformou-se num v\u00eddeo de anima\u00e7\u00e3o, criado pelas irm\u00e3s Bruna e \u00c9rica, brasileiras radicadas em Vancouver, no Canad\u00e1. Elas [&hellip;]<\/p>\n","protected":false},"author":84,"featured_media":2082,"comment_status":"open","ping_status":"open","sticky":false,"template":"","format":"standard","meta":{"footnotes":""},"categories":[1],"tags":[114,36,271,94],"class_list":["post-2079","post","type-post","status-publish","format-standard","has-post-thumbnail","hentry","category-sem-categoria","tag-bossa-nova","tag-musica","tag-o-barquinho","tag-roberto-menescal"],"_links":{"self":[{"href":"https:\/\/blogs.correiobraziliense.com.br\/trilhasonora\/wp-json\/wp\/v2\/posts\/2079","targetHints":{"allow":["GET"]}}],"collection":[{"href":"https:\/\/blogs.correiobraziliense.com.br\/trilhasonora\/wp-json\/wp\/v2\/posts"}],"about":[{"href":"https:\/\/blogs.correiobraziliense.com.br\/trilhasonora\/wp-json\/wp\/v2\/types\/post"}],"author":[{"embeddable":true,"href":"https:\/\/blogs.correiobraziliense.com.br\/trilhasonora\/wp-json\/wp\/v2\/users\/84"}],"replies":[{"embeddable":true,"href":"https:\/\/blogs.correiobraziliense.com.br\/trilhasonora\/wp-json\/wp\/v2\/comments?post=2079"}],"version-history":[{"count":1,"href":"https:\/\/blogs.correiobraziliense.com.br\/trilhasonora\/wp-json\/wp\/v2\/posts\/2079\/revisions"}],"predecessor-version":[{"id":2081,"href":"https:\/\/blogs.correiobraziliense.com.br\/trilhasonora\/wp-json\/wp\/v2\/posts\/2079\/revisions\/2081"}],"wp:featuredmedia":[{"embeddable":true,"href":"https:\/\/blogs.correiobraziliense.com.br\/trilhasonora\/wp-json\/wp\/v2\/media\/2082"}],"wp:attachment":[{"href":"https:\/\/blogs.correiobraziliense.com.br\/trilhasonora\/wp-json\/wp\/v2\/media?parent=2079"}],"wp:term":[{"taxonomy":"category","embeddable":true,"href":"https:\/\/blogs.correiobraziliense.com.br\/trilhasonora\/wp-json\/wp\/v2\/categories?post=2079"},{"taxonomy":"post_tag","embeddable":true,"href":"https:\/\/blogs.correiobraziliense.com.br\/trilhasonora\/wp-json\/wp\/v2\/tags?post=2079"}],"curies":[{"name":"wp","href":"https:\/\/api.w.org\/{rel}","templated":true}]}}