{"id":2070,"date":"2022-02-04T06:38:11","date_gmt":"2022-02-04T09:38:11","guid":{"rendered":"https:\/\/blogs.correiobraziliense.com.br\/trilhasonora\/?p=2070"},"modified":"2022-02-03T20:49:33","modified_gmt":"2022-02-03T23:49:33","slug":"diversidade-sonora","status":"publish","type":"post","link":"https:\/\/blogs.correiobraziliense.com.br\/trilhasonora\/diversidade-sonora\/","title":{"rendered":"Diversidade sonora"},"content":{"rendered":"<p><em>Samba, choro, rock e blues s\u00e3o s\u00e3o g\u00eaneros musicais que podem ser apreciados na programa\u00e7\u00e3o de shows neste fim de semana na cidade, que tem como destaque um tributo a Elza Soares<\/em><\/p>\n<p><iframe loading=\"lazy\" title=\"Renato Gl\u00f3ria e os Comparsas\" width=\"1440\" height=\"810\" src=\"https:\/\/www.youtube.com\/embed\/UdKB01RLW24?feature=oembed\" frameborder=\"0\" allow=\"accelerometer; autoplay; clipboard-write; encrypted-media; gyroscope; picture-in-picture; web-share\" referrerpolicy=\"strict-origin-when-cross-origin\" allowfullscreen><\/iframe><\/p>\n<p><strong>Cl\u00e1ssicos do rock &#8212;<\/strong> Renato Gl\u00f3ria e Os Comparsas \u00e9 a banda que se apresenta hoje (4\/2), \u00e0s 20h, na Mundo Vivo Arte e Gastronomia (413 Norte, Bloco D), tocando cl\u00e1ssicos do rock e do blues, al\u00e9m de composi\u00e7\u00f5es autorais. O grupo tem em sua forma\u00e7\u00e3o Renato Gl\u00f3ria (voz e bateria), Haroldinho Mattos (guitarra e voz), Oswaldo Amorim (contrabaixo el\u00e9trico) e Daniel Baker (teclados). O couvert art\u00edstico \u00e9 de R$ 21. Reservas de mesa: 99523-0615.<\/p>\n<p><iframe loading=\"lazy\" title=\"L\u00facia de Maria - O sol nascer\u00e1 (Cartola)\" width=\"1440\" height=\"810\" src=\"https:\/\/www.youtube.com\/embed\/wMTGDrQb0Q8?feature=oembed\" frameborder=\"0\" allow=\"accelerometer; autoplay; clipboard-write; encrypted-media; gyroscope; picture-in-picture; web-share\" referrerpolicy=\"strict-origin-when-cross-origin\" allowfullscreen><\/iframe><\/p>\n<p><strong>Eternamente Elza &#8212;<\/strong> Tributo \u00e0 eterna Elza Soares &#8212; falecida recentemente &#8212; ser\u00e1 prestado amanh\u00e3 (5), \u00e0s 20h, no Feiti\u00e7o das Artes (306 Norte), por L\u00facia de Maria, ex-participante do <em>The Voice Brasil<\/em>. Acompanhada por Amilcar Par\u00e9 (viol\u00e3o, arranjos e dire\u00e7\u00e3o musical), Dudu Oliveira (contrabaixo e cavaquinho), Leander Motta (bateria) e M\u00e1rcio Bezerra (clarineta, flauta e saxofone), a cantora vai interpretar sambas consagrados do repert\u00f3rio da homenageada, entre os quais<em> Se acaso voc\u00ea chegasse<\/em> (Lupic\u00ednio Rodrigues), <em>O sol nascer\u00e1<\/em> (Cartola), <em>Malandro<\/em> (Jorge Arag\u00e3o), <em>Meu guri<\/em> (Chico Buarque) e <em>A mulher do fim do mundo<\/em> (Alice Coutinho e R\u00f4mulo Fr\u00f3es). O couvert art\u00edstico \u00e9 de R$ 25. Reserva de mesa: 3548-1680.<\/p>\n<figure id=\"attachment_2071\" aria-describedby=\"caption-attachment-2071\" style=\"width: 720px\" class=\"wp-caption aligncenter\"><img loading=\"lazy\" decoding=\"async\" class=\"size-full wp-image-2071\" src=\"https:\/\/blogs.correiobraziliense.com.br\/trilhasonora\/wp-content\/uploads\/sites\/39\/2022\/02\/0b13f116-b6fb-4ac4-aaa2-5f2434106797.jpg\" alt=\"\" width=\"720\" height=\"720\" srcset=\"https:\/\/blogs.correiobraziliense.com.br\/trilhasonora\/wp-content\/uploads\/sites\/39\/2022\/02\/0b13f116-b6fb-4ac4-aaa2-5f2434106797.jpg 720w, https:\/\/blogs.correiobraziliense.com.br\/trilhasonora\/wp-content\/uploads\/sites\/39\/2022\/02\/0b13f116-b6fb-4ac4-aaa2-5f2434106797-150x150.jpg 150w, https:\/\/blogs.correiobraziliense.com.br\/trilhasonora\/wp-content\/uploads\/sites\/39\/2022\/02\/0b13f116-b6fb-4ac4-aaa2-5f2434106797-300x300.jpg 300w, https:\/\/blogs.correiobraziliense.com.br\/trilhasonora\/wp-content\/uploads\/sites\/39\/2022\/02\/0b13f116-b6fb-4ac4-aaa2-5f2434106797-550x550.jpg 550w, https:\/\/blogs.correiobraziliense.com.br\/trilhasonora\/wp-content\/uploads\/sites\/39\/2022\/02\/0b13f116-b6fb-4ac4-aaa2-5f2434106797-230x230.jpg 230w\" sizes=\"auto, (max-width: 720px) 100vw, 720px\" \/><figcaption id=\"caption-attachment-2071\" class=\"wp-caption-text\">Kiki Oliveira<\/figcaption><\/figure>\n<p><strong>Roda de Samba &#8212;<\/strong> Programa j\u00e1 tradicional na cidade, a roda de samba do Clube do Choro, regada a feijoada, volta a ocorrer amanh\u00e3 (5), a partir das 12h, na \u00e1rea do Caf\u00e9 Musical da institui\u00e7\u00e3o, no Eixo Monumental. Cl\u00e1ssicos da obra dos mestres do g\u00eanero s\u00e3o a base do repert\u00f3rio na apresenta\u00e7\u00e3o de Breno Alves (voz e pandeiro), Dudu 7 Cordas (viol\u00e3o), Valerinho Xavier (cavaquinho) e Guto Martins (percuss\u00e3o). Eles t\u00eam como convidada a cantora Kiki Oliveira. O couvert art\u00edstico \u00e9 de R$ 20.<\/p>\n<p><strong>Flores em vida &#8212;<\/strong> O cantor Nenel Vida comanda concorrida roda de samba no bar Amigos das 400, na 407 Norte, que \u00e9 realizada aos s\u00e1bados, a partir das 18h. Intitulado <em>Flores em vida<\/em>, o evento costuma reunir destacados sambistas da cena brasiliense. &#8220;Nesta roda em que se ouve samba de raiz, reverenciamos grandes mestres como Martinho da Vila, Zeca Pagodinho, Arlindo Cruz e Jorge Arag\u00e3o&#8221;, destaca Nenel. N\u00e3o h\u00e1 cobran\u00e7a de couvert arrt\u00edstico, mas colabora\u00e7\u00e3o volunt\u00e1ria \u00e9 bem recebida.<\/p>\n","protected":false},"excerpt":{"rendered":"<p>Samba, choro, rock e blues s\u00e3o s\u00e3o g\u00eaneros musicais que podem ser apreciados na programa\u00e7\u00e3o de shows neste fim de semana na cidade, que tem como destaque um tributo a Elza Soares Cl\u00e1ssicos do rock &#8212; Renato Gl\u00f3ria e Os Comparsas \u00e9 a banda que se apresenta hoje (4\/2), \u00e0s 20h, na Mundo Vivo Arte e Gastronomia (413 Norte, Bloco [&hellip;]<\/p>\n","protected":false},"author":84,"featured_media":1851,"comment_status":"open","ping_status":"open","sticky":false,"template":"","format":"standard","meta":{"footnotes":""},"categories":[1],"tags":[],"class_list":["post-2070","post","type-post","status-publish","format-standard","has-post-thumbnail","hentry","category-sem-categoria"],"_links":{"self":[{"href":"https:\/\/blogs.correiobraziliense.com.br\/trilhasonora\/wp-json\/wp\/v2\/posts\/2070","targetHints":{"allow":["GET"]}}],"collection":[{"href":"https:\/\/blogs.correiobraziliense.com.br\/trilhasonora\/wp-json\/wp\/v2\/posts"}],"about":[{"href":"https:\/\/blogs.correiobraziliense.com.br\/trilhasonora\/wp-json\/wp\/v2\/types\/post"}],"author":[{"embeddable":true,"href":"https:\/\/blogs.correiobraziliense.com.br\/trilhasonora\/wp-json\/wp\/v2\/users\/84"}],"replies":[{"embeddable":true,"href":"https:\/\/blogs.correiobraziliense.com.br\/trilhasonora\/wp-json\/wp\/v2\/comments?post=2070"}],"version-history":[{"count":1,"href":"https:\/\/blogs.correiobraziliense.com.br\/trilhasonora\/wp-json\/wp\/v2\/posts\/2070\/revisions"}],"predecessor-version":[{"id":2072,"href":"https:\/\/blogs.correiobraziliense.com.br\/trilhasonora\/wp-json\/wp\/v2\/posts\/2070\/revisions\/2072"}],"wp:featuredmedia":[{"embeddable":true,"href":"https:\/\/blogs.correiobraziliense.com.br\/trilhasonora\/wp-json\/wp\/v2\/media\/1851"}],"wp:attachment":[{"href":"https:\/\/blogs.correiobraziliense.com.br\/trilhasonora\/wp-json\/wp\/v2\/media?parent=2070"}],"wp:term":[{"taxonomy":"category","embeddable":true,"href":"https:\/\/blogs.correiobraziliense.com.br\/trilhasonora\/wp-json\/wp\/v2\/categories?post=2070"},{"taxonomy":"post_tag","embeddable":true,"href":"https:\/\/blogs.correiobraziliense.com.br\/trilhasonora\/wp-json\/wp\/v2\/tags?post=2070"}],"curies":[{"name":"wp","href":"https:\/\/api.w.org\/{rel}","templated":true}]}}