{"id":2054,"date":"2022-01-13T09:19:12","date_gmt":"2022-01-13T12:19:12","guid":{"rendered":"https:\/\/blogs.correiobraziliense.com.br\/trilhasonora\/?p=2054"},"modified":"2022-01-13T17:04:36","modified_gmt":"2022-01-13T20:04:36","slug":"celebracao-musical-de-amigos-e-parceiros","status":"publish","type":"post","link":"https:\/\/blogs.correiobraziliense.com.br\/trilhasonora\/celebracao-musical-de-amigos-e-parceiros\/","title":{"rendered":"Celebra\u00e7\u00e3o musical de amigos e parceiros"},"content":{"rendered":"<p><em>Desengaiola, \u00e1lbum audiovisual que re\u00fane Alfredo Del Penho, Jo\u00e3o Cavalcanti, Moyseis Marques e Pedro Miranda, chega sexta-feira (14\/1) ao YouTube. O lan\u00e7amento presencial ser\u00e1 dia 21, no Circo Voador<\/em><\/p>\n<p>Amigos h\u00e1 mais de 20 anos, Alfredo Del-Penho, Jo\u00e3o Cavalcanti, Moyseis Marques e Pedro Miranda estiveram lado a lado no processo de reocupa\u00e7\u00e3o e revitaliza\u00e7\u00e3o cultural da Lapa, bairro bo\u00eamio no centro do Rio de Janeiro, com atua\u00e7\u00e3o em casas noturnas, apresenta\u00e7\u00e3o e rodas de samba e cria\u00e7\u00e3o de projetos. A admira\u00e7\u00e3o m\u00fatua e a afinidade art\u00edstica os levaram a uma intensa parceria musical. Faltava, entretanto, algo que simbolizasse essa uni\u00e3o.<\/p>\n<p>Isso se viabilizou quando os quatro, durante a quarentena determinada pela pandemia, se isolaram em Paty do Alferes, na regi\u00e3o serrana fluminense e, de forma colaborativa, fizeram o registro de <em>Desengaiola<\/em>, registro em \u00e1lbum audiovisual com 18 can\u00e7\u00f5es que chega nesta sexta-feira (14) aos aplicativos de m\u00fasica e ao YouTube. Captado com som direto, produ\u00e7\u00e3o de Jo\u00e3o Cavalcanti e Pedro Lu\u00eds, tem dire\u00e7\u00e3o de Eduardo Hunter Moura. A realiza\u00e7\u00e3o \u00e9 uma parceria da MPB Discos e Som Livre.<\/p>\n<p>O repert\u00f3rio traz na abertura <em>Alameda Palmares<\/em>, que tem a assinatura dos quatro. O mesmo ocorre em<em> Luz do meu terreiro<\/em>. Jo\u00e3o Cavalcanti \u00e9 coautor de seis composi\u00e7\u00f5es, sendo parceiro de Alfredo Del-Penho em <em>Diplomata<\/em> e <em>Pra quem quiser escutar<\/em>; de Moyseis Marques em <em>Encanto, Nada n\u00e3o<\/em> e<em> Nem misturado nem junto<\/em>. Aos dois se junta Eduardo Neves em <em>P\u00f3 par\u00e1<\/em>.<\/p>\n<p>Alfredo Del-Penho divide parceria tamb\u00e9m com Moyseis Marques (<em>Rosa can\u00e7\u00e3o<\/em> e <em>Boas inten\u00e7\u00f5es<\/em>), Pedro Miranda (<em>Desengaiola<\/em>) e Chico C\u00e9sar (<em>Fuzu\u00ea<\/em>). Moyseis Marques fez sozinho <em>Poeta \u00e9 outro lance<\/em> e tem como parceiros Pedro Miranda (<em>Meu pecado e sorrir<\/em>), Teresa Cristina (<em>Gatilho<\/em>). J\u00e1 Pedro Miranda comp\u00f4s <em>Vontade de sorri<\/em> com Cristov\u00e3o Bastos.<\/p>\n<p>As faixas complementares s\u00e3o <em>Puro ouro<\/em> (Joyce Moreno) e <em>Alagados<\/em> (Herbert Viana, Bi Ribeiro e Jo\u00e3o Barone), lan\u00e7ada inicialmente em single.<\/p>\n<p><strong>Jo\u00e3o Cavalcante:<\/strong> &#8220;<em>Desengaiola<\/em>\u00a0\u00e9 a realiza\u00e7\u00e3o de um sonho coletivo\u00a0desse quarteto informal,que tem estado junto em parcerias e shows h\u00e1 20 anos. T\u00ednhamos\u00a0o desejo manifesto de termos um marco simb\u00f3lico desses encontros e no esquema de imers\u00e3o, na serra fluminense, gravamos de forma crua este \u00e1lbum-v\u00eddeo tendo como refer\u00eancia o\u00a0<em>Cantoria<\/em>, projeto que reuniu Elomar, Geraldo Azevedo, Vital Farias e Xangai&#8221;.<\/p>\n<p><strong>Alfredo Del-Penho:<\/strong> &#8220;O projeto do \u00e1lbum-v\u00eddeo surgiu a partir dos encontros que ocorrem desde a \u00e9poca que se convencionou\u00a0chamar de\u00a0 revitaliza\u00e7\u00e3o a Lapa. Num determinado momento resolvemos reunir\u00a0os quatro e a partir do repert\u00f3rio autoral, das parcerias entre a gente, consolidado de maneira formal num show que aconteceu em 2012. H\u00e1 tamb\u00e9m m\u00fasica que a Joyce fez para n\u00f3s e\u00a0<em>Alagados<\/em>,\u00a0dos Paralamas do Sucesso, que v\u00ednhamos cantando desde o show&#8221;.<\/p>\n<p><strong>Confira os singles j\u00e1 lan\u00e7ados de <em>Desengaiola<\/em><\/strong><\/p>\n<p><em>Alagados<\/em><\/p>\n<p><iframe loading=\"lazy\" title=\"Alfredo Del-Penho, Jo\u00e3o Cavalcanti, Moyseis Marques e Pedro Miranda - Alagados (EP Alagados)\" width=\"1440\" height=\"810\" src=\"https:\/\/www.youtube.com\/embed\/LJdvb4JccPw?feature=oembed\" frameborder=\"0\" allow=\"accelerometer; autoplay; clipboard-write; encrypted-media; gyroscope; picture-in-picture; web-share\" referrerpolicy=\"strict-origin-when-cross-origin\" allowfullscreen><\/iframe><\/p>\n<p><em>Poeta \u00e9 outro lance<\/em><\/p>\n<p><iframe loading=\"lazy\" title=\"Alfredo Del-Penho, Jo\u00e3o Cavalcanti, Moyseis Marques e Pedro Miranda - Poeta \u00c9 Outro Lance\" width=\"1440\" height=\"810\" src=\"https:\/\/www.youtube.com\/embed\/unK-wwOKWnc?feature=oembed\" frameborder=\"0\" allow=\"accelerometer; autoplay; clipboard-write; encrypted-media; gyroscope; picture-in-picture; web-share\" referrerpolicy=\"strict-origin-when-cross-origin\" allowfullscreen><\/iframe><\/p>\n<p><em>Gatilho<\/em><\/p>\n<p><iframe loading=\"lazy\" title=\"Alfredo Del-Penho, Jo\u00e3o Cavalcanti, Moyseis Marques e Pedro Miranda - Gatilho (Clipe Oficial)\" width=\"1440\" height=\"810\" src=\"https:\/\/www.youtube.com\/embed\/GkwJph7GQsg?feature=oembed\" frameborder=\"0\" allow=\"accelerometer; autoplay; clipboard-write; encrypted-media; gyroscope; picture-in-picture; web-share\" referrerpolicy=\"strict-origin-when-cross-origin\" allowfullscreen><\/iframe><\/p>\n<p><em>Vontade de sair<\/em><\/p>\n<p><iframe loading=\"lazy\" title=\"Alfredo Del-Penho,Jo\u00e3o Cavalcanti,Moyseis Marques e Pedro Miranda - Vontade de Sair (Clipe Oficial)\" width=\"1440\" height=\"810\" src=\"https:\/\/www.youtube.com\/embed\/aZJPeiNZB9I?feature=oembed\" frameborder=\"0\" allow=\"accelerometer; autoplay; clipboard-write; encrypted-media; gyroscope; picture-in-picture; web-share\" referrerpolicy=\"strict-origin-when-cross-origin\" allowfullscreen><\/iframe><\/p>\n","protected":false},"excerpt":{"rendered":"<p>Desengaiola, \u00e1lbum audiovisual que re\u00fane Alfredo Del Penho, Jo\u00e3o Cavalcanti, Moyseis Marques e Pedro Miranda, chega sexta-feira (14\/1) ao YouTube. O lan\u00e7amento presencial ser\u00e1 dia 21, no Circo Voador<\/p>\n","protected":false},"author":84,"featured_media":2060,"comment_status":"open","ping_status":"open","sticky":false,"template":"","format":"standard","meta":{"footnotes":""},"categories":[113],"tags":[268,36],"class_list":["post-2054","post","type-post","status-publish","format-standard","has-post-thumbnail","hentry","category-materia","tag-desengaiola","tag-musica"],"_links":{"self":[{"href":"https:\/\/blogs.correiobraziliense.com.br\/trilhasonora\/wp-json\/wp\/v2\/posts\/2054","targetHints":{"allow":["GET"]}}],"collection":[{"href":"https:\/\/blogs.correiobraziliense.com.br\/trilhasonora\/wp-json\/wp\/v2\/posts"}],"about":[{"href":"https:\/\/blogs.correiobraziliense.com.br\/trilhasonora\/wp-json\/wp\/v2\/types\/post"}],"author":[{"embeddable":true,"href":"https:\/\/blogs.correiobraziliense.com.br\/trilhasonora\/wp-json\/wp\/v2\/users\/84"}],"replies":[{"embeddable":true,"href":"https:\/\/blogs.correiobraziliense.com.br\/trilhasonora\/wp-json\/wp\/v2\/comments?post=2054"}],"version-history":[{"count":3,"href":"https:\/\/blogs.correiobraziliense.com.br\/trilhasonora\/wp-json\/wp\/v2\/posts\/2054\/revisions"}],"predecessor-version":[{"id":2061,"href":"https:\/\/blogs.correiobraziliense.com.br\/trilhasonora\/wp-json\/wp\/v2\/posts\/2054\/revisions\/2061"}],"wp:featuredmedia":[{"embeddable":true,"href":"https:\/\/blogs.correiobraziliense.com.br\/trilhasonora\/wp-json\/wp\/v2\/media\/2060"}],"wp:attachment":[{"href":"https:\/\/blogs.correiobraziliense.com.br\/trilhasonora\/wp-json\/wp\/v2\/media?parent=2054"}],"wp:term":[{"taxonomy":"category","embeddable":true,"href":"https:\/\/blogs.correiobraziliense.com.br\/trilhasonora\/wp-json\/wp\/v2\/categories?post=2054"},{"taxonomy":"post_tag","embeddable":true,"href":"https:\/\/blogs.correiobraziliense.com.br\/trilhasonora\/wp-json\/wp\/v2\/tags?post=2054"}],"curies":[{"name":"wp","href":"https:\/\/api.w.org\/{rel}","templated":true}]}}