{"id":2031,"date":"2021-12-30T09:05:27","date_gmt":"2021-12-30T12:05:27","guid":{"rendered":"https:\/\/blogs.correiobraziliense.com.br\/trilhasonora\/?p=2031"},"modified":"2021-12-30T09:05:27","modified_gmt":"2021-12-30T12:05:27","slug":"canto-para-atabaque-poema-de-carlos-marighella-com-tigana-santana-e-baianasystem","status":"publish","type":"post","link":"https:\/\/blogs.correiobraziliense.com.br\/trilhasonora\/canto-para-atabaque-poema-de-carlos-marighella-com-tigana-santana-e-baianasystem\/","title":{"rendered":"Canto para atabaque: Poema de Carlos Marighella com Tigan\u00e1 Santana e BaianaSystem"},"content":{"rendered":"<p>&#8220;O tambor traz em si uma po\u00e9tica ancestral que conecta muitas dimens\u00f5es da forma\u00e7\u00e3o de nosso povo e da identidade que constru\u00edmos atrav\u00e9s dele. Unir poesia, m\u00fasica, imagem e pensamento em torno de algo t\u00e3o simb\u00f3lico nos leva para um lugar especial e necess\u00e1rio nesse momento de nossa hist\u00f3ria&#8221;. Essa reflex\u00e3o tem como autor Tigan\u00e1 Santana, artista baiano que musicou o poema <em>Canto para atabaque<\/em>, escrito pelo escritor e pol\u00edtico baiano Carlos Marighella, personagem do longa-metragem dirigido por Wagner Moura, que retrata a luta do guerrilheiro contra a ditadura militar, no final da d\u00e9cada de 1960. Mesmo cercado de pol\u00eamicas,<em> Marighella<\/em>, considerado o filme do ano no Brasil, tem levado muita gente \u00e0s salas de cinema &#8212; inclusive em Bras\u00edlia, onde se mant\u00e9m em cartaz.<\/p>\n<p>Quanto ao poema, ele chegou a Tigan\u00e1 pelas m\u00e3os de Maria Marighela, neta do revolucion\u00e1rio personagem, em 2019. O instrumentista, ent\u00e3o, convidou Sebasti\u00e3o Notino e o Baiana System para juntos constru\u00edrem os arranjos e a interpretarem. Por conta da pandemia do coronav\u00edrus, o processo foi interrompido, sendo retomado no segundo semestre deste ano. Em 5 de dezembro, quando Marighella completaria 110 anos de nascimento, a can\u00e7\u00e3o foi lan\u00e7ada nas plataformas digitais e, desde ent\u00e3o, ecoa da Bahia para o mundo.<\/p>\n<p>A percuss\u00e3o conduz toda a can\u00e7\u00e3o. Seguindo a tradi\u00e7\u00e3o, o arranjo feito por \u00cdcaro S\u00e1 ao lado de Sebastian, utiliza tr\u00eas atabaques &#8212; Rum, Rumpi e L\u00e9, junto com agog\u00f4, xequer\u00ea e caxixi, num toque de barravento, da tradi\u00e7\u00e3o do candombl\u00e9 de Angola. A ritmologia deu a linha do arranjo de base, feito por Russo Passapusso e SekoBas, com grande refer\u00eancia do reggae. Russo desenha os vocais ao lado de Tiagan\u00e1, encaminhando para uma Bahia ainda mais profunda. Al\u00e9m disso, a guitarra baiana de Roberto Barreto, instrumento criado nos anos 1950, com grande identidade local.<\/p>\n<p>Para ilustrar esse canto, Cartaxo, respons\u00e1vel pelo visual do BaianaSystem, convidou Pedro Marighella (neto de Carlos), com quem j\u00e1 havia trabalhado em outros projetos ligados \u00e0 m\u00fasica e artes visuais. Pedro tem um elogiado trabalho em artes pl\u00e1sticas, design e m\u00fasica, com forte liga\u00e7\u00e3o com a cultura e suas rela\u00e7\u00f5es entre pol\u00edtica, entretenimento e mercado. <em>Canto para atabaque<\/em> vem para celebrar, conectar, transcender e aproximar as dimens\u00f5es humanas e, por meio da arte e refor\u00e7ar o combate ao racismo religioso. Um dos trechos do poema diz: &#8220;O Brasil \u00e9 mesti\u00e7o\/ Mistura de \u00edndio, de negro, de branco\/ De escravo com escrava\/ Com banzo, sem banzo\/ Mas l\u00e1 na senzala\/ O fil\u00e3o do Brasil\/ Veio de l\u00e1 da \u00c1frica.<\/p>\n<p><iframe loading=\"lazy\" title=\"Canto para Atabaque - Tigan\u00e1 Santana e BaianaSystem\" width=\"1440\" height=\"810\" src=\"https:\/\/www.youtube.com\/embed\/Ly4a0hrvISA?feature=oembed\" frameborder=\"0\" allow=\"accelerometer; autoplay; clipboard-write; encrypted-media; gyroscope; picture-in-picture; web-share\" referrerpolicy=\"strict-origin-when-cross-origin\" allowfullscreen><\/iframe><\/p>\n","protected":false},"excerpt":{"rendered":"<p>&#8220;O tambor traz em si uma po\u00e9tica ancestral que conecta muitas dimens\u00f5es da forma\u00e7\u00e3o de nosso povo e da identidade que constru\u00edmos atrav\u00e9s dele. Unir poesia, m\u00fasica, imagem e pensamento em torno de algo t\u00e3o simb\u00f3lico nos leva para um lugar especial e necess\u00e1rio nesse momento de nossa hist\u00f3ria&#8221;. Essa reflex\u00e3o tem como autor Tigan\u00e1 Santana, artista baiano que musicou [&hellip;]<\/p>\n","protected":false},"author":84,"featured_media":2032,"comment_status":"open","ping_status":"open","sticky":false,"template":"","format":"standard","meta":{"footnotes":""},"categories":[113],"tags":[],"class_list":["post-2031","post","type-post","status-publish","format-standard","has-post-thumbnail","hentry","category-materia"],"_links":{"self":[{"href":"https:\/\/blogs.correiobraziliense.com.br\/trilhasonora\/wp-json\/wp\/v2\/posts\/2031","targetHints":{"allow":["GET"]}}],"collection":[{"href":"https:\/\/blogs.correiobraziliense.com.br\/trilhasonora\/wp-json\/wp\/v2\/posts"}],"about":[{"href":"https:\/\/blogs.correiobraziliense.com.br\/trilhasonora\/wp-json\/wp\/v2\/types\/post"}],"author":[{"embeddable":true,"href":"https:\/\/blogs.correiobraziliense.com.br\/trilhasonora\/wp-json\/wp\/v2\/users\/84"}],"replies":[{"embeddable":true,"href":"https:\/\/blogs.correiobraziliense.com.br\/trilhasonora\/wp-json\/wp\/v2\/comments?post=2031"}],"version-history":[{"count":1,"href":"https:\/\/blogs.correiobraziliense.com.br\/trilhasonora\/wp-json\/wp\/v2\/posts\/2031\/revisions"}],"predecessor-version":[{"id":2033,"href":"https:\/\/blogs.correiobraziliense.com.br\/trilhasonora\/wp-json\/wp\/v2\/posts\/2031\/revisions\/2033"}],"wp:featuredmedia":[{"embeddable":true,"href":"https:\/\/blogs.correiobraziliense.com.br\/trilhasonora\/wp-json\/wp\/v2\/media\/2032"}],"wp:attachment":[{"href":"https:\/\/blogs.correiobraziliense.com.br\/trilhasonora\/wp-json\/wp\/v2\/media?parent=2031"}],"wp:term":[{"taxonomy":"category","embeddable":true,"href":"https:\/\/blogs.correiobraziliense.com.br\/trilhasonora\/wp-json\/wp\/v2\/categories?post=2031"},{"taxonomy":"post_tag","embeddable":true,"href":"https:\/\/blogs.correiobraziliense.com.br\/trilhasonora\/wp-json\/wp\/v2\/tags?post=2031"}],"curies":[{"name":"wp","href":"https:\/\/api.w.org\/{rel}","templated":true}]}}