{"id":2021,"date":"2021-12-23T17:09:59","date_gmt":"2021-12-23T20:09:59","guid":{"rendered":"https:\/\/blogs.correiobraziliense.com.br\/trilhasonora\/?p=2021"},"modified":"2021-12-23T19:11:16","modified_gmt":"2021-12-23T22:11:16","slug":"entao-e-natal-cancao-gravada-por-simone-ganha-nova-versao","status":"publish","type":"post","link":"https:\/\/blogs.correiobraziliense.com.br\/trilhasonora\/entao-e-natal-cancao-gravada-por-simone-ganha-nova-versao\/","title":{"rendered":"Ent\u00e3o \u00e9 Natal: Can\u00e7\u00e3o gravada por Simone ganha nova vers\u00e3o"},"content":{"rendered":"<p>O <em>25 de dezembro<\/em>, que Simone lan\u00e7ou h\u00e1 duas d\u00e9cadas, foi um dos \u00faltimos discos a obter vendagem espetacular &#8212; mais de um milh\u00e3o de exemplares comercializadas &#8212; puxada por<em> Ent\u00e3o \u00e9 Natal<\/em>, vers\u00e3o de Cl\u00e1udio Rabello, para <em>Happy Xmas<\/em>, de John Lennon e Yoko Ono. A can\u00e7\u00e3o que traz mensagem de paz e harmonia mundial, idealizada pelo ic\u00f4nico casal em 1971, ap\u00f3s a guerra do Vietn\u00e3, manteve-se atemporal.<\/p>\n<p>N\u00e3o por acaso, depois de quase dois anos de pandemia e com o avan\u00e7o da vacina\u00e7\u00e3o, este cl\u00e1ssico pode voltar a ser ouvido nas celebra\u00e7\u00f5es das fam\u00edlias, agora com nova mixagem em Dolby Atmos (\u00e1udio especial), que sublinha e refor\u00e7a o apelo de versos como &#8220;Ent\u00e3o \u00e9 Natal\/ E um ano novo tamb\u00e9m\/ Que seja feliz quem\/ Souber o que \u00e9 o bem&#8221;.<\/p>\n<p>Com o <a href=\"http:\/\/www.umusicbrazil.lnk.to\/EntaoENatal2021\">\u00e1udio especial<\/a>, que confere mais clareza para todas as nuances da grava\u00e7\u00e3o, o ouvinte pode mergulhar no universo de <em>Ent\u00e3o \u00e9 Natal<\/em> que, originalmente, recebeu arranjos e produ\u00e7\u00e3o musical de Moogie Canazio e Max Pierre e contou com o coro das Meninas Cantoras de Petr\u00f3p\u00f3lis. A can\u00e7\u00e3o do \u00e1lbum tem\u00e1tico traz tamb\u00e9m, entre outras, <em>Boas festas<\/em> (Assis Vlente), <em>Natal da Crian\u00e7a<\/em> (Blecaute), <em>Natal Branco<\/em> (Irving Berlin, vers\u00e3o de Marino Pinto) e <em>Noite feliz<\/em>, de dom\u00ednio p\u00fablico.<\/p>\n<p>&#8220;Tive a ideia de gravar o \u00e1lbum de Natal quando fui aos Estados Unidos e observei v\u00e1rios discos com esta tem\u00e1tica. Resolvemos apostar nesse projeto e o sucesso foi muito maior do que imagin\u00e1vamos. Amei fazer esse disco. Nasci no dia de Natal e acho que isso explica muito. As can\u00e7\u00f5es s\u00e3o muito ouvidas no Brasil&#8221;, destaca Simone. &#8220;\u00c9 muito bom comemorar e melhor ainda receber elogios por este trabalho, principalmente das crian\u00e7as, pessoas natalinas, simples e de muita pureza&#8221;, acrescenta a cantora que, de certa forma d\u00e1 uma resposta \u00e0s cr\u00edticas recebidas, principalmente por <em>Ent\u00e3o \u00e9 Natal,\u00a0<\/em>quando lan\u00e7ou o \u00e1lbum em 1995.<\/p>\n<p><iframe loading=\"lazy\" title=\"Simone \u2606 Ent\u00e3o \u00e9 Natal \u2606 35\u00aa Live\" width=\"1440\" height=\"810\" src=\"https:\/\/www.youtube.com\/embed\/ZO-CBoqN9ZQ?start=2&amp;feature=oembed\" frameborder=\"0\" allow=\"accelerometer; autoplay; clipboard-write; encrypted-media; gyroscope; picture-in-picture; web-share\" referrerpolicy=\"strict-origin-when-cross-origin\" allowfullscreen><\/iframe><\/p>\n","protected":false},"excerpt":{"rendered":"<p>O 25 de dezembro, que Simone lan\u00e7ou h\u00e1 duas d\u00e9cadas, foi um dos \u00faltimos discos a obter vendagem espetacular &#8212; mais de um milh\u00e3o de exemplares comercializadas &#8212; puxada por Ent\u00e3o \u00e9 Natal, vers\u00e3o de Cl\u00e1udio Rabello, para Happy Xmas, de John Lennon e Yoko Ono. A can\u00e7\u00e3o que traz mensagem de paz e harmonia mundial, idealizada pelo ic\u00f4nico casal [&hellip;]<\/p>\n","protected":false},"author":84,"featured_media":2022,"comment_status":"open","ping_status":"open","sticky":false,"template":"","format":"standard","meta":{"footnotes":""},"categories":[113],"tags":[],"class_list":["post-2021","post","type-post","status-publish","format-standard","has-post-thumbnail","hentry","category-materia"],"_links":{"self":[{"href":"https:\/\/blogs.correiobraziliense.com.br\/trilhasonora\/wp-json\/wp\/v2\/posts\/2021","targetHints":{"allow":["GET"]}}],"collection":[{"href":"https:\/\/blogs.correiobraziliense.com.br\/trilhasonora\/wp-json\/wp\/v2\/posts"}],"about":[{"href":"https:\/\/blogs.correiobraziliense.com.br\/trilhasonora\/wp-json\/wp\/v2\/types\/post"}],"author":[{"embeddable":true,"href":"https:\/\/blogs.correiobraziliense.com.br\/trilhasonora\/wp-json\/wp\/v2\/users\/84"}],"replies":[{"embeddable":true,"href":"https:\/\/blogs.correiobraziliense.com.br\/trilhasonora\/wp-json\/wp\/v2\/comments?post=2021"}],"version-history":[{"count":2,"href":"https:\/\/blogs.correiobraziliense.com.br\/trilhasonora\/wp-json\/wp\/v2\/posts\/2021\/revisions"}],"predecessor-version":[{"id":2027,"href":"https:\/\/blogs.correiobraziliense.com.br\/trilhasonora\/wp-json\/wp\/v2\/posts\/2021\/revisions\/2027"}],"wp:featuredmedia":[{"embeddable":true,"href":"https:\/\/blogs.correiobraziliense.com.br\/trilhasonora\/wp-json\/wp\/v2\/media\/2022"}],"wp:attachment":[{"href":"https:\/\/blogs.correiobraziliense.com.br\/trilhasonora\/wp-json\/wp\/v2\/media?parent=2021"}],"wp:term":[{"taxonomy":"category","embeddable":true,"href":"https:\/\/blogs.correiobraziliense.com.br\/trilhasonora\/wp-json\/wp\/v2\/categories?post=2021"},{"taxonomy":"post_tag","embeddable":true,"href":"https:\/\/blogs.correiobraziliense.com.br\/trilhasonora\/wp-json\/wp\/v2\/tags?post=2021"}],"curies":[{"name":"wp","href":"https:\/\/api.w.org\/{rel}","templated":true}]}}