{"id":2019,"date":"2021-12-22T10:09:19","date_gmt":"2021-12-22T13:09:19","guid":{"rendered":"https:\/\/blogs.correiobraziliense.com.br\/trilhasonora\/?p=2019"},"modified":"2021-12-22T10:09:19","modified_gmt":"2021-12-22T13:09:19","slug":"show-solidario-renata-jambeiro-recebe-convidados-hoje-no-espaco-cultural-do-choro","status":"publish","type":"post","link":"https:\/\/blogs.correiobraziliense.com.br\/trilhasonora\/show-solidario-renata-jambeiro-recebe-convidados-hoje-no-espaco-cultural-do-choro\/","title":{"rendered":"Show solid\u00e1rio: Renata Jambeiro recebe convidados hoje no Espa\u00e7o Cultural do Choro"},"content":{"rendered":"<p>A cantora, compositora, atriz, dan\u00e7arina e produtora Renata Jambeiro comemorar\u00e1 40 anos com show solid\u00e1rio hoje (22\/12), \u00e0s 19h, na \u00e1rea externa do Espa\u00e7o Cultural do do Choro (Eixo Monumental). Nesta apresenta\u00e7\u00e3o, ela ter\u00e1 a companhia de uma big band, formada por, entre outros, Fernando C\u00e9sar (viol\u00e3o 7 cordas), Amilcar Parr\u00e9 (viol\u00e3o 6 cordas), Dudu Oliveira (baixo), Jorge Bittar (teclados) e Luis Jambeiro (percuss\u00e3o).<\/p>\n<p>No show, Renata ter\u00e1 entre os convidados Milsinho, Kalinka Barroso, Andreia Aiko, Isabela Rocha, Kris Maciel e o grupo de percuss\u00e3o Batal\u00e1. O ingresso custa R$ 15 e mais uma lata de leite, que ser\u00e1 destinada a institui\u00e7\u00f5es carentes.<\/p>\n<p>Formada em artes c\u00eanicas pela UnB, a brasiliense Renata Jambeiro iniciou a carreira musical na d\u00e9cada passada. De sua discografia fazem parte os CDs <em>Jambeiro<\/em>, <em>Fogar\u00e9u<\/em>, <em>Sambaluay\u00ea<\/em> e <em>Afrodisia<\/em>, al\u00e9m do DVD <em>Afrodisia<\/em>.<\/p>\n<p><iframe loading=\"lazy\" title=\"Renata Jambeiro - &quot;Costura&quot; - DVD Afrodisia | 2019\" width=\"1440\" height=\"810\" src=\"https:\/\/www.youtube.com\/embed\/tLi6gA9WRwE?feature=oembed\" frameborder=\"0\" allow=\"accelerometer; autoplay; clipboard-write; encrypted-media; gyroscope; picture-in-picture; web-share\" referrerpolicy=\"strict-origin-when-cross-origin\" allowfullscreen><\/iframe><\/p>\n","protected":false},"excerpt":{"rendered":"<p>A cantora, compositora, atriz, dan\u00e7arina e produtora Renata Jambeiro comemorar\u00e1 40 anos com show solid\u00e1rio hoje (22\/12), \u00e0s 19h, na \u00e1rea externa do Espa\u00e7o Cultural do do Choro (Eixo Monumental). Nesta apresenta\u00e7\u00e3o, ela ter\u00e1 a companhia de uma big band, formada por, entre outros, Fernando C\u00e9sar (viol\u00e3o 7 cordas), Amilcar Parr\u00e9 (viol\u00e3o 6 cordas), Dudu Oliveira (baixo), Jorge Bittar (teclados) [&hellip;]<\/p>\n","protected":false},"author":84,"featured_media":739,"comment_status":"open","ping_status":"open","sticky":false,"template":"","format":"standard","meta":{"footnotes":""},"categories":[113],"tags":[266,21],"class_list":["post-2019","post","type-post","status-publish","format-standard","has-post-thumbnail","hentry","category-materia","tag-renata-jambeiro","tag-show"],"_links":{"self":[{"href":"https:\/\/blogs.correiobraziliense.com.br\/trilhasonora\/wp-json\/wp\/v2\/posts\/2019","targetHints":{"allow":["GET"]}}],"collection":[{"href":"https:\/\/blogs.correiobraziliense.com.br\/trilhasonora\/wp-json\/wp\/v2\/posts"}],"about":[{"href":"https:\/\/blogs.correiobraziliense.com.br\/trilhasonora\/wp-json\/wp\/v2\/types\/post"}],"author":[{"embeddable":true,"href":"https:\/\/blogs.correiobraziliense.com.br\/trilhasonora\/wp-json\/wp\/v2\/users\/84"}],"replies":[{"embeddable":true,"href":"https:\/\/blogs.correiobraziliense.com.br\/trilhasonora\/wp-json\/wp\/v2\/comments?post=2019"}],"version-history":[{"count":1,"href":"https:\/\/blogs.correiobraziliense.com.br\/trilhasonora\/wp-json\/wp\/v2\/posts\/2019\/revisions"}],"predecessor-version":[{"id":2020,"href":"https:\/\/blogs.correiobraziliense.com.br\/trilhasonora\/wp-json\/wp\/v2\/posts\/2019\/revisions\/2020"}],"wp:featuredmedia":[{"embeddable":true,"href":"https:\/\/blogs.correiobraziliense.com.br\/trilhasonora\/wp-json\/wp\/v2\/media\/739"}],"wp:attachment":[{"href":"https:\/\/blogs.correiobraziliense.com.br\/trilhasonora\/wp-json\/wp\/v2\/media?parent=2019"}],"wp:term":[{"taxonomy":"category","embeddable":true,"href":"https:\/\/blogs.correiobraziliense.com.br\/trilhasonora\/wp-json\/wp\/v2\/categories?post=2019"},{"taxonomy":"post_tag","embeddable":true,"href":"https:\/\/blogs.correiobraziliense.com.br\/trilhasonora\/wp-json\/wp\/v2\/tags?post=2019"}],"curies":[{"name":"wp","href":"https:\/\/api.w.org\/{rel}","templated":true}]}}