{"id":1987,"date":"2021-11-29T09:56:15","date_gmt":"2021-11-29T12:56:15","guid":{"rendered":"https:\/\/blogs.correiobraziliense.com.br\/trilhasonora\/?p=1987"},"modified":"2021-11-29T09:56:15","modified_gmt":"2021-11-29T12:56:15","slug":"veleiro-com-lo-borges-e-milton-nascimento","status":"publish","type":"post","link":"https:\/\/blogs.correiobraziliense.com.br\/trilhasonora\/veleiro-com-lo-borges-e-milton-nascimento\/","title":{"rendered":"Veleiro com L\u00f4 Borges e Milton Nascimento"},"content":{"rendered":"<p><em>Single junta as vozes dos dois cantores e amigos<\/em><\/p>\n<p>Parceiros e amigos desde a \u00e9poca do Clube da Esquina, na d\u00e9cada de 1970, L\u00f4 Borges e Milton Nascimento voltam a juntar as vozes. Milton \u00e9 o convidado de L\u00f4 na grava\u00e7\u00e3o de<em> Veleiro<\/em>, can\u00e7\u00e3o que acaba de ser lan\u00e7ada num single pela gravadora Deck Music. A m\u00fasica \u00e9 a primeira faixa do \u00e1lbum que ainda n\u00e3o tem data prevista para ser lan\u00e7ada.<\/p>\n<p><em>Veleiro<\/em>, que saiu tamb\u00e9m em lyric v\u00eddeo, \u00e9 uma parceria de L\u00f4 Borges e Patr\u00edcia Ma\u00eas. A m\u00fasica foi composta por L\u00f4 utlizando um \u00f3rg\u00e3o, instrumento que ele ainda n\u00e3o havia utilizado com esta finalidade. Participaram da grava\u00e7\u00e3o Henrique Matos (guitarra, viol\u00e3o e bandolim), Thiago Corr\u00eaa (contrabaixo, teclado e percuss\u00e3o) e Robinson Matos (bateria).<\/p>\n<p>&#8220;Durante o processo de grava\u00e7\u00e3o de <em>Veleiro<\/em> escutei aquela voz magistral do Bituca, que o mundo inteiro conhece&#8221;, exalta L\u00f4. &#8220;Decidi convid\u00e1-lo para cantar comigo e tivemos que montar um esquema especial para fazer o registro dele, em Juiz de Fora, devido o isolamento imposto pela pandemia. Mas deu tudo certo&#8221;, acrescenta.<\/p>\n<p><iframe loading=\"lazy\" title=\"L\u00f4 Borges - Veleiro (Feat. Milton Nascimento) | Lyric Video\" width=\"1440\" height=\"810\" src=\"https:\/\/www.youtube.com\/embed\/rZO77dLEfzk?feature=oembed\" frameborder=\"0\" allow=\"accelerometer; autoplay; clipboard-write; encrypted-media; gyroscope; picture-in-picture; web-share\" referrerpolicy=\"strict-origin-when-cross-origin\" allowfullscreen><\/iframe><\/p>\n","protected":false},"excerpt":{"rendered":"<p>Single junta as vozes dos dois cantores e amigos<\/p>\n","protected":false},"author":84,"featured_media":1988,"comment_status":"open","ping_status":"open","sticky":false,"template":"","format":"standard","meta":{"footnotes":""},"categories":[113],"tags":[],"class_list":["post-1987","post","type-post","status-publish","format-standard","has-post-thumbnail","hentry","category-materia"],"_links":{"self":[{"href":"https:\/\/blogs.correiobraziliense.com.br\/trilhasonora\/wp-json\/wp\/v2\/posts\/1987","targetHints":{"allow":["GET"]}}],"collection":[{"href":"https:\/\/blogs.correiobraziliense.com.br\/trilhasonora\/wp-json\/wp\/v2\/posts"}],"about":[{"href":"https:\/\/blogs.correiobraziliense.com.br\/trilhasonora\/wp-json\/wp\/v2\/types\/post"}],"author":[{"embeddable":true,"href":"https:\/\/blogs.correiobraziliense.com.br\/trilhasonora\/wp-json\/wp\/v2\/users\/84"}],"replies":[{"embeddable":true,"href":"https:\/\/blogs.correiobraziliense.com.br\/trilhasonora\/wp-json\/wp\/v2\/comments?post=1987"}],"version-history":[{"count":1,"href":"https:\/\/blogs.correiobraziliense.com.br\/trilhasonora\/wp-json\/wp\/v2\/posts\/1987\/revisions"}],"predecessor-version":[{"id":1989,"href":"https:\/\/blogs.correiobraziliense.com.br\/trilhasonora\/wp-json\/wp\/v2\/posts\/1987\/revisions\/1989"}],"wp:featuredmedia":[{"embeddable":true,"href":"https:\/\/blogs.correiobraziliense.com.br\/trilhasonora\/wp-json\/wp\/v2\/media\/1988"}],"wp:attachment":[{"href":"https:\/\/blogs.correiobraziliense.com.br\/trilhasonora\/wp-json\/wp\/v2\/media?parent=1987"}],"wp:term":[{"taxonomy":"category","embeddable":true,"href":"https:\/\/blogs.correiobraziliense.com.br\/trilhasonora\/wp-json\/wp\/v2\/categories?post=1987"},{"taxonomy":"post_tag","embeddable":true,"href":"https:\/\/blogs.correiobraziliense.com.br\/trilhasonora\/wp-json\/wp\/v2\/tags?post=1987"}],"curies":[{"name":"wp","href":"https:\/\/api.w.org\/{rel}","templated":true}]}}