{"id":1973,"date":"2021-11-22T09:47:32","date_gmt":"2021-11-22T12:47:32","guid":{"rendered":"https:\/\/blogs.correiobraziliense.com.br\/trilhasonora\/?p=1973"},"modified":"2021-11-22T09:47:32","modified_gmt":"2021-11-22T12:47:32","slug":"viver-da-arte-ep-alagados-junta-quatro-amigos-e-musicos-talentosos","status":"publish","type":"post","link":"https:\/\/blogs.correiobraziliense.com.br\/trilhasonora\/viver-da-arte-ep-alagados-junta-quatro-amigos-e-musicos-talentosos\/","title":{"rendered":"Viver da arte: EP Alagados junta quatro amigos e m\u00fasicos talentosos"},"content":{"rendered":"<p>Amigos h\u00e1 mais de 20 anos, Alfredo Del Penho, Jo\u00e3o Cavalcanti, Moyseis Marques e Pedro Miranda estiveram lado a lado no processo de revitaliza\u00e7\u00e3o e recupera\u00e7\u00e3o cultural da Lapa, bairro localizado no centro do Rio de Janeiro, se admiram mutuamente e, j\u00e1 algum tempo, est\u00e3o juntos numa parceria musical que desaguou em can\u00e7\u00f5es, shows e projetos, como o Samba na G\u00e1vea. Agora, reunidos em disco, lan\u00e7am o EP <em>Alagados<\/em>, que traz nova vers\u00e3o do cl\u00e1ssico ao grupo Paralamas do Sucesso.<\/p>\n<p>Composi\u00e7\u00e3o de Herbert Vianna, Bi Ribeiro e Jo\u00e3o Barone, <em>Alagados<\/em>, traz na letra uma cr\u00edtica contundente \u00e0 desigualdade e a injusti\u00e7a social, foi escolhida para abrir e d\u00e1 nome ao o EP. Na vis\u00e3o de Jo\u00e3o Cavalcanti, a regrava\u00e7\u00e3o dessa m\u00fasica &#8220;busca sublinhar uma mensagem ainda t\u00e3o urgente&#8221;. A ela se juntam <em>Poeta \u00e9 outro lance<\/em> (Moyseis Marques), <em>Vontade de sair<\/em> (Pedro Miranda e Cristov\u00e3o Bastos) e a in\u00e9dita <em>Gatilho<\/em> (Moyseis Marques e Teresa Cristina). As duas \u00faltimas, compostas durante a quarentena determinada pela pandemia, falam sobre o isolamento a que todos foram submetidos.<\/p>\n<p>Todas as quatro faixas do EP, produzidas por Pedro Luis e Jo\u00e3o Cavalcanti, gravadas ao vivo por Alfredo Del Penho (voz e viol\u00e3o 7 cordas), Moyseis Marques (voz e viol\u00e3o), Jo\u00e3o Cavalcanti (voz e tantan) e Pedro Miranda (voz e pandeiro), de forma intimista, em Paty do Alferes, na regi\u00e3o serrana do Rio de Janeiro, ganharam videoclipes, dirigidos por Eduardo Hunter. O EP que sai pelo selo MPB\/Som Livre, abre portas para o primeiro \u00e1lbum audiovisual do coletivo, com lan\u00e7amento previsto para janeiro, sob o lema &#8220;A arte de viver da f\u00e9 \u00e9 manter a f\u00e9 em viver da arte&#8221;.<\/p>\n<p><iframe loading=\"lazy\" title=\"Alfredo Del-Penho, Jo\u00e3o Cavalcanti, Moyseis Marques e Pedro Miranda - Alagados (EP Alagados)\" width=\"1440\" height=\"810\" src=\"https:\/\/www.youtube.com\/embed\/LJdvb4JccPw?feature=oembed\" frameborder=\"0\" allow=\"accelerometer; autoplay; clipboard-write; encrypted-media; gyroscope; picture-in-picture; web-share\" referrerpolicy=\"strict-origin-when-cross-origin\" allowfullscreen><\/iframe><\/p>\n","protected":false},"excerpt":{"rendered":"<p>Amigos h\u00e1 mais de 20 anos, Alfredo Del Penho, Jo\u00e3o Cavalcanti, Moyseis Marques e Pedro Miranda estiveram lado a lado no processo de revitaliza\u00e7\u00e3o e recupera\u00e7\u00e3o cultural da Lapa, bairro localizado no centro do Rio de Janeiro, se admiram mutuamente e, j\u00e1 algum tempo, est\u00e3o juntos numa parceria musical que desaguou em can\u00e7\u00f5es, shows e projetos, como o Samba na [&hellip;]<\/p>\n","protected":false},"author":84,"featured_media":1974,"comment_status":"open","ping_status":"open","sticky":false,"template":"","format":"standard","meta":{"footnotes":""},"categories":[113],"tags":[],"class_list":["post-1973","post","type-post","status-publish","format-standard","has-post-thumbnail","hentry","category-materia"],"_links":{"self":[{"href":"https:\/\/blogs.correiobraziliense.com.br\/trilhasonora\/wp-json\/wp\/v2\/posts\/1973","targetHints":{"allow":["GET"]}}],"collection":[{"href":"https:\/\/blogs.correiobraziliense.com.br\/trilhasonora\/wp-json\/wp\/v2\/posts"}],"about":[{"href":"https:\/\/blogs.correiobraziliense.com.br\/trilhasonora\/wp-json\/wp\/v2\/types\/post"}],"author":[{"embeddable":true,"href":"https:\/\/blogs.correiobraziliense.com.br\/trilhasonora\/wp-json\/wp\/v2\/users\/84"}],"replies":[{"embeddable":true,"href":"https:\/\/blogs.correiobraziliense.com.br\/trilhasonora\/wp-json\/wp\/v2\/comments?post=1973"}],"version-history":[{"count":1,"href":"https:\/\/blogs.correiobraziliense.com.br\/trilhasonora\/wp-json\/wp\/v2\/posts\/1973\/revisions"}],"predecessor-version":[{"id":1975,"href":"https:\/\/blogs.correiobraziliense.com.br\/trilhasonora\/wp-json\/wp\/v2\/posts\/1973\/revisions\/1975"}],"wp:featuredmedia":[{"embeddable":true,"href":"https:\/\/blogs.correiobraziliense.com.br\/trilhasonora\/wp-json\/wp\/v2\/media\/1974"}],"wp:attachment":[{"href":"https:\/\/blogs.correiobraziliense.com.br\/trilhasonora\/wp-json\/wp\/v2\/media?parent=1973"}],"wp:term":[{"taxonomy":"category","embeddable":true,"href":"https:\/\/blogs.correiobraziliense.com.br\/trilhasonora\/wp-json\/wp\/v2\/categories?post=1973"},{"taxonomy":"post_tag","embeddable":true,"href":"https:\/\/blogs.correiobraziliense.com.br\/trilhasonora\/wp-json\/wp\/v2\/tags?post=1973"}],"curies":[{"name":"wp","href":"https:\/\/api.w.org\/{rel}","templated":true}]}}