{"id":1957,"date":"2021-11-12T07:34:07","date_gmt":"2021-11-12T10:34:07","guid":{"rendered":"https:\/\/blogs.correiobraziliense.com.br\/trilhasonora\/?p=1957"},"modified":"2021-11-12T16:55:54","modified_gmt":"2021-11-12T19:55:54","slug":"programacao-diversificada-no-fim-de-semana","status":"publish","type":"post","link":"https:\/\/blogs.correiobraziliense.com.br\/trilhasonora\/programacao-diversificada-no-fim-de-semana\/","title":{"rendered":"Programa\u00e7\u00e3o diversificada no fim de semana"},"content":{"rendered":"<p><em>Shows de Kadu Lambach e Vit\u00e3o s\u00e3o destaques em shows presenciais<\/em><\/p>\n<p>\u00c9 bem diversificada a programa\u00e7\u00e3o musical deste final de semana em Bras\u00edlia, com shows presenciais e on-line. Em destaque, a apresenta\u00e7\u00e3o do guitarrista e compositor Kadu Lambach, na \u00e1rea externa do Clube do Choro, e do cantor Vit\u00e3o, no Casa Maaya, na orla do Lago Parano\u00e1. Haver\u00e1 ainda o Festival Canto a Canto, coordenado pela cantora e compositora Mariana Aydar; os concertos de gaitas pela 36\u00aa edi\u00e7\u00e3o do Ferrock; e Ademir Junior Quinteto, na Casa Thomas Jefferson.<\/p>\n<p><strong>Kadu Lambach &#8212;<\/strong> De volta a Bras\u00edlia, depois de longa aus\u00eancia, Kadu Lambach, primeiro guitarrista da Legi\u00e3o Urbana, lan\u00e7a o livro <em>M\u00fasica Urbana &#8212; O in\u00edcio se uma de uma Legi\u00e3o<\/em>, com show, pelo projeto <em>Lado B<\/em>, na \u00e1rea externa do Espa\u00e7o Cultural do Choro (Eixo Monumental). Ele mostrar\u00e1 vers\u00f5es instrumentais de composi\u00e7\u00f5es autorais registradas nos \u00e1lbuns <em>Last Blues<\/em> (1997) e <em>Expressivo<\/em> (2015), al\u00e9m de m\u00fasicas da Legi\u00e3o, compostas por Renato Russo. Lambach e ter\u00e1 a companhia de Felipe Portilho (teclado), Sandro Jord\u00e3o (baixo) e L\u00e9o Cavalcanti (bateria). Ap\u00f3s o show, ele autografar\u00e1 o livro, ao lado de Andr\u00e9 Molina, autor da biografia. Amanh\u00e3 (13), \u00e0s 17h, o guitarrista participa de tarde de aut\u00f3grafos na Banca da Concei\u00e7\u00e3o, na 308 Sul.<\/p>\n<p><img loading=\"lazy\" decoding=\"async\" class=\"aligncenter size-large wp-image-1955\" src=\"https:\/\/blogs.correiobraziliense.com.br\/trilhasonora\/wp-content\/uploads\/sites\/39\/2021\/11\/received_297606004332741-1024x711.jpeg\" alt=\"\" width=\"1024\" height=\"711\" srcset=\"https:\/\/blogs.correiobraziliense.com.br\/trilhasonora\/wp-content\/uploads\/sites\/39\/2021\/11\/received_297606004332741-1024x711.jpeg 1024w, https:\/\/blogs.correiobraziliense.com.br\/trilhasonora\/wp-content\/uploads\/sites\/39\/2021\/11\/received_297606004332741-300x208.jpeg 300w, https:\/\/blogs.correiobraziliense.com.br\/trilhasonora\/wp-content\/uploads\/sites\/39\/2021\/11\/received_297606004332741-768x533.jpeg 768w, https:\/\/blogs.correiobraziliense.com.br\/trilhasonora\/wp-content\/uploads\/sites\/39\/2021\/11\/received_297606004332741-800x556.jpeg 800w, https:\/\/blogs.correiobraziliense.com.br\/trilhasonora\/wp-content\/uploads\/sites\/39\/2021\/11\/received_297606004332741-550x382.jpeg 550w, https:\/\/blogs.correiobraziliense.com.br\/trilhasonora\/wp-content\/uploads\/sites\/39\/2021\/11\/received_297606004332741-230x160.jpeg 230w, https:\/\/blogs.correiobraziliense.com.br\/trilhasonora\/wp-content\/uploads\/sites\/39\/2021\/11\/received_297606004332741.jpeg 1283w\" sizes=\"auto, (max-width: 1024px) 100vw, 1024px\" \/><\/p>\n<p><strong>Ademir Junior Quinteto &#8212;<\/strong> Ademir J\u00fanior, um dos mais talentosos instrumentistas brasilienses, lidera o quinteto que se apresentar\u00e1 hoje, \u00e0s 20h, do projeto <em>Sextas Musicais<\/em> da Casa Thomas Jefferson. Ao lado de Mois\u00e9s Alves (trompete), Misael Silvestre (piano), Daniel Castro (baixo) e Pedro Almeida (bateria), ele tocar\u00e1 temas nos quais funde ra\u00edzes da m\u00fasica popular brasileira com o improviso do jazz, facetas do trabalho que tem desenvolvido ao longo de 30 anos de carreira. O show ser\u00e1 transmitido pelo canal da Thomas Jefferson no YouTube.<\/p>\n<p><img loading=\"lazy\" decoding=\"async\" class=\"aligncenter size-full wp-image-1959\" src=\"https:\/\/blogs.correiobraziliense.com.br\/trilhasonora\/wp-content\/uploads\/sites\/39\/2021\/11\/unnamed-1.jpg\" alt=\"\" width=\"800\" height=\"790\" srcset=\"https:\/\/blogs.correiobraziliense.com.br\/trilhasonora\/wp-content\/uploads\/sites\/39\/2021\/11\/unnamed-1.jpg 800w, https:\/\/blogs.correiobraziliense.com.br\/trilhasonora\/wp-content\/uploads\/sites\/39\/2021\/11\/unnamed-1-300x296.jpg 300w, https:\/\/blogs.correiobraziliense.com.br\/trilhasonora\/wp-content\/uploads\/sites\/39\/2021\/11\/unnamed-1-768x758.jpg 768w, https:\/\/blogs.correiobraziliense.com.br\/trilhasonora\/wp-content\/uploads\/sites\/39\/2021\/11\/unnamed-1-550x543.jpg 550w, https:\/\/blogs.correiobraziliense.com.br\/trilhasonora\/wp-content\/uploads\/sites\/39\/2021\/11\/unnamed-1-230x227.jpg 230w\" sizes=\"auto, (max-width: 800px) 100vw, 800px\" \/><\/p>\n<p><strong>Canto a canto &#8212;<\/strong> Projeto coordenado por Mariana Aydar, o Festival Online Canto a Canto, que d\u00e1 destaque \u00e0 pluralidade da m\u00fasica popular brasileira contempor\u00e2nea poder\u00e1 ser apreciado amanh\u00e3 (13) no canal da Artecei Produ\u00e7\u00f5es Art\u00edsticas e Culturais, idealizadoradora do evento. A a s\u00e9rie de shows, com in\u00edcio \u00e0s 15h, ser\u00e1 aberta pelo conjunto de choro Segura Elas. Na sequ\u00eancia, entram em a\u00e7\u00e3o o grupo de m\u00fasica latina Merceditas, o duo 2 Timbres, a cantora e compositora Litieh, a dupla sertaneja Andr\u00e9 Freitas e Adriano e o cantor, compositor e violonista Alberto Salgado, acompanhado por Rafael de Souza (baixo) e Felipe Lemos (bateria). Mariana Aydar fechar\u00e1 a programa\u00e7\u00e3o com o show em que interpretar\u00e1 m\u00fasicas de Sivuca, Dominguinhos, Z\u00e9 Ramalho e outros compositores nordestinos, registradas no \u00e1lbum <em>Veia Nordestina<\/em>, lan\u00e7ado em 2019.<\/p>\n<figure id=\"attachment_1960\" aria-describedby=\"caption-attachment-1960\" style=\"width: 800px\" class=\"wp-caption aligncenter\"><img loading=\"lazy\" decoding=\"async\" class=\"size-full wp-image-1960\" src=\"https:\/\/blogs.correiobraziliense.com.br\/trilhasonora\/wp-content\/uploads\/sites\/39\/2021\/11\/01-Mariana-Aydar.-Foto-Guilherme-Nabhan.jpg\" alt=\"\" width=\"800\" height=\"453\" srcset=\"https:\/\/blogs.correiobraziliense.com.br\/trilhasonora\/wp-content\/uploads\/sites\/39\/2021\/11\/01-Mariana-Aydar.-Foto-Guilherme-Nabhan.jpg 800w, https:\/\/blogs.correiobraziliense.com.br\/trilhasonora\/wp-content\/uploads\/sites\/39\/2021\/11\/01-Mariana-Aydar.-Foto-Guilherme-Nabhan-300x170.jpg 300w, https:\/\/blogs.correiobraziliense.com.br\/trilhasonora\/wp-content\/uploads\/sites\/39\/2021\/11\/01-Mariana-Aydar.-Foto-Guilherme-Nabhan-768x435.jpg 768w, https:\/\/blogs.correiobraziliense.com.br\/trilhasonora\/wp-content\/uploads\/sites\/39\/2021\/11\/01-Mariana-Aydar.-Foto-Guilherme-Nabhan-550x311.jpg 550w, https:\/\/blogs.correiobraziliense.com.br\/trilhasonora\/wp-content\/uploads\/sites\/39\/2021\/11\/01-Mariana-Aydar.-Foto-Guilherme-Nabhan-230x130.jpg 230w\" sizes=\"auto, (max-width: 800px) 100vw, 800px\" \/><figcaption id=\"caption-attachment-1960\" class=\"wp-caption-text\">Guilherme Nabhan\/Divulga\u00e7\u00e3o<\/figcaption><\/figure>\n<p><strong>Concerto de Gaitas &#8212;<\/strong> O Festival Revolu\u00e7\u00e3o e Rock \u2013 FERROCK seguir\u00e1 com programa\u00e7\u00e3o intensa da 36\u00aa edi\u00e7\u00e3o. Neste s\u00e1bado, a partir das 19h, ocorrer\u00e1 o Concerto de Gaitas, com a participa\u00e7\u00e3o de Paulo Chapa, Yan Amaral Engelke, Cisso Cerqueira e Ricardo Serpa, vai levar a pluralidade musical para o tradicional festival. Diante das restri\u00e7\u00f5es impostas pela pandemia, o evento ter\u00e1 transmiss\u00e3o on-line, gratuita,via YouTube e Facebook.<\/p>\n<p><img loading=\"lazy\" decoding=\"async\" class=\"aligncenter size-full wp-image-1961\" src=\"https:\/\/blogs.correiobraziliense.com.br\/trilhasonora\/wp-content\/uploads\/sites\/39\/2021\/11\/Ferrock-Concerto-de-Gaitas-Ricardo-Serpa.jpeg\" alt=\"\" width=\"800\" height=\"486\" srcset=\"https:\/\/blogs.correiobraziliense.com.br\/trilhasonora\/wp-content\/uploads\/sites\/39\/2021\/11\/Ferrock-Concerto-de-Gaitas-Ricardo-Serpa.jpeg 800w, https:\/\/blogs.correiobraziliense.com.br\/trilhasonora\/wp-content\/uploads\/sites\/39\/2021\/11\/Ferrock-Concerto-de-Gaitas-Ricardo-Serpa-300x182.jpeg 300w, https:\/\/blogs.correiobraziliense.com.br\/trilhasonora\/wp-content\/uploads\/sites\/39\/2021\/11\/Ferrock-Concerto-de-Gaitas-Ricardo-Serpa-768x467.jpeg 768w, https:\/\/blogs.correiobraziliense.com.br\/trilhasonora\/wp-content\/uploads\/sites\/39\/2021\/11\/Ferrock-Concerto-de-Gaitas-Ricardo-Serpa-550x334.jpeg 550w, https:\/\/blogs.correiobraziliense.com.br\/trilhasonora\/wp-content\/uploads\/sites\/39\/2021\/11\/Ferrock-Concerto-de-Gaitas-Ricardo-Serpa-230x140.jpeg 230w\" sizes=\"auto, (max-width: 800px) 100vw, 800px\" \/><\/p>\n<p><strong>Vit\u00e3o &#8212;<\/strong> Inaugurado h\u00e1 pouco mais de dois meses, a Casa Maaya, localizada \u00e0s margens do Lago Parano\u00e1, receber\u00e1 neste domingo (14), \u00e0s 16h, o cantor e m\u00fasico Vit\u00e3o. Com cinco anos de carreira, ele transita por g\u00eaneros como R&amp;B, pop, samba, pagode e bossa nova e j\u00e1 emplacou v\u00e1rios hits, entre os quais <em>Caf\u00e9<\/em>, <em>Te namorei<\/em> e <em>Complicado<\/em>. Neste, divide os vocais com Anitta. Os ingressos custam a partir de R$ 160 (inteira). Clientes BRB t\u00eam desconto de 55% no ingresso. A venda \u00e9 pelo <a href=\"http:\/\/www.sympla.com.br\">www.sympla.com.br<\/a>.<\/p>\n<p><iframe loading=\"lazy\" title=\"Vit\u00e3o - Caf\u00e9\" width=\"1440\" height=\"810\" src=\"https:\/\/www.youtube.com\/embed\/qIOC6-jClWc?feature=oembed\" frameborder=\"0\" allow=\"accelerometer; autoplay; clipboard-write; encrypted-media; gyroscope; picture-in-picture; web-share\" referrerpolicy=\"strict-origin-when-cross-origin\" allowfullscreen><\/iframe><\/p>\n","protected":false},"excerpt":{"rendered":"<p>Shows de Kadu Lambach e Vit\u00e3o s\u00e3o destaques em shows presenciais<\/p>\n","protected":false},"author":84,"featured_media":1958,"comment_status":"open","ping_status":"open","sticky":false,"template":"","format":"standard","meta":{"footnotes":""},"categories":[113],"tags":[],"class_list":["post-1957","post","type-post","status-publish","format-standard","has-post-thumbnail","hentry","category-materia"],"_links":{"self":[{"href":"https:\/\/blogs.correiobraziliense.com.br\/trilhasonora\/wp-json\/wp\/v2\/posts\/1957","targetHints":{"allow":["GET"]}}],"collection":[{"href":"https:\/\/blogs.correiobraziliense.com.br\/trilhasonora\/wp-json\/wp\/v2\/posts"}],"about":[{"href":"https:\/\/blogs.correiobraziliense.com.br\/trilhasonora\/wp-json\/wp\/v2\/types\/post"}],"author":[{"embeddable":true,"href":"https:\/\/blogs.correiobraziliense.com.br\/trilhasonora\/wp-json\/wp\/v2\/users\/84"}],"replies":[{"embeddable":true,"href":"https:\/\/blogs.correiobraziliense.com.br\/trilhasonora\/wp-json\/wp\/v2\/comments?post=1957"}],"version-history":[{"count":2,"href":"https:\/\/blogs.correiobraziliense.com.br\/trilhasonora\/wp-json\/wp\/v2\/posts\/1957\/revisions"}],"predecessor-version":[{"id":1964,"href":"https:\/\/blogs.correiobraziliense.com.br\/trilhasonora\/wp-json\/wp\/v2\/posts\/1957\/revisions\/1964"}],"wp:featuredmedia":[{"embeddable":true,"href":"https:\/\/blogs.correiobraziliense.com.br\/trilhasonora\/wp-json\/wp\/v2\/media\/1958"}],"wp:attachment":[{"href":"https:\/\/blogs.correiobraziliense.com.br\/trilhasonora\/wp-json\/wp\/v2\/media?parent=1957"}],"wp:term":[{"taxonomy":"category","embeddable":true,"href":"https:\/\/blogs.correiobraziliense.com.br\/trilhasonora\/wp-json\/wp\/v2\/categories?post=1957"},{"taxonomy":"post_tag","embeddable":true,"href":"https:\/\/blogs.correiobraziliense.com.br\/trilhasonora\/wp-json\/wp\/v2\/tags?post=1957"}],"curies":[{"name":"wp","href":"https:\/\/api.w.org\/{rel}","templated":true}]}}